{"id":34167,"date":"2022-09-11T20:33:35","date_gmt":"2022-09-12T00:33:35","guid":{"rendered":"http:\/\/blogdalucianaoliveira.com.br\/blog\/?p=34167"},"modified":"2022-09-11T20:33:38","modified_gmt":"2022-09-12T00:33:38","slug":"imbrochavel-ha-70-anos-filosofo-viu-vinculo-erotico-na-extrema-direita","status":"publish","type":"post","link":"http:\/\/blogdalucianaoliveira.com.br\/blog\/2022\/09\/11\/imbrochavel-ha-70-anos-filosofo-viu-vinculo-erotico-na-extrema-direita\/","title":{"rendered":"&#8216;Imbroch\u00e1vel&#8217;: H\u00e1 70 anos, fil\u00f3sofo viu v\u00ednculo er\u00f3tico na extrema direita"},"content":{"rendered":"\n<figure class=\"wp-block-image size-large\"><img data-recalc-dims=\"1\" loading=\"lazy\" decoding=\"async\" width=\"600\" height=\"362\" data-attachment-id=\"34168\" data-permalink=\"http:\/\/blogdalucianaoliveira.com.br\/blog\/2022\/09\/11\/imbrochavel-ha-70-anos-filosofo-viu-vinculo-erotico-na-extrema-direita\/446b7e5b-e0aa-4ff0-8678-af8481f0f497\/\" data-orig-file=\"https:\/\/i0.wp.com\/blogdalucianaoliveira.com.br\/blog\/wp-content\/uploads\/2022\/09\/446B7E5B-E0AA-4FF0-8678-AF8481F0F497.jpeg?fit=838%2C506\" data-orig-size=\"838,506\" data-comments-opened=\"0\" data-image-meta=\"{&quot;aperture&quot;:&quot;0&quot;,&quot;credit&quot;:&quot;&quot;,&quot;camera&quot;:&quot;&quot;,&quot;caption&quot;:&quot;&quot;,&quot;created_timestamp&quot;:&quot;0&quot;,&quot;copyright&quot;:&quot;&quot;,&quot;focal_length&quot;:&quot;0&quot;,&quot;iso&quot;:&quot;0&quot;,&quot;shutter_speed&quot;:&quot;0&quot;,&quot;title&quot;:&quot;&quot;,&quot;orientation&quot;:&quot;1&quot;}\" data-image-title=\"446B7E5B-E0AA-4FF0-8678-AF8481F0F497\" data-image-description=\"\" data-image-caption=\"\" data-medium-file=\"https:\/\/i0.wp.com\/blogdalucianaoliveira.com.br\/blog\/wp-content\/uploads\/2022\/09\/446B7E5B-E0AA-4FF0-8678-AF8481F0F497.jpeg?fit=300%2C181\" data-large-file=\"https:\/\/i0.wp.com\/blogdalucianaoliveira.com.br\/blog\/wp-content\/uploads\/2022\/09\/446B7E5B-E0AA-4FF0-8678-AF8481F0F497.jpeg?fit=600%2C362\" src=\"https:\/\/i0.wp.com\/blogdalucianaoliveira.com.br\/blog\/wp-content\/uploads\/2022\/09\/446B7E5B-E0AA-4FF0-8678-AF8481F0F497.jpeg?resize=600%2C362\" alt=\"\" class=\"wp-image-34168\" srcset=\"https:\/\/i0.wp.com\/blogdalucianaoliveira.com.br\/blog\/wp-content\/uploads\/2022\/09\/446B7E5B-E0AA-4FF0-8678-AF8481F0F497.jpeg?w=838 838w, https:\/\/i0.wp.com\/blogdalucianaoliveira.com.br\/blog\/wp-content\/uploads\/2022\/09\/446B7E5B-E0AA-4FF0-8678-AF8481F0F497.jpeg?resize=300%2C181 300w, https:\/\/i0.wp.com\/blogdalucianaoliveira.com.br\/blog\/wp-content\/uploads\/2022\/09\/446B7E5B-E0AA-4FF0-8678-AF8481F0F497.jpeg?resize=768%2C464 768w, https:\/\/i0.wp.com\/blogdalucianaoliveira.com.br\/blog\/wp-content\/uploads\/2022\/09\/446B7E5B-E0AA-4FF0-8678-AF8481F0F497.jpeg?resize=497%2C300 497w\" sizes=\"auto, (max-width: 600px) 100vw, 600px\" \/><\/figure>\n\n\n\n<p><strong>UOL, por Rafael Burgos <\/strong>&#8211; No \u00faltimo 7 de Setembro, o presidente Jair Bolsonaro promoveu um de seus com\u00edcios, transformando o feriado nacional de Independ\u00eancia em mais um palco para seus crimes, ao utilizar a m\u00e1quina p\u00fablica em benef\u00edcio pessoal. Na ocasi\u00e3o, Bolsonaro aproveitou a oportunidade para desfilar falas sexistas contra a esposa do ex-presidente Lula e repetir o grito de &#8220;<a href=\"https:\/\/noticias.uol.com.br\/eleicoes\/2022\/09\/07\/bolsonaro-puxa-coro-de-imbroxavel-e-compara-mulheres-michelle-e-princesa.htm\">imbroch\u00e1vel<\/a><\/p>\n\n\n\n<!--more-->\n\n\n\n<p><a href=\"https:\/\/www.uol.com.br\/vivabem\/noticias\/bbc\/2022\/09\/07\/imbrochavel-discurso-hipersexualizado-de-bolsonaro-e-tipico-da-masculinidade-fragil-diz-psicanalista.htm\">Essa n\u00e3o foi a primeira vez em que o presidente utiliza o termo<\/a>, o qual tem sido trabalhado desde sua campanha em 2018. O uso de imagens de cunho sexual e a men\u00e7\u00e3o a \u00f3rg\u00e3os genitais s\u00e3o uma frequ\u00eancia quando se trata de Bolsonaro, que chegou a&nbsp;<a href=\"https:\/\/noticias.uol.com.br\/colunas\/balaio-do-kotscho\/2020\/09\/11\/bolsonaro-viola-estatuto-da-crianca-em-live-com-youtuber-de-10-anos.htm\">fazer piada de teor sexual com uma crian\u00e7a de 10 anos<\/a>&nbsp;em live transmitida no dia 10 de setembro de 2020 \u2014 o que \u00e9 crime segundo o Estatuto da Crian\u00e7a e do Adolescente (ECA).<\/p>\n\n\n\n<p>Como explicar que um presidente com discurso fortemente ancorado na &#8216;defesa da fam\u00edlia&#8217; tenha sido, ele mesmo, o chefe de Estado brasileiro que, em toda a hist\u00f3ria, mais se apropriou de discursos sexualizados e de forte teor libidinal?<\/p>\n\n\n\n<p>Um estudo cl\u00e1ssico do fil\u00f3sofo Theodor Adorno talvez tenha a resposta. Publicado em 1951, com o t\u00edtulo de &#8216;A teoria freudiana e o padr\u00e3o da propaganda fascista&#8217;, o artigo tornou-se uma refer\u00eancia para aqueles que buscam compreender o regime de afetos predominante nos movimentos fascistas.<\/p>\n\n\n\n<p>O que distingue a propaganda do tipo fascista, segundo Adorno, \u00e9 que ela &#8220;deve mobilizar processos irracionais inconscientes e regressivos&#8221;. A partir da leitura de Freud, o fil\u00f3sofo alem\u00e3o conclui que, nas massas fascistas, predomina um tipo de irracionalidade &#8220;n\u00e3o baseada em percep\u00e7\u00f5es e racioc\u00ednios, mas em um v\u00ednculo er\u00f3tico&#8221;.<\/p>\n\n\n\n<p>Ao fazer parte de uma coletividade do tipo fascista \u2014 tornando-se uma massa \u2014, os indiv\u00edduos abrem m\u00e3o de suas subjetividades, permitindo que fantasias inconscientes tomem forma. Segundo Freud, os v\u00ednculos de tipo grupais s\u00e3o bastante compat\u00edveis com o amor de natureza homossexual, o que parece explicar o alto grau de excita\u00e7\u00e3o provocado pelo coro bolsonarista &#8220;imbroch\u00e1vel&#8221;.<\/p>\n\n\n\n<p>Sob o fascismo, ao estabelecer uma identifica\u00e7\u00e3o narc\u00edsica com o l\u00edder, o sujeito transfere a ele todos os seus investimentos libidinais, de modo que &#8220;ao fazer do l\u00edder seu ideal, o sujeito ama a si mesmo, por assim dizer, mas se livra das manchas de frustra\u00e7\u00e3o e descontentamento que estragam a imagem que tem de seu pr\u00f3prio eu emp\u00edrico&#8221;.<\/p>\n\n\n\n<p>Isto quer dizer que, ao entoar a sua pretensa virilidade diante de apoiadores, o presidente Bolsonaro encenava, ali mesmo, o processo narc\u00edsico pr\u00f3prio ao fascismo: voc\u00eas s\u00e3o viris porque eu sou.<\/p>\n\n\n\n<p>Como bem destacado por Adorno, para dar corpo a essa fantasia narc\u00edsica dos seguidores, um dos artif\u00edcios utilizados por esse tipo de lideran\u00e7a \u00e9 a personifica\u00e7\u00e3o do &#8216;pequeno-grande homem&#8217; \u2014 pequeno em sua simplicidade tal qual o cidad\u00e3o comum, grande em seus dotes sobrehumanos, como sustenta Bolsonaro, um homem de 67 anos, acerca de sua pot\u00eancia sexual.<\/p>\n\n\n\n<h2 class=\"wp-block-heading\">A pandemia e as fantasias de Bolsonaro<\/h2>\n\n\n\n<p>A fantasia de super-homem bolsonarista j\u00e1 havia sido vestida, devemos lembrar, no famoso discurso da &#8216;<a href=\"https:\/\/noticias.uol.com.br\/colunas\/coluna-entendendo-bolsonaro\/2021\/03\/24\/1-ano-depois-teses-do-discurso-da-gripezinha-prosperam-junto-a-bolsonaro.htm\">gripezinha<\/a>&#8216;, em que o presidente alegou estar imune \u00e0 covid em raz\u00e3o do suposto hist\u00f3rico de atleta.&nbsp;<a href=\"https:\/\/entendendobolsonaro.blogosfera.uol.com.br\/2020\/03\/26\/fantasias-autoritarias-filosofo-de-yale-analisa-discurso-de-bolsonaro\/\">Como dito nesta coluna pelo pesquisador Jason Stanley<\/a>, autor de um best-seller sobre o fascismo, naquele pronunciamento Bolsonaro alegou que o Brasil sobreviveria \u00e0 pandemia, n\u00e3o em raz\u00e3o de medidas sanit\u00e1rias, mas de atributos masculinos como a juventude e a virilidade.<\/p>\n\n\n\n<p>N\u00e3o poder\u00edamos esquecer de mencionar, ainda, como em outro discurso famoso, o do &#8216;<a href=\"https:\/\/www.youtube.com\/watch?v=lBCXkVOEH-8\">jacar\u00e9<\/a>&#8216;, que marcou um de seus surtos contra vacinas, Bolsonaro se disse preocupado com dois poss\u00edveis efeitos colaterais dos imunizantes: &#8220;nascer barba em alguma mulher ou algum homem come\u00e7ar a falar fino&#8221;. Isso deixa bem claro como sua rejei\u00e7\u00e3o \u00e0s vacinas guarda forte rela\u00e7\u00e3o com paranoias de cunho sexual.<\/p>\n\n\n\n<h2 class=\"wp-block-heading\">Ordem e repress\u00e3o?<\/h2>\n\n\n\n<p>\u00c9 lugar comum associar movimentos de extrema direita ou autodenominados &#8216;conservadores&#8217; a figuras da repress\u00e3o ou da conten\u00e7\u00e3o sexual, como sugerem os seus discursos, de forte carga moral e desejo de controle dos corpos alheios. Mas, como mostram estudiosos do fascismo, essa paranoia repressiva esconde um desejo inconsciente de libera\u00e7\u00e3o sexual, manifestado, como dissemos, em incont\u00e1veis passagens do presidente brasileiro ao longo do seu mandato.<\/p>\n\n\n\n<p>Em seu estudo sobre os&nbsp;<em>Freikorps<\/em>, grupos paramilitares que serviram de escada \u00e0 ascens\u00e3o do nazismo alem\u00e3o, o soci\u00f3logo Klaus Theweleit investiga a viol\u00eancia nazista a partir das fantasias dos integrantes da mil\u00edcia, todos eles unidos sob uma forte fraternidade masculina e \u00f3dio \u00e0 figura do feminino \u2014 forma de misoginia que, em \u00faltima inst\u00e2ncia, privilegia o la\u00e7o homoafetivo entre homens.<\/p>\n\n\n\n<p>Segundo o historiador da Alemanha Geoffrey Giles, que&nbsp;<a href=\"https:\/\/www.jstor.org\/stable\/3704558\">investigou casos de homoafetividade na pol\u00edcia nazista<\/a>, &#8220;n\u00e3o era f\u00e1cil distinguir o la\u00e7o entre homens que os nazistas incentivaram vigorosamente em nome da camaradagem, e deve ter havido milh\u00f5es de jovens alem\u00e3es que n\u00e3o tinham uma ideia bem definida sobre essa diferen\u00e7a&#8221;.<\/p>\n\n\n\n<p>Na mesma linha, em ensaio sobre a est\u00e9tica nazifascista, a escritora Susan Sontag observa como essa simbologia tornou-se, com o tempo, objeto de m\u00faltiplas representa\u00e7\u00f5es er\u00f3ticas, como no caso de suas botas, cruzes de ferro, su\u00e1sticas e motocicletas \u2014 as mesmas utilizadas por Bolsonaro em passeios&nbsp;<a href=\"https:\/\/noticias.uol.com.br\/colunas\/coluna-entendendo-bolsonaro\/2022\/08\/06\/motociatas-simbolizam-a-inepcia-e-o-carater-fascista-do-bolsonarismo.htm\">junto a apoiadores<\/a>.<\/p>\n\n\n\n<p>&#8220;Por que a Alemanha nazista, que foi uma sociedade repressiva do sexo, se tornou er\u00f3tica? Como pode um regime que perseguiu homossexuais ter se convertido num est\u00edmulo sexual gay?&#8221;, pergunta Sontag.<\/p>\n\n\n\n<p>A resposta, segundo a pr\u00f3pria autora, e na linha do que pontuou Adorno, est\u00e1 na &#8216;superf\u00edcie er\u00f3tica&#8217; dos movimentos de direita supostamente repressivos. \u00c0 diferen\u00e7a da &#8216;castidade&#8217; da arte comunista, segundo Sontag, a est\u00e9tica fascista \u00e9 lasciva e adepta de um erotismo ideal. &#8220;O ideal fascista \u00e9 transformar a energia sexual em uma for\u00e7a &#8216;espiritual&#8217; em benef\u00edcio da comunidade&#8221;, diz a escritora.<\/p>\n\n\n\n<h2 class=\"wp-block-heading\">O bolsonarismo como est\u00e9tica pol\u00edtica<\/h2>\n\n\n\n<p>Como apontou o cientista pol\u00edtico Jairo Nicolau em seu detalhado mapa das elei\u00e7\u00f5es de 2018, presente no livro &#8220;O Brasil dobrou \u00e0 direita&#8221;, a elei\u00e7\u00e3o de Jair Bolsonaro representou o primeiro pleito presidencial brasileiro em que o fator g\u00eanero tornou-se um marcador de votos. Isso quer dizer que, em elei\u00e7\u00f5es anteriores, n\u00e3o havia um padr\u00e3o relevante nos votos de homens e mulheres da forma que acontece, historicamente, quando olhamos marcadores de renda e escolaridade, por exemplo.<\/p>\n\n\n\n<p>&#8220;A assimetria nos votos de homens e mulheres \u00e9 uma singularidade da disputa de 2018. Desde as elei\u00e7\u00f5es de 1989 todos os candidatos competitivos \u00e0 presid\u00eancia obtiveram n\u00edveis de apoio semelhantes entre os dois g\u00eaneros. Isso aconteceu mesmo quando havia mulheres concorrendo. Marina Silva (2010, 2014 e 2018) e Dilma Rousseff (2010 e 2014) tiveram um percentual de apoio similar entre homens e mulheres&#8221;, observa Nicolau.<\/p>\n\n\n\n<p>Desde ent\u00e3o, o bolsonarismo tem conseguido transformar o fator g\u00eanero numa importante ferramenta de transfer\u00eancia de votos,&nbsp;<a href=\"https:\/\/www1.folha.uol.com.br\/poder\/2022\/09\/datafolha-veja-a-evolucao-de-lula-e-bolsonaro-entre-homens-e-mulheres.shtml\">o que se refletiu em uma popularidade consistentemente superior entre homens do que com mulheres<\/a>&nbsp;ao longo dos quatro anos de mandato.<\/p>\n\n\n\n<p>Das motociatas, passando pelo 7 de Setembro com as ruas em verde-amarelo at\u00e9 a tenta\u00e7\u00e3o por armas de fogo e os discursos sexualizados, tudo isso aponta no mesmo sentido: para al\u00e9m de um movimento ideol\u00f3gico, o bolsonarismo hoje comporta-se muito mais como uma est\u00e9tica pol\u00edtica, de modo que bradar sobre seu desempenho sexual, assim como&nbsp;<a href=\"https:\/\/www.uol.com.br\/universa\/noticias\/redacao\/2022\/09\/07\/procure-uma-princesa-bolsonaro-faz-discurso-e-da-beijo-em-michelle.htm\">comparar a apar\u00eancia da primeira-dama com a esposa do seu advers\u00e1rio Lula<\/a>&nbsp;\u2014 os dois principais momentos do ato da \u00faltima quarta \u2014 tornaram-se mais importantes para mobilizar as massas do que promessas de natureza social e econ\u00f4mica.<\/p>\n\n\n\n<p>Sim, a guerra cultural bolsonarista est\u00e1 viva como nunca, mas se engana quem pensa que ela se baseia na defesa de valores. A disputa de outubro ser\u00e1, fundamentalmente, travada no campo est\u00e9tico, arena na qual o presidente se sente \u00e0 vontade para performar modos de ser e de sentir, buscando inspirar aqueles que clamam por um Brasil mais &#8216;vigoroso e potente&#8217; \u2014 em outras palavras, um Brasil masculino.<\/p>\n\n\n\n<p><strong>* Rafael Burgos&nbsp;<\/strong><em>\u00e9 jornalista e mestrando em Comunica\u00e7\u00e3o e Semi\u00f3tica pela PUC-SP. \u00c9 editor da coluna Entendendo Bolsonaro.<\/em><\/p>\n","protected":false},"excerpt":{"rendered":"<p>UOL, por Rafael Burgos &#8211; No \u00faltimo 7 de Setembro, o presidente Jair Bolsonaro promoveu um de seus com\u00edcios, transformando o feriado nacional de Independ\u00eancia em mais um palco para seus crimes, ao utilizar a m\u00e1quina p\u00fablica em benef\u00edcio pessoal. Na ocasi\u00e3o, Bolsonaro aproveitou a oportunidade para desfilar falas sexistas contra a esposa do ex-presidente&#8230;<a class=\"more-link\" href=\"http:\/\/blogdalucianaoliveira.com.br\/blog\/2022\/09\/11\/imbrochavel-ha-70-anos-filosofo-viu-vinculo-erotico-na-extrema-direita\/\">Continue a leitura <span class=\"meta-nav\">&raquo;<\/span><\/a><\/p>\n","protected":false},"author":1,"featured_media":0,"comment_status":"closed","ping_status":"open","sticky":false,"template":"","format":"standard","meta":{"_exactmetrics_skip_tracking":false,"_exactmetrics_sitenote_active":false,"_exactmetrics_sitenote_note":"","_exactmetrics_sitenote_category":0,"jetpack_post_was_ever_published":false,"_jetpack_newsletter_access":"","_jetpack_dont_email_post_to_subs":false,"_jetpack_newsletter_tier_id":0,"_jetpack_memberships_contains_paywalled_content":false,"_jetpack_memberships_contains_paid_content":false,"footnotes":"","jetpack_publicize_message":"","jetpack_publicize_feature_enabled":true,"jetpack_social_post_already_shared":true,"jetpack_social_options":{"image_generator_settings":{"template":"highway","enabled":false},"version":2}},"categories":[1],"tags":[],"class_list":["post-34167","post","type-post","status-publish","format-standard","hentry","category-notas"],"jetpack_publicize_connections":[],"jetpack_sharing_enabled":true,"jetpack_featured_media_url":"","jetpack_shortlink":"https:\/\/wp.me\/p7wKYW-8T5","jetpack-related-posts":[],"_links":{"self":[{"href":"http:\/\/blogdalucianaoliveira.com.br\/blog\/wp-json\/wp\/v2\/posts\/34167","targetHints":{"allow":["GET"]}}],"collection":[{"href":"http:\/\/blogdalucianaoliveira.com.br\/blog\/wp-json\/wp\/v2\/posts"}],"about":[{"href":"http:\/\/blogdalucianaoliveira.com.br\/blog\/wp-json\/wp\/v2\/types\/post"}],"author":[{"embeddable":true,"href":"http:\/\/blogdalucianaoliveira.com.br\/blog\/wp-json\/wp\/v2\/users\/1"}],"replies":[{"embeddable":true,"href":"http:\/\/blogdalucianaoliveira.com.br\/blog\/wp-json\/wp\/v2\/comments?post=34167"}],"version-history":[{"count":1,"href":"http:\/\/blogdalucianaoliveira.com.br\/blog\/wp-json\/wp\/v2\/posts\/34167\/revisions"}],"predecessor-version":[{"id":34169,"href":"http:\/\/blogdalucianaoliveira.com.br\/blog\/wp-json\/wp\/v2\/posts\/34167\/revisions\/34169"}],"wp:attachment":[{"href":"http:\/\/blogdalucianaoliveira.com.br\/blog\/wp-json\/wp\/v2\/media?parent=34167"}],"wp:term":[{"taxonomy":"category","embeddable":true,"href":"http:\/\/blogdalucianaoliveira.com.br\/blog\/wp-json\/wp\/v2\/categories?post=34167"},{"taxonomy":"post_tag","embeddable":true,"href":"http:\/\/blogdalucianaoliveira.com.br\/blog\/wp-json\/wp\/v2\/tags?post=34167"}],"curies":[{"name":"wp","href":"https:\/\/api.w.org\/{rel}","templated":true}]}}