{"id":34170,"date":"2022-09-13T16:17:56","date_gmt":"2022-09-13T20:17:56","guid":{"rendered":"http:\/\/blogdalucianaoliveira.com.br\/blog\/?p=34170"},"modified":"2022-09-13T16:18:03","modified_gmt":"2022-09-13T20:18:03","slug":"uniao-europeia-aprova-uso-de-sancoes-contra-o-brasil-por-conta-da-devastacao-ambiental-do-governo-bolsonaro","status":"publish","type":"post","link":"http:\/\/blogdalucianaoliveira.com.br\/blog\/2022\/09\/13\/uniao-europeia-aprova-uso-de-sancoes-contra-o-brasil-por-conta-da-devastacao-ambiental-do-governo-bolsonaro\/","title":{"rendered":"Uni\u00e3o Europeia aprova uso de san\u00e7\u00f5es contra o Brasil por conta da devasta\u00e7\u00e3o ambiental do governo Bolsonaro"},"content":{"rendered":"\n<figure class=\"wp-block-image size-large\"><img loading=\"lazy\" decoding=\"async\" width=\"1250\" height=\"600\" data-attachment-id=\"34171\" data-permalink=\"http:\/\/blogdalucianaoliveira.com.br\/blog\/2022\/09\/13\/uniao-europeia-aprova-uso-de-sancoes-contra-o-brasil-por-conta-da-devastacao-ambiental-do-governo-bolsonaro\/5d345d95-0ce7-469d-b5d7-b9f53fa16a13\/\" data-orig-file=\"https:\/\/i0.wp.com\/blogdalucianaoliveira.com.br\/blog\/wp-content\/uploads\/2022\/09\/5D345D95-0CE7-469D-B5D7-B9F53FA16A13.jpeg?fit=1250%2C600\" data-orig-size=\"1250,600\" data-comments-opened=\"0\" data-image-meta=\"{&quot;aperture&quot;:&quot;0&quot;,&quot;credit&quot;:&quot;&quot;,&quot;camera&quot;:&quot;&quot;,&quot;caption&quot;:&quot;&quot;,&quot;created_timestamp&quot;:&quot;0&quot;,&quot;copyright&quot;:&quot;&quot;,&quot;focal_length&quot;:&quot;0&quot;,&quot;iso&quot;:&quot;0&quot;,&quot;shutter_speed&quot;:&quot;0&quot;,&quot;title&quot;:&quot;&quot;,&quot;orientation&quot;:&quot;0&quot;}\" data-image-title=\"5D345D95-0CE7-469D-B5D7-B9F53FA16A13\" data-image-description=\"\" data-image-caption=\"\" data-medium-file=\"https:\/\/i0.wp.com\/blogdalucianaoliveira.com.br\/blog\/wp-content\/uploads\/2022\/09\/5D345D95-0CE7-469D-B5D7-B9F53FA16A13.jpeg?fit=300%2C144\" data-large-file=\"https:\/\/i0.wp.com\/blogdalucianaoliveira.com.br\/blog\/wp-content\/uploads\/2022\/09\/5D345D95-0CE7-469D-B5D7-B9F53FA16A13.jpeg?fit=600%2C288\" src=\"https:\/\/i1.wp.com\/blogdalucianaoliveira.com.br\/blog\/wp-content\/uploads\/2022\/09\/5D345D95-0CE7-469D-B5D7-B9F53FA16A13.jpeg?fit=600%2C288\" alt=\"\" class=\"wp-image-34171\" srcset=\"https:\/\/i0.wp.com\/blogdalucianaoliveira.com.br\/blog\/wp-content\/uploads\/2022\/09\/5D345D95-0CE7-469D-B5D7-B9F53FA16A13.jpeg?w=1250 1250w, https:\/\/i0.wp.com\/blogdalucianaoliveira.com.br\/blog\/wp-content\/uploads\/2022\/09\/5D345D95-0CE7-469D-B5D7-B9F53FA16A13.jpeg?resize=300%2C144 300w, https:\/\/i0.wp.com\/blogdalucianaoliveira.com.br\/blog\/wp-content\/uploads\/2022\/09\/5D345D95-0CE7-469D-B5D7-B9F53FA16A13.jpeg?resize=1024%2C492 1024w, https:\/\/i0.wp.com\/blogdalucianaoliveira.com.br\/blog\/wp-content\/uploads\/2022\/09\/5D345D95-0CE7-469D-B5D7-B9F53FA16A13.jpeg?resize=768%2C369 768w, https:\/\/i0.wp.com\/blogdalucianaoliveira.com.br\/blog\/wp-content\/uploads\/2022\/09\/5D345D95-0CE7-469D-B5D7-B9F53FA16A13.jpeg?resize=625%2C300 625w, https:\/\/i0.wp.com\/blogdalucianaoliveira.com.br\/blog\/wp-content\/uploads\/2022\/09\/5D345D95-0CE7-469D-B5D7-B9F53FA16A13.jpeg?w=1200 1200w\" sizes=\"auto, (max-width: 600px) 100vw, 600px\" \/><\/figure>\n\n\n\n<p>Legisla\u00e7\u00e3o que prev\u00ea o uso de san\u00e7\u00f5es contra o Brasil por conta do desmatamento foi aprovada com 453 votos de apoio, ante 57 contra e 123 absten\u00e7\u00f5es.<\/p>\n\n\n\n<!--more-->\n\n\n\n<p><strong>247 &#8211;\u00a0<\/strong>O Parlamento Europeu imp\u00f4s uma dura derrota diplom\u00e1tica ao governo Jair Bolsonaro (PL) ao aprovar, pela primeira vez, uma resolu\u00e7\u00e3o que estabelece uma s\u00e9rie de san\u00e7\u00f5es contra o Brasil por conta do avan\u00e7o do desmatamento no pa\u00eds. \u201cA proposta prev\u00ea que empresas europeias garantam que o abastecimento de carne, soja, cacau e outros produtos n\u00e3o ocorra de uma forma que desmate florestas\u201d, destaca a coluna de\u00a0<a href=\"https:\/\/noticias.uol.com.br\/colunas\/jamil-chade\/2022\/09\/13\/em-derrota-diplomatica-para-o-brasil-europa-aprova-sancoes-ambientais.htm\">Jamil Chade<\/a>, no UOL. A nova lei foi aprovada com 453 votos de apoio, ante 57 contra e 123 absten\u00e7\u00f5es.<\/p>\n\n\n\n<p>Apesar do projeto precisar ser aprovado por cada um dos 27 pa\u00edses membros da Uni\u00e3o Europeia, o &#8220;passo no Parlamento foi considerado como hist\u00f3rico\u201d. \u201cA lei dos europeus \u00e9 de impedir o que chamam de &#8216;importa\u00e7\u00e3o do desmatamento&#8217;. Na pr\u00e1tica, o que querem \u00e9 elevar barreiras a produtos agr\u00edcolas que tenham sido cultivados em locais recentemente desmatados. Ou seja: se ficar provado que a soja exportada pelo Brasil foi respons\u00e1vel pelo desmatamento, a UE poder\u00e1 ampliar as tarifas cobradas contra os produtos nacionais\u201d, observa Chade no texto.\u00a0<br><\/p>\n\n\n\n<p>Ainda segundo ele, \u201ca aprova\u00e7\u00e3o no Parlamento \u00e9 tamb\u00e9m considerada como uma constata\u00e7\u00e3o do fracasso da diplomacia de Bolsonaro, tanto no que se refere aos temas ambientais como no que toca \u00e0 capacidade do governo de negociar os interesses comerciais brasileiros no exterior\u201d.<\/p>\n\n\n\n<p>O governo Bolsonaro liderou um grupo de pa\u00edses emergentes para tentar impedir que a Europa aplique medidas protecionistas alegando que \u201ctais barreiras podem violar os tratados internacionais\u201d, al\u00e9m de \u201caprofundar a pobreza, sem efeitos para a conserva\u00e7\u00e3o da floresta. O grupo ainda alerta que a proposta poderia violar os acordos comerciais da OMC [Organiza\u00e7\u00e3o Mundial do Com\u00e9rcio]\u201d.\u00a0<br><\/p>\n\n\n\n<p>O documento foi assinado pelos os embaixadores da Argentina, Col\u00f4mbia, Gana, Guatemala, Costa do Marfim, Nig\u00e9ria, Paraguai, Peru, Honduras, Bol\u00edvia, Equador e Mal\u00e1sia, al\u00e9m do Brasil e da Indon\u00e9sia.<\/p>\n","protected":false},"excerpt":{"rendered":"<p>Legisla\u00e7\u00e3o que prev\u00ea o uso de san\u00e7\u00f5es contra o Brasil por conta do desmatamento foi aprovada com 453 votos de apoio, ante 57 contra e 123 absten\u00e7\u00f5es.<\/p>\n","protected":false},"author":1,"featured_media":0,"comment_status":"closed","ping_status":"open","sticky":false,"template":"","format":"standard","meta":{"_exactmetrics_skip_tracking":false,"_exactmetrics_sitenote_active":false,"_exactmetrics_sitenote_note":"","_exactmetrics_sitenote_category":0,"jetpack_post_was_ever_published":false,"_jetpack_newsletter_access":"","_jetpack_dont_email_post_to_subs":false,"_jetpack_newsletter_tier_id":0,"_jetpack_memberships_contains_paywalled_content":false,"_jetpack_memberships_contains_paid_content":false,"footnotes":"","jetpack_publicize_message":"","jetpack_publicize_feature_enabled":true,"jetpack_social_post_already_shared":true,"jetpack_social_options":{"image_generator_settings":{"template":"highway","enabled":false},"version":2}},"categories":[1],"tags":[],"class_list":["post-34170","post","type-post","status-publish","format-standard","hentry","category-notas"],"jetpack_publicize_connections":[],"jetpack_sharing_enabled":true,"jetpack_featured_media_url":"","jetpack_shortlink":"https:\/\/wp.me\/p7wKYW-8T8","jetpack-related-posts":[],"_links":{"self":[{"href":"http:\/\/blogdalucianaoliveira.com.br\/blog\/wp-json\/wp\/v2\/posts\/34170","targetHints":{"allow":["GET"]}}],"collection":[{"href":"http:\/\/blogdalucianaoliveira.com.br\/blog\/wp-json\/wp\/v2\/posts"}],"about":[{"href":"http:\/\/blogdalucianaoliveira.com.br\/blog\/wp-json\/wp\/v2\/types\/post"}],"author":[{"embeddable":true,"href":"http:\/\/blogdalucianaoliveira.com.br\/blog\/wp-json\/wp\/v2\/users\/1"}],"replies":[{"embeddable":true,"href":"http:\/\/blogdalucianaoliveira.com.br\/blog\/wp-json\/wp\/v2\/comments?post=34170"}],"version-history":[{"count":1,"href":"http:\/\/blogdalucianaoliveira.com.br\/blog\/wp-json\/wp\/v2\/posts\/34170\/revisions"}],"predecessor-version":[{"id":34172,"href":"http:\/\/blogdalucianaoliveira.com.br\/blog\/wp-json\/wp\/v2\/posts\/34170\/revisions\/34172"}],"wp:attachment":[{"href":"http:\/\/blogdalucianaoliveira.com.br\/blog\/wp-json\/wp\/v2\/media?parent=34170"}],"wp:term":[{"taxonomy":"category","embeddable":true,"href":"http:\/\/blogdalucianaoliveira.com.br\/blog\/wp-json\/wp\/v2\/categories?post=34170"},{"taxonomy":"post_tag","embeddable":true,"href":"http:\/\/blogdalucianaoliveira.com.br\/blog\/wp-json\/wp\/v2\/tags?post=34170"}],"curies":[{"name":"wp","href":"https:\/\/api.w.org\/{rel}","templated":true}]}}