{"id":34176,"date":"2022-09-14T10:14:10","date_gmt":"2022-09-14T14:14:10","guid":{"rendered":"http:\/\/blogdalucianaoliveira.com.br\/blog\/?p=34176"},"modified":"2022-09-14T10:14:13","modified_gmt":"2022-09-14T14:14:13","slug":"disputa-ao-governo-de-rondonia-e-pautada-pela-defesa-do-agronegocio-e-do-bolsonarismo","status":"publish","type":"post","link":"http:\/\/blogdalucianaoliveira.com.br\/blog\/2022\/09\/14\/disputa-ao-governo-de-rondonia-e-pautada-pela-defesa-do-agronegocio-e-do-bolsonarismo\/","title":{"rendered":"Disputa ao governo de Rond\u00f4nia \u00e9 pautada pela defesa do agroneg\u00f3cio e do bolsonarismo"},"content":{"rendered":"\n<figure class=\"wp-block-image size-large\"><img loading=\"lazy\" decoding=\"async\" width=\"1188\" height=\"746\" data-attachment-id=\"34177\" data-permalink=\"http:\/\/blogdalucianaoliveira.com.br\/blog\/2022\/09\/14\/disputa-ao-governo-de-rondonia-e-pautada-pela-defesa-do-agronegocio-e-do-bolsonarismo\/8a10cf08-5b84-4e12-a496-f59714eb7567\/\" data-orig-file=\"https:\/\/i0.wp.com\/blogdalucianaoliveira.com.br\/blog\/wp-content\/uploads\/2022\/09\/8A10CF08-5B84-4E12-A496-F59714EB7567.jpeg?fit=1188%2C746\" data-orig-size=\"1188,746\" data-comments-opened=\"0\" data-image-meta=\"{&quot;aperture&quot;:&quot;0&quot;,&quot;credit&quot;:&quot;&quot;,&quot;camera&quot;:&quot;&quot;,&quot;caption&quot;:&quot;&quot;,&quot;created_timestamp&quot;:&quot;0&quot;,&quot;copyright&quot;:&quot;&quot;,&quot;focal_length&quot;:&quot;0&quot;,&quot;iso&quot;:&quot;0&quot;,&quot;shutter_speed&quot;:&quot;0&quot;,&quot;title&quot;:&quot;&quot;,&quot;orientation&quot;:&quot;0&quot;}\" data-image-title=\"8A10CF08-5B84-4E12-A496-F59714EB7567\" data-image-description=\"\" data-image-caption=\"\" data-medium-file=\"https:\/\/i0.wp.com\/blogdalucianaoliveira.com.br\/blog\/wp-content\/uploads\/2022\/09\/8A10CF08-5B84-4E12-A496-F59714EB7567.jpeg?fit=300%2C188\" data-large-file=\"https:\/\/i0.wp.com\/blogdalucianaoliveira.com.br\/blog\/wp-content\/uploads\/2022\/09\/8A10CF08-5B84-4E12-A496-F59714EB7567.jpeg?fit=600%2C377\" src=\"https:\/\/i0.wp.com\/blogdalucianaoliveira.com.br\/blog\/wp-content\/uploads\/2022\/09\/8A10CF08-5B84-4E12-A496-F59714EB7567.jpeg?fit=600%2C377\" alt=\"\" class=\"wp-image-34177\" srcset=\"https:\/\/i0.wp.com\/blogdalucianaoliveira.com.br\/blog\/wp-content\/uploads\/2022\/09\/8A10CF08-5B84-4E12-A496-F59714EB7567.jpeg?w=1188 1188w, https:\/\/i0.wp.com\/blogdalucianaoliveira.com.br\/blog\/wp-content\/uploads\/2022\/09\/8A10CF08-5B84-4E12-A496-F59714EB7567.jpeg?resize=300%2C188 300w, https:\/\/i0.wp.com\/blogdalucianaoliveira.com.br\/blog\/wp-content\/uploads\/2022\/09\/8A10CF08-5B84-4E12-A496-F59714EB7567.jpeg?resize=1024%2C643 1024w, https:\/\/i0.wp.com\/blogdalucianaoliveira.com.br\/blog\/wp-content\/uploads\/2022\/09\/8A10CF08-5B84-4E12-A496-F59714EB7567.jpeg?resize=768%2C482 768w, https:\/\/i0.wp.com\/blogdalucianaoliveira.com.br\/blog\/wp-content\/uploads\/2022\/09\/8A10CF08-5B84-4E12-A496-F59714EB7567.jpeg?resize=478%2C300 478w\" sizes=\"auto, (max-width: 600px) 100vw, 600px\" \/><\/figure>\n\n\n\n<h4 class=\"wp-block-heading\">InfoAmaz\u00f4nia, por F\u00e1bio Bispo &#8211; Marcos Rocha (Uni\u00e3o Brasil), Marcos Rog\u00e9rio (PL) e L\u00e9o Moraes (Podemos), primeiros colocados nas pesquisas de inten\u00e7\u00e3o de votos no estado, defendem agroneg\u00f3cio em detrimento da preserva\u00e7\u00e3o da Amaz\u00f4nia<\/h4>\n\n\n\n<!--more-->\n\n\n\n<p>Os \u00faltimos tr\u00eas anos e meio \u2014entre 2019 e 2022\u2014 foram nefastos para a preserva\u00e7\u00e3o da floresta amaz\u00f4nica em Rond\u00f4nia. A devasta\u00e7\u00e3o no estado bateu recordes e permitiu que o chamado \u201carco do desmatamento\u201d avan\u00e7asse na dire\u00e7\u00e3o norte para \u00e1reas mais preservadas na divisa com o Amazonas. Os&nbsp;<a href=\"https:\/\/www.cptnacional.org.br\/downlods?task=download.send&amp;id=14271&amp;catid=41&amp;m=0\" target=\"_blank\" rel=\"noreferrer noopener\">conflitos por terra<\/a>&nbsp;se agravaram, com invas\u00f5es de territ\u00f3rios ind\u00edgenas e unidades de conserva\u00e7\u00e3o, e o garimpo se consolidou desrespeitando o regramento no leito do rio Madeira.<\/p>\n\n\n\n<p>Em Rond\u00f4nia, o bolsonarismo prevalece impulsionado por m\u00e1ximas como a de que as \u00e1reas de preserva\u00e7\u00e3o atrapalham o desenvolvimento ou de que as demarca\u00e7\u00f5es de terras ind\u00edgenas causam \u201cinseguran\u00e7a jur\u00eddica\u201d, como j\u00e1 afirmaram alguns dos candidatos na disputa pelo governo nas elei\u00e7\u00f5es deste ano.&nbsp;<\/p>\n\n\n\n<p>Discursos como esses, ganharam for\u00e7a nos \u00faltimos quatro anos e moldaram uma tend\u00eancia no perfil dos candidatos. Os principais postulantes \u00e0 frente nas pesquisas para o governo de Rond\u00f4nia espelham o projeto que privilegia o agroneg\u00f3cio em detrimento da pauta ambiental.&nbsp;&nbsp;Em 2018, o atual presidente foi o&nbsp;<a href=\"https:\/\/especiais.gazetadopovo.com.br\/eleicoes\/2018\/resultados\/municipios-rondonia\/presidente-candidato-jair-bolsonaro\/\" target=\"_blank\" rel=\"noreferrer noopener\">mais votado<\/a>&nbsp;em todos os munic\u00edpios do estado. Na campanha deste ano, segundo a&nbsp;<a href=\"https:\/\/g1.globo.com\/ro\/rondonia\/eleicoes\/2022\/noticia\/2022\/08\/25\/pesquisa-ipec-com-eleitores-de-rondonia-bolsonaro-tem-54percent-e-lula-27percent-no-estado.ghtml\" target=\"_blank\" rel=\"noreferrer noopener\">pesquisa mais recente do Ipec<\/a>&nbsp;(ex-Ibope), Jair Bolsonaro (PL) lidera com 54% das inten\u00e7\u00f5es de voto no estado, contra 27% do ex-presidente Lula (PT).<\/p>\n\n\n\n<h2 class=\"wp-block-heading\" id=\"h-as-raizes-do-conservadorismo\"><strong>As ra\u00edzes do conservadorismo<\/strong><\/h2>\n\n\n\n<p>O soci\u00f3logo Luis Fernando Novoa, professor da Universidade Federal de Rond\u00f4nia (UNIR), explica que essa radicaliza\u00e7\u00e3o \u00e0 direita em Rond\u00f4nia tem origem no processo de coloniza\u00e7\u00e3o agr\u00edcola, iniciado na d\u00e9cada de 1970, sob a gest\u00e3o do regime militar.<\/p>\n\n\n\n<blockquote class=\"wp-block-quote is-layout-flow wp-block-quote-is-layout-flow\"><p>&nbsp;A maior parte da sua popula\u00e7\u00e3o \u00e9 formada por migrantes centro-sul do pa\u00eds que j\u00e1 vinham de processos de disputa de terra e encontraram aqui um local de acomoda\u00e7\u00e3o<\/p><cite>Luis Fernando Novoa, soci\u00f3logo<\/cite><\/blockquote>\n\n\n\n<p>\u201cPrimeira coisa que temos que observar \u00e9 que Rond\u00f4nia, majoritariamente, \u00e9 uma sociedade transplantada. A maior parte da sua popula\u00e7\u00e3o \u00e9 formada por migrantes centro-sul do pa\u00eds que j\u00e1 vinham de processos de disputa de terra e encontraram aqui um local de acomoda\u00e7\u00e3o, de fincar seu pezinho aqui ou formar seu imp\u00e9rio\u201d, explica Novoa.<\/p>\n\n\n\n<p>Segundo o soci\u00f3logo, a regi\u00e3o nunca foi de fato atendida com pol\u00edticas sociais justas capazes de atender as demandas das camadas mais vulner\u00e1veis. \u201cA pauta da reforma agr\u00e1ria nunca foi implantada, nem mesmo pelos governos mais progressistas. Com isso, n\u00f3s vemos no estrato menos favorecido da sociedade uma postura conservadora, de transferir responsabilidades coletivas comunit\u00e1rias \u00e0 lideran\u00e7as autorit\u00e1rias\u201d, emenda.<\/p>\n\n\n\n<p>Na aus\u00eancia do Estado, e com uma imensa \u00e1rea de floresta preservada at\u00e9 a d\u00e9cada de 1980, Rond\u00f4nia se tornou terreno f\u00e9rtil para explora\u00e7\u00e3o de recursos naturais, como madeira, ouro e, mais recentemente, dominada por \u00e1reas de pastagens e planta\u00e7\u00f5es de soja e milho.<\/p>\n\n\n\n<p>Um ter\u00e7o do estado j\u00e1 foi desmatado desde a d\u00e9cada de 1980, segundo dados do&nbsp;<a href=\"https:\/\/mapbiomas.org\/\" target=\"_blank\" rel=\"noreferrer noopener\">MapBiomas<\/a>, sob o pretexto de promover \u201cdesenvolvimento\u201d. No entanto, este desenvolvimento jamais foi&nbsp; percebido na vida da maioria da popula\u00e7\u00e3o -Rond\u00f4nia est\u00e1 entre os estados mais pobres do pa\u00eds e foi o segundo que&nbsp;<a href=\"https:\/\/valor.globo.com\/brasil\/noticia\/2022\/06\/29\/catorze-das-27-unidades-da-federao-tm-mais-de-40-pontos-percentuais-da-populao-na-pobreza-diz-estudo-da-fgv-social.ghtml\" target=\"_blank\" rel=\"noreferrer noopener\">mais empobreceu entre 2019 e 2021.<\/a>&nbsp;<\/p>\n\n\n\n<p>Para Novoa, na falta de uma agenda ambiental para preserva\u00e7\u00e3o da floresta, capaz de implantar programas sociais de gera\u00e7\u00e3o de renda e emprego sustent\u00e1veis, em Rond\u00f4nia os \u00f3rg\u00e3os ambientais s\u00f3 aparecem quando \u00e9 para punir, o que afeta ainda mais as popula\u00e7\u00f5es vulner\u00e1veis, como os pequenos agricultores e as comunidades ribeirinhas. \u201cSe cria um caldo de cultura extremamente vantajoso para esse estilo de representa\u00e7\u00e3o autorit\u00e1ria, que vai ent\u00e3o transferir os problemas da falta de terra, da falta de pol\u00edticas p\u00fablicas e de pol\u00edtica agr\u00edcola para a quest\u00e3o ambiental\u201d, completa o soci\u00f3logo.<\/p>\n\n\n\n<p>Ex-territ\u00f3rio federal, Rond\u00f4nia foi elevada a estado em 1981. A primeira elei\u00e7\u00e3o para governador ocorreu em 1986. Hoje, quase tudo em Rond\u00f4nia gira em torno da hegemonia do agroneg\u00f3cio, inclusive as candidaturas.<\/p>\n\n\n\n<h2 class=\"wp-block-heading\" id=\"h-candidatos-disputam-apoio-de-bolsonaro-na-justica\"><strong>Candidatos disputam apoio de Bolsonaro na Justi\u00e7a<\/strong><\/h2>\n\n\n\n<p>Entre os candidatos \u00e9 comum encontrar os discursos contra a preserva\u00e7\u00e3o da Amaz\u00f4nia e a favor do agroneg\u00f3cio. A come\u00e7ar pelo governador Marcos Rocha (Uni\u00e3o Brasil), eleito em 2018 na onda que levou Bolsonaro \u00e0 Bras\u00edlia.&nbsp;<\/p>\n\n\n\n<p>Nos \u00faltimos tr\u00eas anos e meios anos \u00e0 frente do governo, o coronel da PM, Marcos Rocha seguiu \u00e0 risca a cartilha bolsonarista:&nbsp;<a href=\"https:\/\/deolhonosruralistas.com.br\/2020\/02\/07\/governador-que-censurou-livros-em-rondonia-retirou-obrigatoriedade-da-vacina-para-febre-aftosa\/\" target=\"_blank\" rel=\"noreferrer noopener\">mandou recolher livros<\/a>&nbsp;\u2014entre 43 t\u00edtulos recolhidos, 19 obras de Rubem Fonseca, uma de Franz Kafka, uma de Edgar Allan Poe, outra de Euclides da Cunha\u2014, reduziu os limites de Unidades de Conserva\u00e7\u00e3o, regularizou rebanhos de gado ilegal e proibiu a destrui\u00e7\u00e3o de m\u00e1quinas e equipamentos apreendidos por crimes ambientais.<\/p>\n\n\n\n<figure class=\"wp-block-image\"><img data-recalc-dims=\"1\" decoding=\"async\" src=\"https:\/\/i0.wp.com\/infoamazonia.org\/wp-content\/uploads\/2022\/09\/Marcos_Rocha_em_abril_de_2019.jpeg?w=600&#038;ssl=1\" alt=\"\" class=\"wp-image-139332\"\/><figcaption>Marcos Rocha&nbsp;<br>(UB)<\/figcaption><\/figure>\n\n\n\n<p>Nas elei\u00e7\u00f5es de 2020, durante&nbsp;<a href=\"https:\/\/www.youtube.com\/watch?v=D_EDEEmFXl4&amp;t=2s\" target=\"_blank\" rel=\"noreferrer noopener\">encontro com apoiadores<\/a>, Marcos Rocha afirmou que receberia o aval de Bolsonaro para promover a regulariza\u00e7\u00e3o fundi\u00e1ria em terras da Uni\u00e3o e prometeu acabar com \u201co excesso de reservas\u201d. Em seu plano de governo, Rocha afirma que \u201cRond\u00f4nia \u00e9 o estado da agricultura e do agroneg\u00f3cio\u201d. Em janeiro deste ano, o&nbsp;<strong>InfoAmazonia<\/strong>&nbsp;mostrou que a gest\u00e3o de Marcos Rocha mant\u00e9m o&nbsp;<a href=\"https:\/\/infoamazonia.org\/2022\/01\/13\/governo-de-rondonia-mantem-vacinacao-e-controle-de-gado-ilegal-em-area-protegida-da-amazonia\/\" target=\"_blank\" rel=\"noreferrer noopener\">controle sanit\u00e1rio e vacinal de rebanhos em \u00e1reas de preserva\u00e7\u00e3o<\/a>, garantindo a comercializa\u00e7\u00e3o de carne de gado criado ilegalmente em \u00e1reas desmatadas.<\/p>\n\n\n\n<p>A proximidade de Rocha com Bolsonaro motivou uma a\u00e7\u00e3o judicial proposta pelo partido atual do presidente, o PL, para que Rocha n\u00e3o use a imagem de Bolsonaro em sua campanha. O partido tem candidato pr\u00f3prio no estado, o senador Marcos Rog\u00e9rio (PL), que se notabilizou durante a CPI da Covid-19 tamb\u00e9m pela defesa ferrenha a Bolsonaro.<\/p>\n\n\n\n<p>O Tribunal Regional Eleitoral de Rond\u00f4nia chegou a determinar a exclus\u00e3o de postagens de Rocha nas redes sociais, mas, ap\u00f3s o embate, o pr\u00f3prio Bolsonaro gravou um&nbsp;<a href=\"https:\/\/drive.google.com\/file\/d\/1ie6It39vO2c4q0LYrgd6Xk8FESJSc9Cw\/view?usp=sharing\">v\u00eddeo<\/a>liberando todas as candidaturas de Rond\u00f4nia a usarem o seu nome.<\/p>\n\n\n\n<p>A exemplo de Rocha, Marcos Rog\u00e9rio tamb\u00e9m n\u00e3o alivia o tom quando o assunto \u00e9 a preserva\u00e7\u00e3o da Amaz\u00f4nia. No Senado, se posicionou a favor da tese do&nbsp;&nbsp;<a href=\"https:\/\/infoamazonia.org\/2021\/09\/03\/fim-tese-marco-temporal-protegera-clima\/\" target=\"_blank\" rel=\"noreferrer noopener\">Marco Temporal para a demarca\u00e7\u00e3o das terras ind\u00edgenas<\/a>. O senador e candidato ao governo tamb\u00e9m j\u00e1 pediu a&nbsp;<a href=\"https:\/\/www.facebook.com\/MarcosRogerioOficial\/photos\/a.374602135954902\/961761127238997\/\" target=\"_blank\" rel=\"noreferrer noopener\">libera\u00e7\u00e3o de garimpo de diamantes<\/a>&nbsp;em terras ind\u00edgenas e, mesmo advogando contra os povos tradicionais, recentemente partiu dele a indica\u00e7\u00e3o do novo coordenador da Funai em Guajar\u00e1-Mirim, regi\u00e3o que concentra maior n\u00famero de territ\u00f3rios ind\u00edgenas de Rond\u00f4nia. Se eleito, Rog\u00e9rio promete transformar Rond\u00f4nia na \u201cmaior pot\u00eancia agro do pa\u00eds\u201d.<\/p>\n\n\n\n<p>J\u00e1 Ivo Cassol (PP) n\u00e3o fica longe do perfil dos demais candidatos ruralistas em rela\u00e7\u00e3o \u00e0 cartilha de Bras\u00edlia. Outro&nbsp;<a href=\"https:\/\/youtu.be\/VJgm0vHi_Ac?t=1554\" target=\"_blank\" rel=\"noreferrer noopener\">apoiador de Bolsonaro<\/a>, Cassol acabou desistindo da candidatura no \u00faltimo dia 1\u00ba de setembro, \u00e0s v\u00e9speras de ser&nbsp;<a href=\"https:\/\/politica.estadao.com.br\/blogs\/fausto-macedo\/stf-reves-kassio-derruba-liminar-mantem-inelegivel-ivo-cassol\/\" target=\"_blank\" rel=\"noreferrer noopener\">considerado ineleg\u00edvel<\/a>&nbsp;pelo Supremo Tribunal Federal (STF).&nbsp; Cassol estava tecnicamente empatado com o atual governador Marcos Rocha nas inten\u00e7\u00f5es de voto. Em seu lugar, pretende indicar o empres\u00e1rio Francisco Raposo J\u00fanior (PP) e que atualmente est\u00e1 inscrito como deputado federal<\/p>\n\n\n\n<p>Condenado em 2013 por<a href=\"https:\/\/infoamazonia.org\/2022\/08\/26\/condenado-por-fraude-ivo-cassol-tenta-driblar-ficha-suja-para-disputar-governo-de-rondonia\/\" target=\"_blank\" rel=\"noreferrer noopener\">&nbsp;fraude em licita\u00e7\u00e3o p\u00fablica<\/a>, com decis\u00e3o confirmada em 2018, nos \u00faltimos quatro anos, Cassol colou sua imagem a Bolsonaro mesmo sem mandato. Durante a pandemia, embarcou no grupo dos negacionistas e chegou a participar de eventos oficiais onde posou ao lado do presidente.<\/p>\n\n\n\n<p>Durante a gest\u00e3o de Bolsonaro, os neg\u00f3cios da fam\u00edlia de Ivo Cassol, que tamb\u00e9m \u00e9 pecuarista e empres\u00e1rio do ramo energ\u00e9tico, prosperaram. O pr\u00f3prio Ivo Cassol declarou um patrim\u00f4nio de R$ 134 milh\u00f5es, 350% a mais do que havia declarado em 2010.&nbsp; Ao&nbsp;<strong>InfoAmazonia<\/strong>&nbsp;em agosto, quando ainda era candidato, Ivo Cassol disse que o crescimento patrimonial \u201cse deve ao fato de, como gestor, ter feito as melhores escolhas, ter realizado investimentos bem sucedidos, em raz\u00e3o de sua grande habilidade em observar o mercado e saber definir uma estrat\u00e9gia de neg\u00f3cios\u201d. E afirmou que todos os seus rendimentos est\u00e3o devidamente declarados, \u201cpois \u00e9 de origem honesta e fruto de um trabalho ao longo de d\u00e9cadas\u201d.<\/p>\n\n\n\n<p>O mais distante de Bolsonaro entre os candidatos da direita de Rond\u00f4nia, o deputado federal L\u00e9o Moraes (Podemos) tenta se viabilizar como uma alternativa e pode subir nas pesquisas com a sa\u00edda de Ivo Cassol. No entanto, mant\u00e9m a mesma pauta dos demais:&nbsp; \u201co agroneg\u00f3cio necessita de pol\u00edticas p\u00fablicas mais consistentes, mas, sobretudo, de recursos p\u00fablicos como em qualquer pa\u00eds desenvolvido. Todos os ciclos, do campo \u00e0 agroind\u00fastria, precisam de apoio direto e indireto do Estado\u201d, diz trecho da proposta de L\u00e9o Moraes.&nbsp;<\/p>\n\n\n\n<p>O candidato chega a falar em ampliar e regularizar as \u00e1reas de produ\u00e7\u00e3o agr\u00edcola de forma sustent\u00e1vel, mas sem explicar como pretende fazer isso.<\/p>\n\n\n\n<p>Em 2018, quando ainda era deputado estadual, durante vota\u00e7\u00e3o rel\u00e2mpago na Assembleia de Rond\u00f4nia que excluiu mais de meio milh\u00e3o de hectares de \u00e1reas protegidas de 11 Unidades de Conserva\u00e7\u00e3o, Moraes gastou apenas dois minutos para concluir sobre a exclus\u00e3o dessas \u00e1reas protegidas: \u201cPor ter o clamor de toda sociedade e o apelo dos deputados estaduais, somos favor\u00e1veis ao projeto e \u00e0 emenda para que possamos extinguir as reservas e trazer o desenvolvimento sustent\u00e1vel e respons\u00e1vel ao Estado\u201d, disse na \u00e9poca.<\/p>\n\n\n\n<p>Quinto colocado nas pesquisas \u2014no cen\u00e1rio que ainda tinha Ivo Cassol na disputa\u2014, Daniel Pereira (Solidariedade) \u00e9 o candidato apoiado por partidos de esquerda com&nbsp; melhor coloca\u00e7\u00e3o nas pesquisas. Tendo Lula (PT) como apoiador, Daniel tenta imprimir um discurso menos conservador e critica, em seu plano de governo, a concentra\u00e7\u00e3o de \u00e1reas para o agroneg\u00f3cio, e prop\u00f5e fortalecer a agricultura familiar.<\/p>\n\n\n\n<h2 class=\"wp-block-heading\" id=\"h-sistema-politico-e-servil-ao-agronegocio-diz-economista\"><strong>\u201cSistema pol\u00edtico \u00e9 servil ao agroneg\u00f3cio\u201d, diz economista<\/strong><\/h2>\n\n\n\n<p>Aquilo que os candidatos de Rond\u00f4nia e de outros estados na fronteira agr\u00edcola da Amaz\u00f4nia Legal vendem como \u201ca salva\u00e7\u00e3o da lavoura\u201d, segundo o economista Guilherme Delgado, trata-se de um modelo ultrapassado e que \u201cn\u00e3o tem nada de novo\u201d.<\/p>\n\n\n\n<p>Em entrevista ao&nbsp;<strong>InfoAmazonia,&nbsp;<\/strong>Delgado lembra que o atual modelo de primariza\u00e7\u00e3o da economia rural, que tornou o Brasil um pa\u00eds quase que exclusivamente exportador de&nbsp;<em>commodities,<\/em>&nbsp;foi implantado no in\u00edcio dos anos 2000 como uma resposta ao desequil\u00edbrio estrutural das transa\u00e7\u00f5es externas, especialmente dos servi\u00e7os e da ind\u00fastria de transforma\u00e7\u00e3o. E que esse modelo se provou completamente estrangulado j\u00e1 ao fim da sua primeira d\u00e9cada de funcionamento.<\/p>\n\n\n\n<figure class=\"wp-block-image\"><img data-recalc-dims=\"1\" decoding=\"async\" src=\"https:\/\/i0.wp.com\/infoamazonia.org\/wp-content\/uploads\/2022\/09\/Captura-de-Tela-2022-09-13-a%25CC%2580s-09.58.08.png?w=600&#038;ssl=1\" alt=\"\"\/><\/figure>\n\n\n\n<p>Imagem \u00e1rea de uma propriedade rural em Rond\u00f4nia&nbsp;<\/p>\n\n\n\n<p>Na sua avalia\u00e7\u00e3o, o Brasil precisa urgentemente regular o setor agr\u00edcola para promover a&nbsp;transi\u00e7\u00e3o ecol\u00f3gica:<strong>transi\u00e7\u00e3o<\/strong>&nbsp;agroecol\u00f3gica \u00e9 conceituada como uma mudan\u00e7a do sistema de cultivo convencional para a produ\u00e7\u00e3o de cultivo de base&nbsp;<strong>ecol\u00f3gica<\/strong>&nbsp;que j\u00e1 \u00e9 cobrada e adotada em outras regi\u00f5es produtivas do mundo. E aponta os estados de Rond\u00f4nia, Roraima, Acre, Par\u00e1 e Mato Grosso como chaves nesse processo.<\/p>\n\n\n\n<blockquote class=\"wp-block-quote is-layout-flow wp-block-quote-is-layout-flow\"><p>O nosso sistema pol\u00edtico, midi\u00e1tico e acad\u00eamico continua completamente servil \u00e0 primariza\u00e7\u00e3o do sistema econ\u00f4mico.<\/p><cite>Guilherme Delgado, economista<\/cite><\/blockquote>\n\n\n\n<p>\u201cO nosso sistema pol\u00edtico, midi\u00e1tico e acad\u00eamico continua completamente servil \u00e0 primariza\u00e7\u00e3o do sistema econ\u00f4mico. O pa\u00eds que teve uma estrat\u00e9gia de industrializa\u00e7\u00e3o no p\u00f3s-guerra, com todas as limita\u00e7\u00f5es, mas que avan\u00e7ou significativamente, agora recua para perspectiva prim\u00e1ria exportadora num momento em que o mundo inteiro clama por processos de transi\u00e7\u00e3o ecol\u00f3gica\u201d, afirma Delgado.<\/p>\n\n\n\n<p>Ele avalia que nenhum dos planos de governos dos presidenci\u00e1veis, por exemplo, trata a quest\u00e3o com a seriedade que ela merece, seja por medo de bater de frente com um setor t\u00e3o poderoso, seja pela coniv\u00eancia do pr\u00f3prio ambiente que este setor criou em todas as esferas de poder.<\/p>\n\n\n\n<p>\u201cHoje, s\u00e3o nas \u00e1reas de parques, de reservas naturais, de territ\u00f3rios ind\u00edgenas, em terras p\u00fablicas que os setores mais retr\u00f3grados do ponto de vista do desenvolvimento rural tentam avan\u00e7ar. E isso explica porque de v\u00e1rias candidaturas se apresentarem t\u00e3o ostensivamente como ligadas ao agroneg\u00f3cio. N\u00e3o h\u00e1 como desvincular o agroneg\u00f3cio do processo de mercadoriza\u00e7\u00e3o da terra e dos processos de grilagem\u201d, analisa o economista.<\/p>\n\n\n\n<p>Como resposta pol\u00edtica, Delgado aponta uma diferencia\u00e7\u00e3o nos modelos de produ\u00e7\u00e3o entre os pr\u00f3prios ruralistas. \u201cO que pode ser trabalhado, \u00e9 termos o agroneg\u00f3cio legal e o agroneg\u00f3cio criminoso bem definido, essa \u00e9 uma ideia que pode ser trabalhada. Atualmente os dois est\u00e3o unificados e n\u00e3o se tem uma clara distin\u00e7\u00e3o da parte dos pr\u00f3prios agronegocistas no sentido de definir limites da fronteira e da expans\u00e3o desse agroneg\u00f3cio\u201d.<\/p>\n\n\n\n<p>Delgado, que atuou por 30 anos como pesquisador do Instituto de Pesquisa Econ\u00f4mica Aplicada (Ipea), ainda afirma que muitos candidatos falam em \u201cagroneg\u00f3cio sustent\u00e1vel\u201d, mas apenas como&nbsp; ret\u00f3rico de um discurso pol\u00edtico que \u00e9 incapaz de se materializar.<\/p>\n\n\n\n<p>\u201cPara ser sustent\u00e1vel voc\u00ea tem que estabelecer limites, porque \u00e9 da natureza desses sistema operar sem limites. N\u00e3o tem como sair disso\u201d.&nbsp;<br><br>Os candidatos Marcos Rocha (Uni\u00e3o Brasil), Marcos Rog\u00e9rio (PL) e L\u00e9o Moraes (Podemos) foram procurados pela reportagem, mas n\u00e3o responderam ao pedido de entrevista at\u00e9 o seu fechamento.SOBRE O AUTOR&nbsp;<\/p>\n\n\n\n<figure class=\"wp-block-image\"><img data-recalc-dims=\"1\" height=\"80\" width=\"80\" decoding=\"async\" src=\"https:\/\/i0.wp.com\/infoamazonia.org\/wp-content\/uploads\/2021\/11\/fabio-80x80.jpeg?resize=80%2C80&#038;ssl=1\" alt=\"\"\/><\/figure>\n\n\n\n<h2 class=\"wp-block-heading\">F\u00e1bio Bispo&nbsp;<\/h2>\n\n\n\n<p>Rep\u00f3rter investigativo do InfoAmazonia em parceria com o Report for the World, que aproxima reda\u00e7\u00f5es locais com jornalistas para reportar assuntos pouco cobertos em todo o mundo. Tem foco na cobertura&#8230;&nbsp;<a href=\"https:\/\/infoamazonia.org\/author\/fabio-bispo\/\">Mais por F\u00e1bio Bispo<\/a><\/p>\n","protected":false},"excerpt":{"rendered":"<p>InfoAmaz\u00f4nia, por F\u00e1bio Bispo &#8211; Marcos Rocha (Uni\u00e3o Brasil), Marcos Rog\u00e9rio (PL) e L\u00e9o Moraes (Podemos), primeiros colocados nas pesquisas de inten\u00e7\u00e3o de votos no estado, defendem agroneg\u00f3cio em detrimento da preserva\u00e7\u00e3o da Amaz\u00f4nia<\/p>\n","protected":false},"author":1,"featured_media":0,"comment_status":"closed","ping_status":"open","sticky":false,"template":"","format":"standard","meta":{"_exactmetrics_skip_tracking":false,"_exactmetrics_sitenote_active":false,"_exactmetrics_sitenote_note":"","_exactmetrics_sitenote_category":0,"jetpack_post_was_ever_published":false,"_jetpack_newsletter_access":"","_jetpack_dont_email_post_to_subs":false,"_jetpack_newsletter_tier_id":0,"_jetpack_memberships_contains_paywalled_content":false,"_jetpack_memberships_contains_paid_content":false,"footnotes":"","jetpack_publicize_message":"","jetpack_publicize_feature_enabled":true,"jetpack_social_post_already_shared":true,"jetpack_social_options":{"image_generator_settings":{"template":"highway","enabled":false},"version":2}},"categories":[1],"tags":[251,796,386,7],"class_list":["post-34176","post","type-post","status-publish","format-standard","hentry","category-notas","tag-agronegocio","tag-bolsonarismo","tag-meio-ambiente","tag-rondonia"],"jetpack_publicize_connections":[],"jetpack_sharing_enabled":true,"jetpack_featured_media_url":"","jetpack_shortlink":"https:\/\/wp.me\/p7wKYW-8Te","jetpack-related-posts":[],"_links":{"self":[{"href":"http:\/\/blogdalucianaoliveira.com.br\/blog\/wp-json\/wp\/v2\/posts\/34176","targetHints":{"allow":["GET"]}}],"collection":[{"href":"http:\/\/blogdalucianaoliveira.com.br\/blog\/wp-json\/wp\/v2\/posts"}],"about":[{"href":"http:\/\/blogdalucianaoliveira.com.br\/blog\/wp-json\/wp\/v2\/types\/post"}],"author":[{"embeddable":true,"href":"http:\/\/blogdalucianaoliveira.com.br\/blog\/wp-json\/wp\/v2\/users\/1"}],"replies":[{"embeddable":true,"href":"http:\/\/blogdalucianaoliveira.com.br\/blog\/wp-json\/wp\/v2\/comments?post=34176"}],"version-history":[{"count":1,"href":"http:\/\/blogdalucianaoliveira.com.br\/blog\/wp-json\/wp\/v2\/posts\/34176\/revisions"}],"predecessor-version":[{"id":34178,"href":"http:\/\/blogdalucianaoliveira.com.br\/blog\/wp-json\/wp\/v2\/posts\/34176\/revisions\/34178"}],"wp:attachment":[{"href":"http:\/\/blogdalucianaoliveira.com.br\/blog\/wp-json\/wp\/v2\/media?parent=34176"}],"wp:term":[{"taxonomy":"category","embeddable":true,"href":"http:\/\/blogdalucianaoliveira.com.br\/blog\/wp-json\/wp\/v2\/categories?post=34176"},{"taxonomy":"post_tag","embeddable":true,"href":"http:\/\/blogdalucianaoliveira.com.br\/blog\/wp-json\/wp\/v2\/tags?post=34176"}],"curies":[{"name":"wp","href":"https:\/\/api.w.org\/{rel}","templated":true}]}}