{"id":34185,"date":"2022-09-15T16:01:37","date_gmt":"2022-09-15T20:01:37","guid":{"rendered":"http:\/\/blogdalucianaoliveira.com.br\/blog\/?p=34185"},"modified":"2022-09-15T16:01:39","modified_gmt":"2022-09-15T20:01:39","slug":"agro-devera-pagar-caro-pelo-apoio-a-bolsonaro","status":"publish","type":"post","link":"http:\/\/blogdalucianaoliveira.com.br\/blog\/2022\/09\/15\/agro-devera-pagar-caro-pelo-apoio-a-bolsonaro\/","title":{"rendered":"Agro dever\u00e1 pagar caro pelo apoio a Bolsonaro"},"content":{"rendered":"\n<figure class=\"wp-block-image size-large\"><img loading=\"lazy\" decoding=\"async\" width=\"1250\" height=\"600\" data-attachment-id=\"34186\" data-permalink=\"http:\/\/blogdalucianaoliveira.com.br\/blog\/2022\/09\/15\/agro-devera-pagar-caro-pelo-apoio-a-bolsonaro\/699f2976-0601-455a-b24a-424dc760c284\/\" data-orig-file=\"https:\/\/i0.wp.com\/blogdalucianaoliveira.com.br\/blog\/wp-content\/uploads\/2022\/09\/699F2976-0601-455A-B24A-424DC760C284.jpeg?fit=1250%2C600\" data-orig-size=\"1250,600\" data-comments-opened=\"0\" data-image-meta=\"{&quot;aperture&quot;:&quot;0&quot;,&quot;credit&quot;:&quot;&quot;,&quot;camera&quot;:&quot;&quot;,&quot;caption&quot;:&quot;&quot;,&quot;created_timestamp&quot;:&quot;0&quot;,&quot;copyright&quot;:&quot;&quot;,&quot;focal_length&quot;:&quot;0&quot;,&quot;iso&quot;:&quot;0&quot;,&quot;shutter_speed&quot;:&quot;0&quot;,&quot;title&quot;:&quot;&quot;,&quot;orientation&quot;:&quot;0&quot;}\" data-image-title=\"699F2976-0601-455A-B24A-424DC760C284\" data-image-description=\"\" data-image-caption=\"\" data-medium-file=\"https:\/\/i0.wp.com\/blogdalucianaoliveira.com.br\/blog\/wp-content\/uploads\/2022\/09\/699F2976-0601-455A-B24A-424DC760C284.jpeg?fit=300%2C144\" data-large-file=\"https:\/\/i0.wp.com\/blogdalucianaoliveira.com.br\/blog\/wp-content\/uploads\/2022\/09\/699F2976-0601-455A-B24A-424DC760C284.jpeg?fit=600%2C288\" src=\"https:\/\/i1.wp.com\/blogdalucianaoliveira.com.br\/blog\/wp-content\/uploads\/2022\/09\/699F2976-0601-455A-B24A-424DC760C284.jpeg?fit=600%2C288\" alt=\"\" class=\"wp-image-34186\" srcset=\"https:\/\/i0.wp.com\/blogdalucianaoliveira.com.br\/blog\/wp-content\/uploads\/2022\/09\/699F2976-0601-455A-B24A-424DC760C284.jpeg?w=1250 1250w, https:\/\/i0.wp.com\/blogdalucianaoliveira.com.br\/blog\/wp-content\/uploads\/2022\/09\/699F2976-0601-455A-B24A-424DC760C284.jpeg?resize=300%2C144 300w, https:\/\/i0.wp.com\/blogdalucianaoliveira.com.br\/blog\/wp-content\/uploads\/2022\/09\/699F2976-0601-455A-B24A-424DC760C284.jpeg?resize=1024%2C492 1024w, https:\/\/i0.wp.com\/blogdalucianaoliveira.com.br\/blog\/wp-content\/uploads\/2022\/09\/699F2976-0601-455A-B24A-424DC760C284.jpeg?resize=768%2C369 768w, https:\/\/i0.wp.com\/blogdalucianaoliveira.com.br\/blog\/wp-content\/uploads\/2022\/09\/699F2976-0601-455A-B24A-424DC760C284.jpeg?resize=625%2C300 625w, https:\/\/i0.wp.com\/blogdalucianaoliveira.com.br\/blog\/wp-content\/uploads\/2022\/09\/699F2976-0601-455A-B24A-424DC760C284.jpeg?w=1200 1200w\" sizes=\"auto, (max-width: 600px) 100vw, 600px\" \/><\/figure>\n\n\n\n<p>Brasil 247, por Marcelo Zero &#8211; A recente e rigorosa decis\u00e3o do Parlamento Europeu de proibir importa\u00e7\u00f5es de produtos provenientes de \u00e1reas desmatadas ou degradadas \u00e9, em boa parte, fruto da desastrada pol\u00edtica antiambiental do governo Bolsonaro. \u00a0<\/p>\n\n\n\n<!--more-->\n\n\n\n<p>Com efeito, mesmo antes de chegar ao poder, Bolsonaro deixou muito claro que se opunha \u00e0 prote\u00e7\u00e3o ambiental e ao respeito aos direitos de nossos povos origin\u00e1rios. Fez campanha defendendo os interesses mais retr\u00f3grados do agroneg\u00f3cio e recebeu forte apoio do setor.<\/p>\n\n\n\n<p>Chegando ao Planalto, Bolsonaro e seu famigerado ministro antiambientalista, Ricardo Salles, \u201cabriram a porteira para a boiada passar\u201d, metaf\u00f3rica e literalmente. \u00a0<\/p>\n\n\n\n<p>Com efeito, em poucos meses, o governo Bolsonaro:<\/p>\n\n\n\n<p>a) enfraqueceu o Minist\u00e9rio do Meio Ambiente, deslocando a Ag\u00eancia Nacional de \u00c1guas para o Minist\u00e9rio do Desenvolvimento Regional e o Servi\u00e7o Florestal Brasileiro para o Minist\u00e9rio da Agricultura;<\/p>\n\n\n\n<p>b) anunciou a revis\u00e3o de todas 334 Unidades de Conserva\u00e7\u00e3o brasileiras, amea\u00e7ando-as de redu\u00e7\u00e3o ou extin\u00e7\u00e3o;<\/p>\n\n\n\n<p>c) colocou um freio na fiscaliza\u00e7\u00e3o ambiental, o que provocou uma queda de 34% no n\u00famero de multas aplicadas pelo Ibama; \u00a0<\/p>\n\n\n\n<p>d) iniciou o desmantelamento da Pol\u00edtica Clim\u00e1tica, com seguidas declara\u00e7\u00f5es contra essa pol\u00edtica global, inclusive do Ministro do Meio Ambiente, Ricardo Salles, que definiu o tema como &#8220;acad\u00eamico&#8221; e &#8220;n\u00e3o priorit\u00e1rio&#8221;;<\/p>\n\n\n\n<p>e) atacou o Fundo Amaz\u00f4nia e seus principais financiadores, como Alemanha e Noruega, recorrendo, inclusive, a acusa\u00e7\u00f5es falsas; &nbsp;<\/p>\n\n\n\n<p>f) atacou e enfraqueceu os \u00f3rg\u00e3os de controle ambiental, em especial o Ibama e o ICMBio, bem como questionou os dados de monitoramento do INPE, o que resultou na demiss\u00e3o de seu respons\u00e1vel;<\/p>\n\n\n\n<p>g) esvaziou a Funai, deslocando a fun\u00e7\u00e3o de demarcar terras ind\u00edgenas para o Minist\u00e9rio da Agricultura; e<\/p>\n\n\n\n<p>h) recusou-se a sediar a COP-25. &nbsp;<\/p>\n\n\n\n<p>Essas a\u00e7\u00f5es, entre muitas outras, fizeram o desmatamento subir 57%, nos primeiros tr\u00eas anos do governo Bolsonaro. Somente na Amaz\u00f4nia, entre janeiro de 2019 a julho de 2022, foram desmatados, segundo o Inpe, 31 mil quil\u00f4metros quadrados de florestas, o equivalente ao territ\u00f3rio da B\u00e9lgica. &nbsp;<\/p>\n\n\n\n<p>As imagens dessa devasta\u00e7\u00e3o ambiental percorreram o planeta e causaram grande impacto na opini\u00e3o p\u00fablica mundial, especialmente na opini\u00e3o p\u00fablica europeia. As viola\u00e7\u00f5es sistem\u00e1ticas dos direitos dos povos ind\u00edgenas e o recente assassinato do indigenista Bruno Pereira e do jornalista Dom Phillips tamb\u00e9m contribu\u00edram para conformar um quadro dantesco de destrui\u00e7\u00e3o ambiental, combinada com grosseiras agress\u00f5es aos direitos humanos de popula\u00e7\u00f5es fragilizadas e desprotegidas. &nbsp;<\/p>\n\n\n\n<p>Dessa maneira, o Brasil passou de exemplo de comprometimento com o combate \u00e0s mudan\u00e7as clim\u00e1ticas entre os pa\u00edses em desenvolvimento, nos governos do PT, a grande vil\u00e3o ambiental do planeta, no governo Bolsonaro. &nbsp;<\/p>\n\n\n\n<p>Os espertinhos piroman\u00edacos talvez tenham achado que tudo isso n\u00e3o teria consequ\u00eancia e que bastariam bravatas xen\u00f3fobas para rebater as cr\u00edticas. Se enganaram. &nbsp;<\/p>\n\n\n\n<p>A decis\u00e3o do Parlamento Europeu, se aprovada pelos parlamentos nacionais da UE e convertida em lei, poder\u00e1 impor restri\u00e7\u00f5es e custos significativos \u00e0s nossas exporta\u00e7\u00f5es. &nbsp;<\/p>\n\n\n\n<p>Al\u00e9m da soja e da carne, a decis\u00e3o tamb\u00e9m inclui couro, madeira, cacau, borracha, milho e dend\u00ea. A inclus\u00e3o da madeira poder\u00e1 incidir nas ind\u00fastrias de m\u00f3veis e papel, por exemplo. J\u00e1 a inclus\u00e3o do cacau poder\u00e1 gerar efeitos na ind\u00fastria dos chocolates. &nbsp;<\/p>\n\n\n\n<p>N\u00e3o se trata, portanto, apenas dos interesses do agroneg\u00f3cio, mas de tudo aquilo que, mesmo que indiretamente, possa conter algum material proveniente de \u00e1reas desmatadas ou degradadas.<\/p>\n\n\n\n<p>Observe-se, ademais, que a decis\u00e3o n\u00e3o se circunscreve, potencialmente, somente \u00e0s florestas da Amaz\u00f4nia. &nbsp;A inclus\u00e3o, no texto, do combate, n\u00e3o apenas ao desmatamento, mas tamb\u00e9m \u00e0&nbsp;convers\u00e3ode biomas para uso agr\u00edcola, abre a possibilidade para que outros biomas n\u00e3o-florestais, como o Cerrado e o Pantanal, tamb\u00e9m sejam protegidos pela resolu\u00e7\u00e3o.<\/p>\n\n\n\n<p>E a decis\u00e3o n\u00e3o faz distin\u00e7\u00e3o entre desmatamento legal e ilegal. &nbsp;<\/p>\n\n\n\n<p>\u00c9 bom lembrar, al\u00e9m disso, que, no ano passado, exportamos quase US$ 18 bilh\u00f5es em produtos agropecu\u00e1rios para UE. Por conseguinte, o dano potencial \u00e9 muito grande. &nbsp;<\/p>\n\n\n\n<p>Claro est\u00e1 que essa resolu\u00e7\u00e3o do Parlamento Europeu tem aspectos question\u00e1veis. &nbsp;<\/p>\n\n\n\n<p>O primeiro e mais \u00f3bvio tange ao seu car\u00e1ter unilateral. Idealmente, uma decis\u00e3o de tal envergadura, que produzir\u00e1 efeitos significativos no com\u00e9rcio internacional, teria de ser debatida e aprovada, no \u00e2mbito da OMC. Tal como foi feito no caso da propriedade intelectual, ter\u00edamos de ter um acordo vinculante sobre temas ambientais relacionados ao com\u00e9rcio, que equilibrasse os interesses de pa\u00edses desenvolvidos e em desenvolvimento, que previsse prazos de adapta\u00e7\u00e3o \u00e0s novas regras etc.<\/p>\n\n\n\n<p>O segundo aspecto potencialmente negativo se refere \u00e0 incid\u00eancia desproporcional das medidas nos pa\u00edses em desenvolvimento, onde se localizam os principais biomas florestais do mundo. S\u00e3o pa\u00edses que n\u00e3o t\u00eam, em geral, recursos e tecnologia para colocar em pr\u00e1tica uma produ\u00e7\u00e3o \u201climpa e verde\u201d. Em contraste, a UE possui uma agricultura intensiva em tecnologia e altamente subsidiada. Acrescente-se que o pr\u00f3prio texto da decis\u00e3o reconhece que a \u00e1rea das florestas naturais europeias representa menos de 5% do territ\u00f3rio da UE.<\/p>\n\n\n\n<p>O terceiro aspecto \u00e9 o relativo ao poss\u00edvel aumento dos custos de alguns alimentos. A decis\u00e3o imp\u00f5e que os importadores europeus realizem investiga\u00e7\u00f5es detalhadas para rastrear todos os produtos, de modo a assegurar que n\u00e3o proveem de \u00e1reas desmatadas ou degradadas. Obviamente, isso poder\u00e1 encarecer as trocas comerciais. Num contexto mundial de grande aumento da fome e de infla\u00e7\u00e3o dos pre\u00e7os dos alimentos, essa n\u00e3o \u00e9 precisamente uma boa not\u00edcia. &nbsp;<\/p>\n\n\n\n<p>O quarto e mais amea\u00e7ador aspecto se relaciona a uma potencial emula\u00e7\u00e3o dessas medidas por parte de outros pa\u00edses, com os EUA, por exemplo, que t\u00eam um governo muito comprometido com as causas ambientais. Seria um s\u00e9rio agravante. &nbsp;<\/p>\n\n\n\n<p>N\u00e3o obstante esses questionamentos, a decis\u00e3o do parlamento da UE indica que as empresas, os governos e os consumidores europeus n\u00e3o tolerar\u00e3o mais agress\u00f5es ao meio ambiente ou aos direitos dos povos ind\u00edgenas, e que o Brasil ter\u00e1 de trabalhar muito para \u201climpar a sua imagem\u201d e voltar a ter credibilidade no cen\u00e1rio mundial, ap\u00f3s o desastre do governo Bolsonaro, apoiado pelo agroneg\u00f3cio.<\/p>\n\n\n\n<p>\u00c9 inacredit\u00e1vel que tenhamos descido t\u00e3o baixo em nossa imagem internacional relativa \u00e0s mudan\u00e7as clim\u00e1ticas e \u00e0 prote\u00e7\u00e3o do meio ambiente. Logo o Brasil, que tem tudo para ser uma grande pot\u00eancia ambiental, sustentada por sua enorme biodiversidade.<\/p>\n\n\n\n<p>Mas \u00e9 o que resulta da falta de vis\u00e3o estrat\u00e9gica e da busca s\u00f4frega de lucro f\u00e1cil e predat\u00f3rio de curto-prazo. &nbsp;<\/p>\n\n\n\n<p>\u00c9 o que resulta do apoio a um governo desastroso e incompetente como o de Bolsonaro, que est\u00e1 na contram\u00e3o do planeta e da civiliza\u00e7\u00e3o.<\/p>\n\n\n\n<p>Somente a elei\u00e7\u00e3o de Lula poder\u00e1 reverter esse quadro. Mas h\u00e1 gente que ainda prefira o suic\u00eddio. \u00a0<\/p>\n","protected":false},"excerpt":{"rendered":"<p>Brasil 247, por Marcelo Zero &#8211; A recente e rigorosa decis\u00e3o do Parlamento Europeu de proibir importa\u00e7\u00f5es de produtos provenientes de \u00e1reas desmatadas ou degradadas \u00e9, em boa parte, fruto da desastrada pol\u00edtica antiambiental do governo Bolsonaro. \u00a0<\/p>\n","protected":false},"author":1,"featured_media":0,"comment_status":"closed","ping_status":"open","sticky":false,"template":"","format":"standard","meta":{"_exactmetrics_skip_tracking":false,"_exactmetrics_sitenote_active":false,"_exactmetrics_sitenote_note":"","_exactmetrics_sitenote_category":0,"jetpack_post_was_ever_published":false,"_jetpack_newsletter_access":"","_jetpack_dont_email_post_to_subs":false,"_jetpack_newsletter_tier_id":0,"_jetpack_memberships_contains_paywalled_content":false,"_jetpack_memberships_contains_paid_content":false,"footnotes":"","jetpack_publicize_message":"","jetpack_publicize_feature_enabled":true,"jetpack_social_post_already_shared":true,"jetpack_social_options":{"image_generator_settings":{"template":"highway","enabled":false},"version":2}},"categories":[1],"tags":[],"class_list":["post-34185","post","type-post","status-publish","format-standard","hentry","category-notas"],"jetpack_publicize_connections":[],"jetpack_sharing_enabled":true,"jetpack_featured_media_url":"","jetpack_shortlink":"https:\/\/wp.me\/p7wKYW-8Tn","jetpack-related-posts":[],"_links":{"self":[{"href":"http:\/\/blogdalucianaoliveira.com.br\/blog\/wp-json\/wp\/v2\/posts\/34185","targetHints":{"allow":["GET"]}}],"collection":[{"href":"http:\/\/blogdalucianaoliveira.com.br\/blog\/wp-json\/wp\/v2\/posts"}],"about":[{"href":"http:\/\/blogdalucianaoliveira.com.br\/blog\/wp-json\/wp\/v2\/types\/post"}],"author":[{"embeddable":true,"href":"http:\/\/blogdalucianaoliveira.com.br\/blog\/wp-json\/wp\/v2\/users\/1"}],"replies":[{"embeddable":true,"href":"http:\/\/blogdalucianaoliveira.com.br\/blog\/wp-json\/wp\/v2\/comments?post=34185"}],"version-history":[{"count":1,"href":"http:\/\/blogdalucianaoliveira.com.br\/blog\/wp-json\/wp\/v2\/posts\/34185\/revisions"}],"predecessor-version":[{"id":34187,"href":"http:\/\/blogdalucianaoliveira.com.br\/blog\/wp-json\/wp\/v2\/posts\/34185\/revisions\/34187"}],"wp:attachment":[{"href":"http:\/\/blogdalucianaoliveira.com.br\/blog\/wp-json\/wp\/v2\/media?parent=34185"}],"wp:term":[{"taxonomy":"category","embeddable":true,"href":"http:\/\/blogdalucianaoliveira.com.br\/blog\/wp-json\/wp\/v2\/categories?post=34185"},{"taxonomy":"post_tag","embeddable":true,"href":"http:\/\/blogdalucianaoliveira.com.br\/blog\/wp-json\/wp\/v2\/tags?post=34185"}],"curies":[{"name":"wp","href":"https:\/\/api.w.org\/{rel}","templated":true}]}}