{"id":34188,"date":"2022-09-18T19:32:13","date_gmt":"2022-09-18T23:32:13","guid":{"rendered":"http:\/\/blogdalucianaoliveira.com.br\/blog\/?p=34188"},"modified":"2022-09-18T19:32:15","modified_gmt":"2022-09-18T23:32:15","slug":"bolsonaro-contra-as-mulheres","status":"publish","type":"post","link":"http:\/\/blogdalucianaoliveira.com.br\/blog\/2022\/09\/18\/bolsonaro-contra-as-mulheres\/","title":{"rendered":"Bolsonaro contra as mulheres"},"content":{"rendered":"\n<figure class=\"wp-block-image size-large\"><img loading=\"lazy\" decoding=\"async\" width=\"1200\" height=\"800\" data-attachment-id=\"34189\" data-permalink=\"http:\/\/blogdalucianaoliveira.com.br\/blog\/2022\/09\/18\/bolsonaro-contra-as-mulheres\/6dc2e464-6bad-4675-b248-60ceec2d6bd5\/\" data-orig-file=\"https:\/\/i0.wp.com\/blogdalucianaoliveira.com.br\/blog\/wp-content\/uploads\/2022\/09\/6DC2E464-6BAD-4675-B248-60CEEC2D6BD5.jpeg?fit=1200%2C800\" data-orig-size=\"1200,800\" data-comments-opened=\"0\" data-image-meta=\"{&quot;aperture&quot;:&quot;0&quot;,&quot;credit&quot;:&quot;&quot;,&quot;camera&quot;:&quot;&quot;,&quot;caption&quot;:&quot;&quot;,&quot;created_timestamp&quot;:&quot;0&quot;,&quot;copyright&quot;:&quot;&quot;,&quot;focal_length&quot;:&quot;0&quot;,&quot;iso&quot;:&quot;0&quot;,&quot;shutter_speed&quot;:&quot;0&quot;,&quot;title&quot;:&quot;&quot;,&quot;orientation&quot;:&quot;0&quot;}\" data-image-title=\"6DC2E464-6BAD-4675-B248-60CEEC2D6BD5\" data-image-description=\"\" data-image-caption=\"\" data-medium-file=\"https:\/\/i0.wp.com\/blogdalucianaoliveira.com.br\/blog\/wp-content\/uploads\/2022\/09\/6DC2E464-6BAD-4675-B248-60CEEC2D6BD5.jpeg?fit=300%2C200\" data-large-file=\"https:\/\/i0.wp.com\/blogdalucianaoliveira.com.br\/blog\/wp-content\/uploads\/2022\/09\/6DC2E464-6BAD-4675-B248-60CEEC2D6BD5.jpeg?fit=600%2C400\" src=\"https:\/\/i1.wp.com\/blogdalucianaoliveira.com.br\/blog\/wp-content\/uploads\/2022\/09\/6DC2E464-6BAD-4675-B248-60CEEC2D6BD5.jpeg?fit=600%2C400\" alt=\"\" class=\"wp-image-34189\" srcset=\"https:\/\/i0.wp.com\/blogdalucianaoliveira.com.br\/blog\/wp-content\/uploads\/2022\/09\/6DC2E464-6BAD-4675-B248-60CEEC2D6BD5.jpeg?w=1200 1200w, https:\/\/i0.wp.com\/blogdalucianaoliveira.com.br\/blog\/wp-content\/uploads\/2022\/09\/6DC2E464-6BAD-4675-B248-60CEEC2D6BD5.jpeg?resize=300%2C200 300w, https:\/\/i0.wp.com\/blogdalucianaoliveira.com.br\/blog\/wp-content\/uploads\/2022\/09\/6DC2E464-6BAD-4675-B248-60CEEC2D6BD5.jpeg?resize=1024%2C683 1024w, https:\/\/i0.wp.com\/blogdalucianaoliveira.com.br\/blog\/wp-content\/uploads\/2022\/09\/6DC2E464-6BAD-4675-B248-60CEEC2D6BD5.jpeg?resize=768%2C512 768w, https:\/\/i0.wp.com\/blogdalucianaoliveira.com.br\/blog\/wp-content\/uploads\/2022\/09\/6DC2E464-6BAD-4675-B248-60CEEC2D6BD5.jpeg?resize=450%2C300 450w\" sizes=\"auto, (max-width: 600px) 100vw, 600px\" \/><\/figure>\n\n\n\n<p><a href=\"https:\/\/www1.folha.uol.com.br\/colunas\/celso-rocha-de-barros\/\">Celso Rocha de Barros<\/a>, na Folha &#8211; Que &#8216;identitarismo&#8217; \u00e9 esse que Bolsonaro conseguiu vender para parte dos homens brasileiros?<br><\/p>\n\n\n\n<!--more-->\n\n\n\n<p>A essa altura, ningu\u00e9m discute que\u00a0<a href=\"https:\/\/www1.folha.uol.com.br\/poder\/2022\/09\/datafolha-bolsonaro-e-visto-como-o-que-mais-mente-e-mais-ataca-mulheres.shtml\">Bolsonaro tem um problema com as mulheres<\/a>. Isso ficou evidente em sua agress\u00e3o\u00a0<a href=\"https:\/\/www1.folha.uol.com.br\/poder\/2019\/06\/por-ordem-judicial-bolsonaro-pede-desculpas-a-deputada-maria-do-rosario-do-pt.shtml\">\u00e0 deputada Maria do Ros\u00e1rio<\/a>, em seu\u00a0<a href=\"https:\/\/m.folha.uol.com.br\/poder\/2016\/11\/1830577-bolsonaro-diz-que-ustra-e-heroi-em-sessao-de-seu-processo-de-cassacao.shtml\">elogio da tortura de Dilma Rousseff<\/a>\u00a0na vota\u00e7\u00e3o do impeachment. O problema ficou ainda mais claro em sua campanha contra jornalistas mulheres, com ataques s\u00f3rdidos contra\u00a0<a href=\"https:\/\/www1.folha.uol.com.br\/autores\/patricia-campos-mello.shtml\">Patr\u00edcia Campos Mello<\/a>, M\u00edriam Leit\u00e3o, Amanda Klein e,\u00a0<a href=\"https:\/\/www1.folha.uol.com.br\/poder\/2022\/09\/fala-de-eduardo-bolsonaro-sobre-ataque-a-jornalista-domina-grupos-bolsonaristas.shtml\">mais recentemente, Vera Magalh\u00e3es<\/a>.<\/p>\n\n\n\n<p>\u00c9 cada vez mais claro que Bolsonaro s\u00f3 conseguiu se comportar&nbsp;<a href=\"https:\/\/www1.folha.uol.com.br\/poder\/2022\/08\/entrevista-morna-ao-jn-acaba-em-empate-razoavel-para-bolsonaro.shtml\">mais ou menos bem na sabatina do Jornal Nacional<\/a>&nbsp;porque os horm\u00f4nios de William Bonner estavam ali, dando seguran\u00e7a psicol\u00f3gica para o presidente por mais que Renata Vasconcellos o questionasse.<\/p>\n\n\n\n<p>Recentemente, ali\u00e1s, em um discurso em que tentava usar a primeira-dama para melhorar sua imagem diante do eleitorado feminino,\u00a0<a href=\"https:\/\/www1.folha.uol.com.br\/poder\/2022\/09\/bolsonaro-usa-michelle-ataca-stf-e-repete-ameacas-diante-de-milhares-na-esplanada.shtml\">Jair resolveu puxar um coro em defesa do pr\u00f3prio p\u00eanis<\/a>.<\/p>\n\n\n\n<p>O\u00a0<a href=\"https:\/\/www1.folha.uol.com.br\/poder\/2022\/09\/bolsonaro-captura-o-7-de-setembro-com-comicios-machismo-e-ameacas-repetidas.shtml\">machismo \u00e9 parte do problema<\/a>, \u00e9 claro, mas pol\u00edticos machistas, em geral, s\u00e3o capazes de se controlar quando \u00e9 de seu interesse. O que faz Jair se descontrolar dessa forma?<\/p>\n\n\n\n<p>Sobre isso, h\u00e1 duas hip\u00f3teses. Alguns acham que \u00e9 porque Jair ataca quem denuncia seus crimes, e nos \u00faltimos quatro anos as mulheres fizeram melhor esse trabalho. Outros acham que \u00e9 porque as mulheres brasileiras insistiram em cuidar de seus filhos quando Jair tentou mat\u00e1-los na&nbsp;<a href=\"https:\/\/www1.folha.uol.com.br\/cotidiano\/coronavirus\/\">pandemia de 2020-2021<\/a>&nbsp;e na&nbsp;<a href=\"https:\/\/www1.folha.uol.com.br\/mercado\/2022\/01\/volta-do-brasil-ao-mapa-da-fome-e-retrocesso-inedito-no-mundo-diz-economista.shtml\">fome de 2022<\/a>.<\/p>\n\n\n\n<p>Os ataques \u00e0s jornalistas sempre v\u00eam quando um crime de Jair \u00e9 descoberto. Campos Mello descobriu seu&nbsp;<a href=\"https:\/\/www1.folha.uol.com.br\/poder\/2018\/10\/empresarios-bancam-campanha-contra-o-pt-pelo-whatsapp.shtml\">sistema clandestino de disparos de WhatsApp na campanha de 2018<\/a>, Klein perguntou-lhe sobre&nbsp;<a href=\"https:\/\/www1.folha.uol.com.br\/poder\/2022\/09\/bolsonaro-chama-de-leviana-pergunta-da-jovem-pan-sobre-rachadinha-fantasmas-e-dinheiro-vivo.shtml\">os 51 im\u00f3veis que a fam\u00edlia de Jair pagou em dinheiro vivo<\/a>, Magalh\u00e3es perguntou sobre&nbsp;<a href=\"https:\/\/www1.folha.uol.com.br\/poder\/2022\/08\/bolsonaro-ataca-jornalista-vera-magalhaes-e-tebet-e-diz-que-sao-uma-vergonha-veja-video.shtml\">a culpa de Bolsonaro na redu\u00e7\u00e3o da cobertura vacinal brasileira<\/a>, Leit\u00e3o j\u00e1 denuncia Jair faz tempo por seus ataques \u00e0 democracia.<\/p>\n\n\n\n<p>O papel de destaque das mulheres \u2014n\u00e3o s\u00f3 no jornalismo, mas tamb\u00e9m na pol\u00edtica\u2014 na den\u00fancia do bolsonarismo \u00e9 not\u00e1vel. J\u00e1 fa\u00e7o, inclusive, a aposta: se Lula ganhar e os militares sa\u00edrem da briga, vai aparecer um bando de marmanjo que passou os \u00faltimos quatro anos escondido debaixo da cama e\/ou puxando o saco do Guedes, fazendo pose de corajoso como se tivessem furado fila no desembarque da Normandia.<\/p>\n\n\n\n<p>Mas ainda acho que o principal motivo do \u00f3dio de Bolsonaro contra as mulheres brasileiras se deve \u00e0 insist\u00eancia de nossas compatriotas em dar de comer a seus filhos, em cuidar para que n\u00e3o fiquem doentes.<\/p>\n\n\n\n<p>Bolsonaro deixou os filhos das brasileiras sem vacina durante a pandemia; deixou os filhos das brasileiras sem comida durante a infla\u00e7\u00e3o de 2022. H\u00e1 bem mais mulheres do que homens dizendo que experimentaram inseguran\u00e7a alimentar no Brasil nos \u00faltimos anos.<\/p>\n\n\n\n<p>O que nos leva a repensar o problema: se h\u00e1 mais mulheres do que homens preocupados com a fome de seus filhos, n\u00e3o \u00e9 que Bolsonaro tenha um problema com as mulheres, \u00e9 que o Brasil tem um problema com parte de seus homens. Por que eles n\u00e3o est\u00e3o preocupados com seus filhos?<\/p>\n\n\n\n<p>Em minha primeira coluna sobre Bolsonaro, escrevi que bolsonarismo n\u00e3o era coisa de homem, porque homem \u00e9 um tipo de adulto. Adulto cuida dos filhos. Adulto \u00e9 a favor de vacina. Que &#8220;identitarismo&#8221; \u00e9 esse que Bolsonaro conseguiu vender para parte dos homens brasileiros, em vez de oferecer-lhes emprego, renda e cidadania?<\/p>\n","protected":false},"excerpt":{"rendered":"<p>Celso Rocha de Barros, na Folha &#8211; Que &#8216;identitarismo&#8217; \u00e9 esse que Bolsonaro conseguiu vender para parte dos homens brasileiros?<\/p>\n","protected":false},"author":1,"featured_media":0,"comment_status":"closed","ping_status":"open","sticky":false,"template":"","format":"standard","meta":{"_exactmetrics_skip_tracking":false,"_exactmetrics_sitenote_active":false,"_exactmetrics_sitenote_note":"","_exactmetrics_sitenote_category":0,"jetpack_post_was_ever_published":false,"_jetpack_newsletter_access":"","_jetpack_dont_email_post_to_subs":false,"_jetpack_newsletter_tier_id":0,"_jetpack_memberships_contains_paywalled_content":false,"_jetpack_memberships_contains_paid_content":false,"footnotes":"","jetpack_publicize_message":"","jetpack_publicize_feature_enabled":true,"jetpack_social_post_already_shared":true,"jetpack_social_options":{"image_generator_settings":{"template":"highway","enabled":false},"version":2}},"categories":[1],"tags":[],"class_list":["post-34188","post","type-post","status-publish","format-standard","hentry","category-notas"],"jetpack_publicize_connections":[],"jetpack_sharing_enabled":true,"jetpack_featured_media_url":"","jetpack_shortlink":"https:\/\/wp.me\/p7wKYW-8Tq","jetpack-related-posts":[],"_links":{"self":[{"href":"http:\/\/blogdalucianaoliveira.com.br\/blog\/wp-json\/wp\/v2\/posts\/34188","targetHints":{"allow":["GET"]}}],"collection":[{"href":"http:\/\/blogdalucianaoliveira.com.br\/blog\/wp-json\/wp\/v2\/posts"}],"about":[{"href":"http:\/\/blogdalucianaoliveira.com.br\/blog\/wp-json\/wp\/v2\/types\/post"}],"author":[{"embeddable":true,"href":"http:\/\/blogdalucianaoliveira.com.br\/blog\/wp-json\/wp\/v2\/users\/1"}],"replies":[{"embeddable":true,"href":"http:\/\/blogdalucianaoliveira.com.br\/blog\/wp-json\/wp\/v2\/comments?post=34188"}],"version-history":[{"count":1,"href":"http:\/\/blogdalucianaoliveira.com.br\/blog\/wp-json\/wp\/v2\/posts\/34188\/revisions"}],"predecessor-version":[{"id":34190,"href":"http:\/\/blogdalucianaoliveira.com.br\/blog\/wp-json\/wp\/v2\/posts\/34188\/revisions\/34190"}],"wp:attachment":[{"href":"http:\/\/blogdalucianaoliveira.com.br\/blog\/wp-json\/wp\/v2\/media?parent=34188"}],"wp:term":[{"taxonomy":"category","embeddable":true,"href":"http:\/\/blogdalucianaoliveira.com.br\/blog\/wp-json\/wp\/v2\/categories?post=34188"},{"taxonomy":"post_tag","embeddable":true,"href":"http:\/\/blogdalucianaoliveira.com.br\/blog\/wp-json\/wp\/v2\/tags?post=34188"}],"curies":[{"name":"wp","href":"https:\/\/api.w.org\/{rel}","templated":true}]}}