{"id":34193,"date":"2022-09-18T21:29:32","date_gmt":"2022-09-19T01:29:32","guid":{"rendered":"http:\/\/blogdalucianaoliveira.com.br\/blog\/?p=34193"},"modified":"2022-09-18T21:30:57","modified_gmt":"2022-09-19T01:30:57","slug":"pistoleiros-atacam-posseiros-do-seringal-do-belmont","status":"publish","type":"post","link":"http:\/\/blogdalucianaoliveira.com.br\/blog\/2022\/09\/18\/pistoleiros-atacam-posseiros-do-seringal-do-belmont\/","title":{"rendered":"Pistoleiros atacam posseiros do Seringal do Belmont"},"content":{"rendered":"\n<figure class=\"wp-block-image size-large\"><img loading=\"lazy\" decoding=\"async\" width=\"1030\" height=\"630\" data-attachment-id=\"34196\" data-permalink=\"http:\/\/blogdalucianaoliveira.com.br\/blog\/2022\/09\/18\/pistoleiros-atacam-posseiros-do-seringal-do-belmont\/ad3c0fe7-d47e-4ffe-bf12-ed7f4f8e3386\/\" data-orig-file=\"https:\/\/i0.wp.com\/blogdalucianaoliveira.com.br\/blog\/wp-content\/uploads\/2022\/09\/AD3C0FE7-D47E-4FFE-BF12-ED7F4F8E3386.jpeg?fit=1030%2C630\" data-orig-size=\"1030,630\" data-comments-opened=\"0\" data-image-meta=\"{&quot;aperture&quot;:&quot;0&quot;,&quot;credit&quot;:&quot;&quot;,&quot;camera&quot;:&quot;&quot;,&quot;caption&quot;:&quot;&quot;,&quot;created_timestamp&quot;:&quot;0&quot;,&quot;copyright&quot;:&quot;&quot;,&quot;focal_length&quot;:&quot;0&quot;,&quot;iso&quot;:&quot;0&quot;,&quot;shutter_speed&quot;:&quot;0&quot;,&quot;title&quot;:&quot;&quot;,&quot;orientation&quot;:&quot;1&quot;}\" data-image-title=\"AD3C0FE7-D47E-4FFE-BF12-ED7F4F8E3386\" data-image-description=\"\" data-image-caption=\"\" data-medium-file=\"https:\/\/i0.wp.com\/blogdalucianaoliveira.com.br\/blog\/wp-content\/uploads\/2022\/09\/AD3C0FE7-D47E-4FFE-BF12-ED7F4F8E3386.jpeg?fit=300%2C183\" data-large-file=\"https:\/\/i0.wp.com\/blogdalucianaoliveira.com.br\/blog\/wp-content\/uploads\/2022\/09\/AD3C0FE7-D47E-4FFE-BF12-ED7F4F8E3386.jpeg?fit=600%2C367\" src=\"https:\/\/i2.wp.com\/blogdalucianaoliveira.com.br\/blog\/wp-content\/uploads\/2022\/09\/AD3C0FE7-D47E-4FFE-BF12-ED7F4F8E3386.jpeg?fit=600%2C367\" alt=\"\" class=\"wp-image-34196\" srcset=\"https:\/\/i0.wp.com\/blogdalucianaoliveira.com.br\/blog\/wp-content\/uploads\/2022\/09\/AD3C0FE7-D47E-4FFE-BF12-ED7F4F8E3386.jpeg?w=1030 1030w, https:\/\/i0.wp.com\/blogdalucianaoliveira.com.br\/blog\/wp-content\/uploads\/2022\/09\/AD3C0FE7-D47E-4FFE-BF12-ED7F4F8E3386.jpeg?resize=300%2C183 300w, https:\/\/i0.wp.com\/blogdalucianaoliveira.com.br\/blog\/wp-content\/uploads\/2022\/09\/AD3C0FE7-D47E-4FFE-BF12-ED7F4F8E3386.jpeg?resize=1024%2C626 1024w, https:\/\/i0.wp.com\/blogdalucianaoliveira.com.br\/blog\/wp-content\/uploads\/2022\/09\/AD3C0FE7-D47E-4FFE-BF12-ED7F4F8E3386.jpeg?resize=768%2C470 768w, https:\/\/i0.wp.com\/blogdalucianaoliveira.com.br\/blog\/wp-content\/uploads\/2022\/09\/AD3C0FE7-D47E-4FFE-BF12-ED7F4F8E3386.jpeg?resize=490%2C300 490w\" sizes=\"auto, (max-width: 600px) 100vw, 600px\" \/><\/figure>\n\n\n\n<p>A madrugada de domingo, 18, foi de terror para as 48 fam\u00edlias que reocuparam posse distante cerca de tr\u00eas quil\u00f4metros da \u00e1rea urbana da capital. <br><\/p>\n\n\n\n<p>A comunidade sofreu um ataque violento de pelo menos seis pistoleiros que dispararam contra o acampamento.<\/p>\n\n\n\n<!--more-->\n\n\n\n<p>As fam\u00edlias foram rendidas e obrigadas a deixarem suas casas em \u2018fila indiana\u2019, sob amea\u00e7a de morte.<\/p>\n\n\n\n<figure><iframe loading=\"lazy\" allowfullscreen=\"allowfullscreen\" height=\"210\" src=\"https:\/\/www.blogger.com\/video.g?token=AD6v5dxDymp7bAxJCkdJFSx9yvLykyPbtGmipuOSMDpFlldvieRRCxkN1VnGSJVYts1L235NEPxqg6oZTKz-LrTbwUUOglLt36xoMEjVWLy5sTZGTV1zeZOD9DreTV9BUJHbPLKty_X4\" width=\"280\"><\/iframe><\/figure>\n\n\n\n<p>Segundo relatos, as fam\u00edlias foram levadas para local aberto, onde os pistoleiros separaram homens e mulheres e iniciaram uma sess\u00e3o de tortura.<\/p>\n\n\n\n<p>Os espancamentos eram pra for\u00e7ar os posseiros a dizerem onde estava uma lideran\u00e7a da comunidade.<\/p>\n\n\n\n<p>Dentro de uma casa onde ficaram crian\u00e7as e animais de estima\u00e7\u00e3o, os pistoleiros roubaram celulares, documentos pessoais e carteiras e bolsas com dinheiro.<\/p>\n\n\n\n<p>\u201cOs criminosos jogaram \u00f3leo diesel na parte de cima da casa para incendi\u00e1-la. Nesse momento as fam\u00edlias, mesmo rendidas pelos bandidos, movidas pelo desespero ao perceberem que suas crian\u00e7as estavam dentro da casa e poderiam morrer queimadas, correram para salvar seus filhos\u201d, denunciou a Comiss\u00e3o Pastoral da Terra, CPT &#8211; RO.<\/p>\n\n\n\n<figure><iframe loading=\"lazy\" allowfullscreen=\"allowfullscreen\" height=\"210\" src=\"https:\/\/www.blogger.com\/video.g?token=AD6v5dxVJFumtZqrfP3zXPaDM4hQpoW0FTj6scdYpDaN6JwiQNg2-r11u4wJgNKx054r3KcRuh_aWWk8I_orL1pX3oOo_2ZZ-UPOTYQvDHkKeO0hfPpFyezEdgiZPX55dKA9FixLymQ\" width=\"280\"><\/iframe><\/figure>\n\n\n\n<p>Um dos depoentes disse que os criminosos estavam focados em encontrar a lideran\u00e7a do acampamento e n\u00e3o esperavam encontrar crian\u00e7as, idosos e mulheres.<\/p>\n\n\n\n<p>Com o inc\u00eandio, animais de estima\u00e7\u00e3o que estavam na parte de cima da casa morreram queimados. Um c\u00e3o sobreviveu e est\u00e1 sendo atendido pela organiza\u00e7\u00e3o de prote\u00e7\u00e3o a animais, a Anamnese Consulta.<\/p>\n\n\n\n<figure class=\"wp-block-image size-large\"><img loading=\"lazy\" decoding=\"async\" width=\"1600\" height=\"900\" data-attachment-id=\"34199\" data-permalink=\"http:\/\/blogdalucianaoliveira.com.br\/blog\/2022\/09\/18\/pistoleiros-atacam-posseiros-do-seringal-do-belmont\/f1ef75c5-b263-462d-b70c-f0cd7ac9d113\/\" data-orig-file=\"https:\/\/i0.wp.com\/blogdalucianaoliveira.com.br\/blog\/wp-content\/uploads\/2022\/09\/F1EF75C5-B263-462D-B70C-F0CD7AC9D113.jpeg?fit=1600%2C900\" data-orig-size=\"1600,900\" data-comments-opened=\"0\" data-image-meta=\"{&quot;aperture&quot;:&quot;0&quot;,&quot;credit&quot;:&quot;&quot;,&quot;camera&quot;:&quot;&quot;,&quot;caption&quot;:&quot;&quot;,&quot;created_timestamp&quot;:&quot;0&quot;,&quot;copyright&quot;:&quot;&quot;,&quot;focal_length&quot;:&quot;0&quot;,&quot;iso&quot;:&quot;0&quot;,&quot;shutter_speed&quot;:&quot;0&quot;,&quot;title&quot;:&quot;&quot;,&quot;orientation&quot;:&quot;0&quot;}\" data-image-title=\"F1EF75C5-B263-462D-B70C-F0CD7AC9D113\" data-image-description=\"\" data-image-caption=\"\" data-medium-file=\"https:\/\/i0.wp.com\/blogdalucianaoliveira.com.br\/blog\/wp-content\/uploads\/2022\/09\/F1EF75C5-B263-462D-B70C-F0CD7AC9D113.jpeg?fit=300%2C169\" data-large-file=\"https:\/\/i0.wp.com\/blogdalucianaoliveira.com.br\/blog\/wp-content\/uploads\/2022\/09\/F1EF75C5-B263-462D-B70C-F0CD7AC9D113.jpeg?fit=600%2C338\" src=\"https:\/\/i0.wp.com\/blogdalucianaoliveira.com.br\/blog\/wp-content\/uploads\/2022\/09\/F1EF75C5-B263-462D-B70C-F0CD7AC9D113.jpeg?fit=600%2C338\" alt=\"\" class=\"wp-image-34199\" srcset=\"https:\/\/i0.wp.com\/blogdalucianaoliveira.com.br\/blog\/wp-content\/uploads\/2022\/09\/F1EF75C5-B263-462D-B70C-F0CD7AC9D113.jpeg?w=1600 1600w, https:\/\/i0.wp.com\/blogdalucianaoliveira.com.br\/blog\/wp-content\/uploads\/2022\/09\/F1EF75C5-B263-462D-B70C-F0CD7AC9D113.jpeg?resize=300%2C169 300w, https:\/\/i0.wp.com\/blogdalucianaoliveira.com.br\/blog\/wp-content\/uploads\/2022\/09\/F1EF75C5-B263-462D-B70C-F0CD7AC9D113.jpeg?resize=1024%2C576 1024w, https:\/\/i0.wp.com\/blogdalucianaoliveira.com.br\/blog\/wp-content\/uploads\/2022\/09\/F1EF75C5-B263-462D-B70C-F0CD7AC9D113.jpeg?resize=768%2C432 768w, https:\/\/i0.wp.com\/blogdalucianaoliveira.com.br\/blog\/wp-content\/uploads\/2022\/09\/F1EF75C5-B263-462D-B70C-F0CD7AC9D113.jpeg?resize=1536%2C864 1536w, https:\/\/i0.wp.com\/blogdalucianaoliveira.com.br\/blog\/wp-content\/uploads\/2022\/09\/F1EF75C5-B263-462D-B70C-F0CD7AC9D113.jpeg?resize=533%2C300 533w, https:\/\/i0.wp.com\/blogdalucianaoliveira.com.br\/blog\/wp-content\/uploads\/2022\/09\/F1EF75C5-B263-462D-B70C-F0CD7AC9D113.jpeg?w=1200 1200w\" sizes=\"auto, (max-width: 600px) 100vw, 600px\" \/><\/figure>\n\n\n\n<p>Segundo a CPT, noventa fam\u00edlias viviam nessa comunidade desde 2014. \u201cEm dezembro de 2020 foram despejados \u00e0 revelia, inclusive, contradizendo as medidas determinadas pelo per\u00edodo pand\u00eamico. Por conta do per\u00edodo de isolamento, as fam\u00edlias n\u00e3o tiveram acesso a informa\u00e7\u00e3o de que havia algum processo contra elas\u201d. <\/p>\n\n\n\n<p>Em agosto o grupo foi ouvido durante a miss\u00e3o do Conselho Nacional de Direitos Humanos, CNDH, e no dia 8 de setembro houve decis\u00e3o favor\u00e1vel \u00e0s fam\u00edlias (N.\u00ba 7043042-90.2020.8.22.0000).<\/p>\n\n\n\n<figure class=\"wp-block-image size-large\"><img loading=\"lazy\" decoding=\"async\" width=\"1131\" height=\"769\" data-attachment-id=\"34194\" data-permalink=\"http:\/\/blogdalucianaoliveira.com.br\/blog\/2022\/09\/18\/pistoleiros-atacam-posseiros-do-seringal-do-belmont\/26e9759f-9db0-4424-8eed-00ae0c634408\/\" data-orig-file=\"https:\/\/i0.wp.com\/blogdalucianaoliveira.com.br\/blog\/wp-content\/uploads\/2022\/09\/26E9759F-9DB0-4424-8EED-00AE0C634408.jpeg?fit=1131%2C769\" data-orig-size=\"1131,769\" data-comments-opened=\"0\" data-image-meta=\"{&quot;aperture&quot;:&quot;0&quot;,&quot;credit&quot;:&quot;&quot;,&quot;camera&quot;:&quot;&quot;,&quot;caption&quot;:&quot;&quot;,&quot;created_timestamp&quot;:&quot;0&quot;,&quot;copyright&quot;:&quot;&quot;,&quot;focal_length&quot;:&quot;0&quot;,&quot;iso&quot;:&quot;0&quot;,&quot;shutter_speed&quot;:&quot;0&quot;,&quot;title&quot;:&quot;&quot;,&quot;orientation&quot;:&quot;1&quot;}\" data-image-title=\"26E9759F-9DB0-4424-8EED-00AE0C634408\" data-image-description=\"\" data-image-caption=\"\" data-medium-file=\"https:\/\/i0.wp.com\/blogdalucianaoliveira.com.br\/blog\/wp-content\/uploads\/2022\/09\/26E9759F-9DB0-4424-8EED-00AE0C634408.jpeg?fit=300%2C204\" data-large-file=\"https:\/\/i0.wp.com\/blogdalucianaoliveira.com.br\/blog\/wp-content\/uploads\/2022\/09\/26E9759F-9DB0-4424-8EED-00AE0C634408.jpeg?fit=600%2C408\" src=\"https:\/\/i2.wp.com\/blogdalucianaoliveira.com.br\/blog\/wp-content\/uploads\/2022\/09\/26E9759F-9DB0-4424-8EED-00AE0C634408.jpeg?fit=600%2C408\" alt=\"\" class=\"wp-image-34194\" srcset=\"https:\/\/i0.wp.com\/blogdalucianaoliveira.com.br\/blog\/wp-content\/uploads\/2022\/09\/26E9759F-9DB0-4424-8EED-00AE0C634408.jpeg?w=1131 1131w, https:\/\/i0.wp.com\/blogdalucianaoliveira.com.br\/blog\/wp-content\/uploads\/2022\/09\/26E9759F-9DB0-4424-8EED-00AE0C634408.jpeg?resize=300%2C204 300w, https:\/\/i0.wp.com\/blogdalucianaoliveira.com.br\/blog\/wp-content\/uploads\/2022\/09\/26E9759F-9DB0-4424-8EED-00AE0C634408.jpeg?resize=1024%2C696 1024w, https:\/\/i0.wp.com\/blogdalucianaoliveira.com.br\/blog\/wp-content\/uploads\/2022\/09\/26E9759F-9DB0-4424-8EED-00AE0C634408.jpeg?resize=768%2C522 768w, https:\/\/i0.wp.com\/blogdalucianaoliveira.com.br\/blog\/wp-content\/uploads\/2022\/09\/26E9759F-9DB0-4424-8EED-00AE0C634408.jpeg?resize=441%2C300 441w\" sizes=\"auto, (max-width: 600px) 100vw, 600px\" \/><\/figure>\n\n\n\n<p>No dia 15 de setembro a decis\u00e3o judicial foi apresentada em reuni\u00e3o no INCRA com pedido de encaminhamento. <br><\/p>\n\n\n\n<p>Uma testemunha informou que no mesmo dia a lideran\u00e7a que os pistoleiros tanto procuravam havia sido amea\u00e7ada por latifundi\u00e1rio vizinho a \u00e1rea em disputa. <\/p>\n\n\n\n<p>Neste domingo, houve a\u00e7\u00e3o  de investiga\u00e7\u00e3o e registro dos fatos por uma comiss\u00e3o composta pelo Conselho Estadual dos Direitos Humanos, pela Ouvidoria da Defensoria P\u00fablica do Estado de Rond\u00f4nia, pela Comiss\u00e3o Pastoral da Terra, pelo Interjus\/Instituto Terra e Justi\u00e7a e outros parceiros de milit\u00e2ncia Social e defesa de Direitos Humanos.<\/p>\n\n\n\n<p>Eles foram ao local ouvir as fam\u00edlias e se comprometeram em acionar os \u00f3rg\u00e3os competentes em Seguran\u00e7a P\u00fablica Estadual e Federal.<\/p>\n\n\n\n<figure class=\"wp-block-image\"><a href=\"https:\/\/i0.wp.com\/blogger.googleusercontent.com\/img\/b\/R29vZ2xl\/AVvXsEjpV6EgQni2IcceK8vkMU8WQZatcPhgW1mN4HvaS_b6AM2DfwD_XEjjU2u1AkdF6OOLsPVBGtMvIw-6tASbgs6FJgAcFsO4q1A0WzakMb1UcPWC0LLGq64o6rUIJ_t6Cb4QE9eiZHVxoX1ypBtO_8sNYY7J11e6l9lCzffLbiBiSvsaSZQHTszVIA\/s1032\/ACAMP_BELMONT_2.jpeg?ssl=1\"><img data-recalc-dims=\"1\" decoding=\"async\" src=\"https:\/\/i0.wp.com\/blogger.googleusercontent.com\/img\/b\/R29vZ2xl\/AVvXsEjpV6EgQni2IcceK8vkMU8WQZatcPhgW1mN4HvaS_b6AM2DfwD_XEjjU2u1AkdF6OOLsPVBGtMvIw-6tASbgs6FJgAcFsO4q1A0WzakMb1UcPWC0LLGq64o6rUIJ_t6Cb4QE9eiZHVxoX1ypBtO_8sNYY7J11e6l9lCzffLbiBiSvsaSZQHTszVIA\/w409-h199\/ACAMP_BELMONT_2.jpeg?w=600&#038;ssl=1\" alt=\"\"\/><\/a><\/figure>\n\n\n\n<figure class=\"wp-block-image\"><a href=\"https:\/\/i0.wp.com\/blogger.googleusercontent.com\/img\/b\/R29vZ2xl\/AVvXsEihWF-Hs3ulljGZAhs8JPjCpNQT_tGTjp_7ng9paqSdCAaYT2Sb03bY7W2x4NgDmTTDuN0nyV3pnwAyfUdjclai1r0_L3J_xTMgrBrCD6S7fjf9Rmf0kPRO-_36_S-lpXE_ezA9t0hfV09bhSxqzHhkBTIM_B_pehvx5t3iwmTX-Ouy5avwtS4RvQ\/s1032\/ACAMP_BELMONT_5.jpeg?ssl=1\"><img data-recalc-dims=\"1\" decoding=\"async\" src=\"https:\/\/i0.wp.com\/blogger.googleusercontent.com\/img\/b\/R29vZ2xl\/AVvXsEihWF-Hs3ulljGZAhs8JPjCpNQT_tGTjp_7ng9paqSdCAaYT2Sb03bY7W2x4NgDmTTDuN0nyV3pnwAyfUdjclai1r0_L3J_xTMgrBrCD6S7fjf9Rmf0kPRO-_36_S-lpXE_ezA9t0hfV09bhSxqzHhkBTIM_B_pehvx5t3iwmTX-Ouy5avwtS4RvQ\/w416-h203\/ACAMP_BELMONT_5.jpeg?w=600&#038;ssl=1\" alt=\"\"\/><\/a><\/figure>\n\n\n\n<figure class=\"wp-block-image\"><a href=\"https:\/\/i0.wp.com\/blogger.googleusercontent.com\/img\/b\/R29vZ2xl\/AVvXsEizD1crIOjzoPO-2JZ6BmCMtvOnBpM6gKkvp7FhLMLDRjLCdpuW0z6e5TtkrEm02gBGmu_PLZ873iVugL5QWKl5rRUal4SnvSkLD0z4rzwwyxcD5RbsCVO7ETW4z40bzLu4YwtCyYa3-COFDDMopWWK8gRZ7sMMu084vwefd7SjIKcuZUmzv7TDgg\/s1032\/ACAMP_BELMONT_8.jpeg?ssl=1\"><img data-recalc-dims=\"1\" decoding=\"async\" src=\"https:\/\/i0.wp.com\/blogger.googleusercontent.com\/img\/b\/R29vZ2xl\/AVvXsEizD1crIOjzoPO-2JZ6BmCMtvOnBpM6gKkvp7FhLMLDRjLCdpuW0z6e5TtkrEm02gBGmu_PLZ873iVugL5QWKl5rRUal4SnvSkLD0z4rzwwyxcD5RbsCVO7ETW4z40bzLu4YwtCyYa3-COFDDMopWWK8gRZ7sMMu084vwefd7SjIKcuZUmzv7TDgg\/w425-h207\/ACAMP_BELMONT_8.jpeg?w=600&#038;ssl=1\" alt=\"\"\/><\/a><\/figure>\n\n\n\n<p>As fam\u00edlias pedem socorro, seguran\u00e7a e agilidade por parte das autoridades competentes.<\/p>\n\n\n\n<p><\/p>\n","protected":false},"excerpt":{"rendered":"<p>A madrugada de domingo, 18, foi de terror para as 48 fam\u00edlias que reocuparam posse distante cerca de tr\u00eas quil\u00f4metros da \u00e1rea urbana da capital. A comunidade sofreu um ataque violento de pelo menos seis pistoleiros que dispararam contra o acampamento.<\/p>\n","protected":false},"author":1,"featured_media":0,"comment_status":"closed","ping_status":"open","sticky":false,"template":"","format":"standard","meta":{"_exactmetrics_skip_tracking":false,"_exactmetrics_sitenote_active":false,"_exactmetrics_sitenote_note":"","_exactmetrics_sitenote_category":0,"jetpack_post_was_ever_published":false,"_jetpack_newsletter_access":"","_jetpack_dont_email_post_to_subs":false,"_jetpack_newsletter_tier_id":0,"_jetpack_memberships_contains_paywalled_content":false,"_jetpack_memberships_contains_paid_content":false,"footnotes":"","jetpack_publicize_message":"","jetpack_publicize_feature_enabled":true,"jetpack_social_post_already_shared":true,"jetpack_social_options":{"image_generator_settings":{"template":"highway","enabled":false},"version":2}},"categories":[1],"tags":[798,797],"class_list":["post-34193","post","type-post","status-publish","format-standard","hentry","category-notas","tag-ataque","tag-seringal-belmont"],"jetpack_publicize_connections":[],"jetpack_sharing_enabled":true,"jetpack_featured_media_url":"","jetpack_shortlink":"https:\/\/wp.me\/p7wKYW-8Tv","jetpack-related-posts":[],"_links":{"self":[{"href":"http:\/\/blogdalucianaoliveira.com.br\/blog\/wp-json\/wp\/v2\/posts\/34193","targetHints":{"allow":["GET"]}}],"collection":[{"href":"http:\/\/blogdalucianaoliveira.com.br\/blog\/wp-json\/wp\/v2\/posts"}],"about":[{"href":"http:\/\/blogdalucianaoliveira.com.br\/blog\/wp-json\/wp\/v2\/types\/post"}],"author":[{"embeddable":true,"href":"http:\/\/blogdalucianaoliveira.com.br\/blog\/wp-json\/wp\/v2\/users\/1"}],"replies":[{"embeddable":true,"href":"http:\/\/blogdalucianaoliveira.com.br\/blog\/wp-json\/wp\/v2\/comments?post=34193"}],"version-history":[{"count":3,"href":"http:\/\/blogdalucianaoliveira.com.br\/blog\/wp-json\/wp\/v2\/posts\/34193\/revisions"}],"predecessor-version":[{"id":34200,"href":"http:\/\/blogdalucianaoliveira.com.br\/blog\/wp-json\/wp\/v2\/posts\/34193\/revisions\/34200"}],"wp:attachment":[{"href":"http:\/\/blogdalucianaoliveira.com.br\/blog\/wp-json\/wp\/v2\/media?parent=34193"}],"wp:term":[{"taxonomy":"category","embeddable":true,"href":"http:\/\/blogdalucianaoliveira.com.br\/blog\/wp-json\/wp\/v2\/categories?post=34193"},{"taxonomy":"post_tag","embeddable":true,"href":"http:\/\/blogdalucianaoliveira.com.br\/blog\/wp-json\/wp\/v2\/tags?post=34193"}],"curies":[{"name":"wp","href":"https:\/\/api.w.org\/{rel}","templated":true}]}}