{"id":34201,"date":"2022-09-19T08:31:37","date_gmt":"2022-09-19T12:31:37","guid":{"rendered":"http:\/\/blogdalucianaoliveira.com.br\/blog\/?p=34201"},"modified":"2022-09-19T08:31:39","modified_gmt":"2022-09-19T12:31:39","slug":"empresario-suspeito-de-mineracao-ilegal-na-amazonia-e-preso-em-sp","status":"publish","type":"post","link":"http:\/\/blogdalucianaoliveira.com.br\/blog\/2022\/09\/19\/empresario-suspeito-de-mineracao-ilegal-na-amazonia-e-preso-em-sp\/","title":{"rendered":"Empres\u00e1rio suspeito de minera\u00e7\u00e3o ilegal na Amaz\u00f4nia \u00e9 preso em SP"},"content":{"rendered":"\n<figure class=\"wp-block-image size-large\"><img data-recalc-dims=\"1\" loading=\"lazy\" decoding=\"async\" width=\"600\" height=\"400\" data-attachment-id=\"34202\" data-permalink=\"http:\/\/blogdalucianaoliveira.com.br\/blog\/2022\/09\/19\/empresario-suspeito-de-mineracao-ilegal-na-amazonia-e-preso-em-sp\/8a00f472-d1f4-4bd8-a3c9-522ed92a49c7\/\" data-orig-file=\"https:\/\/i0.wp.com\/blogdalucianaoliveira.com.br\/blog\/wp-content\/uploads\/2022\/09\/8A00F472-D1F4-4BD8-A3C9-522ED92A49C7.jpeg?fit=768%2C512\" data-orig-size=\"768,512\" data-comments-opened=\"0\" data-image-meta=\"{&quot;aperture&quot;:&quot;0&quot;,&quot;credit&quot;:&quot;&quot;,&quot;camera&quot;:&quot;&quot;,&quot;caption&quot;:&quot;&quot;,&quot;created_timestamp&quot;:&quot;0&quot;,&quot;copyright&quot;:&quot;&quot;,&quot;focal_length&quot;:&quot;0&quot;,&quot;iso&quot;:&quot;0&quot;,&quot;shutter_speed&quot;:&quot;0&quot;,&quot;title&quot;:&quot;&quot;,&quot;orientation&quot;:&quot;0&quot;}\" data-image-title=\"8A00F472-D1F4-4BD8-A3C9-522ED92A49C7\" data-image-description=\"\" data-image-caption=\"\" data-medium-file=\"https:\/\/i0.wp.com\/blogdalucianaoliveira.com.br\/blog\/wp-content\/uploads\/2022\/09\/8A00F472-D1F4-4BD8-A3C9-522ED92A49C7.jpeg?fit=300%2C200\" data-large-file=\"https:\/\/i0.wp.com\/blogdalucianaoliveira.com.br\/blog\/wp-content\/uploads\/2022\/09\/8A00F472-D1F4-4BD8-A3C9-522ED92A49C7.jpeg?fit=600%2C400\" src=\"https:\/\/i0.wp.com\/blogdalucianaoliveira.com.br\/blog\/wp-content\/uploads\/2022\/09\/8A00F472-D1F4-4BD8-A3C9-522ED92A49C7.jpeg?resize=600%2C400\" alt=\"\" class=\"wp-image-34202\" srcset=\"https:\/\/i0.wp.com\/blogdalucianaoliveira.com.br\/blog\/wp-content\/uploads\/2022\/09\/8A00F472-D1F4-4BD8-A3C9-522ED92A49C7.jpeg?w=768 768w, https:\/\/i0.wp.com\/blogdalucianaoliveira.com.br\/blog\/wp-content\/uploads\/2022\/09\/8A00F472-D1F4-4BD8-A3C9-522ED92A49C7.jpeg?resize=300%2C200 300w, https:\/\/i0.wp.com\/blogdalucianaoliveira.com.br\/blog\/wp-content\/uploads\/2022\/09\/8A00F472-D1F4-4BD8-A3C9-522ED92A49C7.jpeg?resize=450%2C300 450w\" sizes=\"auto, (max-width: 600px) 100vw, 600px\" \/><\/figure>\n\n\n\n<p>Em maio, Dirceu Frederico Sobrinho assumiu ser dono de 78 kg de ouro apreendidos pela Pol\u00edcia Federal em Sorocaba (SP).<\/p>\n\n\n\n<!--more-->\n\n\n\n<p>Folha &#8211; A\u00a0<a href=\"https:\/\/www1.folha.uol.com.br\/folha-topicos\/policia-militar\/\">Pol\u00edcia Militar<\/a>\u00a0de S\u00e3o Paulo prendeu por volta das 12h30 deste domingo (18) o empres\u00e1rio Dirceu Santos Frederico Sobrinho, 57, em uma blitz no bairro de Moema, zona sul da capital.<\/p>\n\n\n\n<p>Dono da empresa de minera\u00e7\u00e3o FD Gold, com sede na avenida Paulista, e presidente da Anoro (Associa\u00e7\u00e3o Nacional do Ouro), ele tinha um mandado de pris\u00e3o tempor\u00e1ria de cinco dias expedido contra ele pela Pol\u00edcia Federal de&nbsp;<a href=\"https:\/\/www1.folha.uol.com.br\/folha-topicos\/rondonia-estado\/\">Rond\u00f4nia<\/a>.<\/p>\n\n\n\n<p>O processo corre em sigilo. Frederico Sobrinho \u00e9 suspeito de minera\u00e7\u00e3o ilegal na\u00a0<a href=\"https:\/\/www1.folha.uol.com.br\/folha-topicos\/amazonia\/\">Amaz\u00f4nia<\/a>. Ap\u00f3s a pris\u00e3o, ele foi levado para a carceragem da Pol\u00edcia Federal de S\u00e3o Paulo.<\/p>\n\n\n\n<p>A reportagem tentou contato com a assessoria de imprensa da FD Gold na noite deste domingo, mas n\u00e3o houve retorno para mensagens nem liga\u00e7\u00f5es.<\/p>\n\n\n\n<p>Em maio, depois que a&nbsp;<a href=\"https:\/\/www1.folha.uol.com.br\/folha-topicos\/policia-federal\/\">Pol\u00edcia Federal<\/a>apreendeu&nbsp;<a href=\"https:\/\/www1.folha.uol.com.br\/cotidiano\/2022\/05\/pf-apreende-78-kg-de-ouro-em-aeronave-escoltada-por-pms-de-sao-paulo.shtml\">78 kg de ouro \u2014de valor estimado de R$ 23 milh\u00f5es\u2014&nbsp;<\/a>em Sorocaba,&nbsp;<a href=\"https:\/\/www1.folha.uol.com.br\/folha-topicos\/interior-de-sao-paulo\/\">no interior de S\u00e3o Paulo<\/a>, o empres\u00e1rio veio a p\u00fablico para confirmar que o metal pertencia de fato \u00e0 sua empresa. Na ocasi\u00e3o, ele defendeu que tudo tinha origem legal.<\/p>\n\n\n\n<p>&#8220;Esse ouro pertence, sim, \u00e0 minha empresa&#8221;, afirmou o empres\u00e1rio, em v\u00eddeo enviado pela assessoria de imprensa da FD Gold. &#8220;Todo ele foi comprado sob permiss\u00e3o de lavra garimpeira concedida, que n\u00e3o pertence a \u00e1rea ind\u00edgena, que n\u00e3o pertence a garimpos ilegais.&#8221;<\/p>\n\n\n\n<figure class=\"wp-block-image\"><img data-recalc-dims=\"1\" decoding=\"async\" src=\"https:\/\/i0.wp.com\/f.i.uol.com.br\/fotografia\/2022\/05\/05\/16517536086273c28828000_1651753608_3x2_md.jpg?w=600&#038;ssl=1\" alt=\"78 kg de ouro apreendido pela PF em Sorocaba (SP)\"\/><figcaption>Ouro apreendido pela PF em Sorocaba (SP) em maio deste ano &#8211;&nbsp;Divulga\u00e7\u00e3o<\/figcaption><\/figure>\n\n\n\n<p><a href=\"https:\/\/www1.folha.uol.com.br\/cotidiano\/2022\/05\/ouro-apreendido-pela-pf-em-sp-pertence-a-empresario-que-foi-candidato-pelo-psdb.shtml\">Dirceu Sobrinho, que foi filiado ao PSDB<\/a>&nbsp;e, em 2018, chegou a concorrer como primeiro suplente do senador Flecha Ribeiro, pelo estado do Par\u00e1, afirma ainda no v\u00eddeo que o garimpo precisa de mudan\u00e7as.<\/p>\n\n\n\n<p>&#8220;Principalmente na quest\u00e3o ambiental&#8221;, diz. &#8220;E n\u00f3s fazemos parte desse trabalho, buscando sempre a parte educacional e orientativa. A minha empresa recolhe todos os tributos, todos os encargos. E vai continuar trabalhando de forma correta, digna e s\u00e9ria.&#8221;<\/p>\n\n\n\n<p>O carregamento de ouro apreendido pela PF era escoltado por policiais militares paulistas, dois deles lotados na Casa Militar, unidade da Pol\u00edcia Militar de S\u00e3o Paulo instalada dentro do Pal\u00e1cio dos Bandeirantes e respons\u00e1vel pela seguran\u00e7a dos governadores.<\/p>\n\n\n\n<p>No v\u00eddeo, o empres\u00e1rio nada fala sobre a escolta.<\/p>\n\n\n\n<p>Os PMs estavam em dois ve\u00edculos registrados em nome da FD Gold. Integrantes da c\u00fapula da Seguran\u00e7a P\u00fablica de S\u00e3o Paulo ouvidos pela&nbsp;<strong>Folha&nbsp;<\/strong>afirmaram que os PMs relataram aos superiores que estavam a servi\u00e7o dessa empresa.<\/p>\n\n\n\n<p>Segundo a PF, os documentos apontam que o ouro seria proveniente de&nbsp;<a href=\"https:\/\/www1.folha.uol.com.br\/folha-topicos\/mato-grosso-estado\/\">Mato Grosso<\/a>&nbsp;e Par\u00e1. &#8220;O metal foi encaminhado para realiza\u00e7\u00e3o de per\u00edcia em laborat\u00f3rio espec\u00edfico da PF.&#8221;<\/p>\n\n\n\n<p>A PF afirmou, ainda, que o avi\u00e3o usado para transportar o ouro tinha sido apreendido por ser objeto de sequestro criminal em outro inqu\u00e9rito policial. &#8220;As circunst\u00e2ncias da utiliza\u00e7\u00e3o proibida da aeronave ser\u00e3o apuradas.&#8221;<\/p>\n","protected":false},"excerpt":{"rendered":"<p>Em maio, Dirceu Frederico Sobrinho assumiu ser dono de 78 kg de ouro apreendidos pela Pol\u00edcia Federal em Sorocaba (SP).<\/p>\n","protected":false},"author":1,"featured_media":0,"comment_status":"closed","ping_status":"open","sticky":false,"template":"","format":"standard","meta":{"_exactmetrics_skip_tracking":false,"_exactmetrics_sitenote_active":false,"_exactmetrics_sitenote_note":"","_exactmetrics_sitenote_category":0,"jetpack_post_was_ever_published":false,"_jetpack_newsletter_access":"","_jetpack_dont_email_post_to_subs":false,"_jetpack_newsletter_tier_id":0,"_jetpack_memberships_contains_paywalled_content":false,"_jetpack_memberships_contains_paid_content":false,"footnotes":"","jetpack_publicize_message":"","jetpack_publicize_feature_enabled":true,"jetpack_social_post_already_shared":true,"jetpack_social_options":{"image_generator_settings":{"template":"highway","enabled":false},"version":2}},"categories":[1],"tags":[],"class_list":["post-34201","post","type-post","status-publish","format-standard","hentry","category-notas"],"jetpack_publicize_connections":[],"jetpack_sharing_enabled":true,"jetpack_featured_media_url":"","jetpack_shortlink":"https:\/\/wp.me\/p7wKYW-8TD","jetpack-related-posts":[],"_links":{"self":[{"href":"http:\/\/blogdalucianaoliveira.com.br\/blog\/wp-json\/wp\/v2\/posts\/34201","targetHints":{"allow":["GET"]}}],"collection":[{"href":"http:\/\/blogdalucianaoliveira.com.br\/blog\/wp-json\/wp\/v2\/posts"}],"about":[{"href":"http:\/\/blogdalucianaoliveira.com.br\/blog\/wp-json\/wp\/v2\/types\/post"}],"author":[{"embeddable":true,"href":"http:\/\/blogdalucianaoliveira.com.br\/blog\/wp-json\/wp\/v2\/users\/1"}],"replies":[{"embeddable":true,"href":"http:\/\/blogdalucianaoliveira.com.br\/blog\/wp-json\/wp\/v2\/comments?post=34201"}],"version-history":[{"count":1,"href":"http:\/\/blogdalucianaoliveira.com.br\/blog\/wp-json\/wp\/v2\/posts\/34201\/revisions"}],"predecessor-version":[{"id":34203,"href":"http:\/\/blogdalucianaoliveira.com.br\/blog\/wp-json\/wp\/v2\/posts\/34201\/revisions\/34203"}],"wp:attachment":[{"href":"http:\/\/blogdalucianaoliveira.com.br\/blog\/wp-json\/wp\/v2\/media?parent=34201"}],"wp:term":[{"taxonomy":"category","embeddable":true,"href":"http:\/\/blogdalucianaoliveira.com.br\/blog\/wp-json\/wp\/v2\/categories?post=34201"},{"taxonomy":"post_tag","embeddable":true,"href":"http:\/\/blogdalucianaoliveira.com.br\/blog\/wp-json\/wp\/v2\/tags?post=34201"}],"curies":[{"name":"wp","href":"https:\/\/api.w.org\/{rel}","templated":true}]}}