{"id":34204,"date":"2022-09-20T08:47:33","date_gmt":"2022-09-20T12:47:33","guid":{"rendered":"http:\/\/blogdalucianaoliveira.com.br\/blog\/?p=34204"},"modified":"2022-09-20T08:49:40","modified_gmt":"2022-09-20T12:49:40","slug":"candidatos-fantasmas-recebem-r-58-milhoes-do-fundo-eleitoral","status":"publish","type":"post","link":"http:\/\/blogdalucianaoliveira.com.br\/blog\/2022\/09\/20\/candidatos-fantasmas-recebem-r-58-milhoes-do-fundo-eleitoral\/","title":{"rendered":"Candidatos \u2018fantasmas\u2019 recebem R$ 5,8 milh\u00f5es do fundo eleitoral"},"content":{"rendered":"\n<figure class=\"wp-block-image size-large\"><img data-recalc-dims=\"1\" loading=\"lazy\" decoding=\"async\" width=\"600\" height=\"315\" data-attachment-id=\"34205\" data-permalink=\"http:\/\/blogdalucianaoliveira.com.br\/blog\/2022\/09\/20\/candidatos-fantasmas-recebem-r-58-milhoes-do-fundo-eleitoral\/31d4be5b-d37a-490f-9459-c0c17f45495c\/\" data-orig-file=\"https:\/\/i0.wp.com\/blogdalucianaoliveira.com.br\/blog\/wp-content\/uploads\/2022\/09\/31D4BE5B-D37A-490F-9459-C0C17F45495C.jpeg?fit=640%2C336\" data-orig-size=\"640,336\" data-comments-opened=\"0\" data-image-meta=\"{&quot;aperture&quot;:&quot;0&quot;,&quot;credit&quot;:&quot;&quot;,&quot;camera&quot;:&quot;&quot;,&quot;caption&quot;:&quot;&quot;,&quot;created_timestamp&quot;:&quot;0&quot;,&quot;copyright&quot;:&quot;&quot;,&quot;focal_length&quot;:&quot;0&quot;,&quot;iso&quot;:&quot;0&quot;,&quot;shutter_speed&quot;:&quot;0&quot;,&quot;title&quot;:&quot;&quot;,&quot;orientation&quot;:&quot;0&quot;}\" data-image-title=\"31D4BE5B-D37A-490F-9459-C0C17F45495C\" data-image-description=\"\" data-image-caption=\"\" data-medium-file=\"https:\/\/i0.wp.com\/blogdalucianaoliveira.com.br\/blog\/wp-content\/uploads\/2022\/09\/31D4BE5B-D37A-490F-9459-C0C17F45495C.jpeg?fit=300%2C158\" data-large-file=\"https:\/\/i0.wp.com\/blogdalucianaoliveira.com.br\/blog\/wp-content\/uploads\/2022\/09\/31D4BE5B-D37A-490F-9459-C0C17F45495C.jpeg?fit=600%2C315\" src=\"https:\/\/i0.wp.com\/blogdalucianaoliveira.com.br\/blog\/wp-content\/uploads\/2022\/09\/31D4BE5B-D37A-490F-9459-C0C17F45495C.jpeg?resize=600%2C315\" alt=\"\" class=\"wp-image-34205\" srcset=\"https:\/\/i0.wp.com\/blogdalucianaoliveira.com.br\/blog\/wp-content\/uploads\/2022\/09\/31D4BE5B-D37A-490F-9459-C0C17F45495C.jpeg?w=640 640w, https:\/\/i0.wp.com\/blogdalucianaoliveira.com.br\/blog\/wp-content\/uploads\/2022\/09\/31D4BE5B-D37A-490F-9459-C0C17F45495C.jpeg?resize=300%2C158 300w, https:\/\/i0.wp.com\/blogdalucianaoliveira.com.br\/blog\/wp-content\/uploads\/2022\/09\/31D4BE5B-D37A-490F-9459-C0C17F45495C.jpeg?resize=571%2C300 571w\" sizes=\"auto, (max-width: 600px) 100vw, 600px\" \/><\/figure>\n\n\n\n<p>\u2018Estad\u00e3o\u2019 encontra casos suspeitos no Pa\u00eds que obedecem a um padr\u00e3o: o dinheiro da reserva p\u00fablica \u00e9 distribu\u00eddo por dirigentes partid\u00e1rios para as candidaturas.<\/p>\n\n\n\n<!--more-->\n\n\n\n<p>Estad\u00e3o, Por&nbsp;Daniel Weterman, Julia Affonso e Vin\u00edcius Valfr\u00e9<\/p>\n\n\n\n<p>Partidos repassaram ao menos R$ 5,8 milh\u00f5es do fundo eleitoral para candidatos \u201cfantasmas\u201d. O dinheiro p\u00fablico caiu na conta de pol\u00edticos que, a 12 dias das elei\u00e7\u00f5es, praticamente n\u00e3o fizeram campanha, n\u00e3o usaram as redes sociais para divulgar seus nomes, n\u00e3o distribu\u00edram santinhos, s\u00e3o ne\u00f3fitos ou tiveram vota\u00e7\u00e3o p\u00edfia em disputas passadas. Mas, mesmo assim, receberam acima da m\u00e9dia dos concorrentes. A verba tamb\u00e9m foi parar em empresas que n\u00e3o entregaram os servi\u00e7os e bancou despesas de outros postulantes.<\/p>\n\n\n\n<p>No Amazonas, uma candidata a deputado federal pelo PROS ganhou R$ 3 milh\u00f5es do fundo eleitoral e se tornou a l\u00edder nacional em repasses do partido. Em 2018, ela recebeu 41 votos e terminou a disputa naquele ano com as contas rejeitadas por ocultar gastos da Justi\u00e7a Eleitoral. O valor destinado a ela \u00e9 maior do que a candidatos com grande potencial eleitoral. O presidente da C\u00e2mara,&nbsp;<a rel=\"noreferrer noopener\" href=\"https:\/\/tudo-sobre.estadao.com.br\/arthur-lira\" target=\"_blank\"><strong>Arthur Lira<\/strong><\/a>&nbsp;(PP-AL), por exemplo, recebeu R$ 2 milh\u00f5es para sua reelei\u00e7\u00e3o;&nbsp;<a rel=\"noreferrer noopener\" href=\"https:\/\/tudo-sobre.estadao.com.br\/eduardo-bolsonaro\" target=\"_blank\"><strong>Eduardo Bolsonaro<\/strong><\/a>&nbsp;(PL-SP), campe\u00e3o nacional de votos na \u00faltima disputa, R$ 500 mil.<\/p>\n\n\n\n<p>Em Rond\u00f4nia, o PP entregou R$ 2,2 milh\u00f5es para uma candidata que contratou uma empresa de marketing sem ter feito propaganda nas redes sociais. Questionada sobre como conseguiu tantos recursos, mesmo sendo estreante, Marlucia Oliveira justificou: \u201cSou a queridinha do partido, mas n\u00e3o no sentido pejorativo\u201d.<\/p>\n\n\n\n<p>O&nbsp;<strong>Estad\u00e3o&nbsp;<\/strong>encontrou casos suspeitos de norte a sul e obedecem a um padr\u00e3o. O fundo eleitoral, que neste ano ficou em R$ 5 bilh\u00f5es, \u00e9 distribu\u00eddo por dirigentes partid\u00e1rios e, agora, cai na conta de candidatos que n\u00e3o est\u00e3o fazendo campanha. A divis\u00e3o beneficia at\u00e9 quem abandonou a disputa ou est\u00e1 com a candidatura indeferida, sem devolu\u00e7\u00e3o da verba para os cofres p\u00fablicos.<\/p>\n\n\n\n<p>\u00c9 o caso da candidata a deputado federal Adriana Mendon\u00e7a. Foi ela que recebeu do PROS R$ 3 milh\u00f5es, o que a faz a 14.\u00aa candidata mais contemplada pelo \u201cfund\u00e3o\u201d em todo o Pa\u00eds, numa lista que s\u00f3 tem puxadores de votos e nomes disputando a reelei\u00e7\u00e3o. Em 2018, ela teve apenas 41 votos para o cargo de deputado estadual.<\/p>\n\n\n\n<p>A campanha de Adriana se resume a 33 posts numa p\u00e1gina do Facebook e do Instagram, no ar h\u00e1 duas semanas. Todos s\u00e3o montagens. Em nenhuma das publica\u00e7\u00f5es aparece interagindo com eleitores ou em v\u00eddeos pedindo apoio. As p\u00e1ginas somam 59 seguidores e o post com maior visualiza\u00e7\u00e3o teve 69 curtidas. Em sua p\u00e1gina pessoal no Instagram, ela fala apenas da candidatura do ex-marido, que concorre ao governo do Amazonas pelo Podemos.<\/p>\n\n\n\n<figure class=\"wp-block-image\"><img data-recalc-dims=\"1\" decoding=\"async\" src=\"https:\/\/i0.wp.com\/www.estadao.com.br\/resizer\/htz7m2n9cDjV6TcOFuCx0Qxi-oE%3D\/380x0\/filters%3Aformat%28jpg%29%3Aquality%2880%29\/cloudfront-us-east-1.images.arcpublishing.com\/estadao\/BZNM6QXGD5F75OVJTSBBLXR2VI.jpg?w=600&#038;ssl=1\" alt=\"Candidata a deputado federal Adriana Mendon\u00e7a recebeu do PROS R$ 3 milh\u00f5es\"\/><figcaption>Candidata a deputado federal Adriana Mendon\u00e7a recebeu do PROS R$ 3 milh\u00f5es&nbsp;Foto:Instagram\/Reprodu\u00e7\u00e3o<\/figcaption><\/figure>\n\n\n\n<p>Apesar da escassa campanha nas redes, Adriana contratou uma empresa de marketing digital por R$ 750 mil. Ela \u00e9 a \u00fanica candidata em todo o Brasil que buscou a Digital Comunica\u00e7\u00e3o Ltda. Os gastos chamaram a aten\u00e7\u00e3o dos demais candidatos do PROS no Estado, que acionaram o Minist\u00e9rio P\u00fablico e a Pol\u00edcia Federal para investigar o repasse milion\u00e1rio. Atualmente, a candidatura de Adriana est\u00e1 indeferida por duas raz\u00f5es: registro fora do prazo e contas rejeitadas em 2018 por ocultar gastos na Justi\u00e7a Eleitoral. Ela recorreu e continua na disputa.<\/p>\n\n\n\n<p>O presidente estadual do PROS, Edward Malta, admitiu ao<strong>&nbsp;Estad\u00e3o&nbsp;<\/strong>que o dinheiro repassado a Adriana \u00e9 para bancar a campanha do ex-marido dela ao governo. Essa movimenta\u00e7\u00e3o, por\u00e9m, precisaria ser oficializada, o que n\u00e3o ocorreu. A candidata n\u00e3o foi localizada. O telefone informado no registro da candidatura \u00e9 o do presidente do PROS.<\/p>\n\n\n\n<figure class=\"wp-block-image\"><img data-recalc-dims=\"1\" decoding=\"async\" src=\"https:\/\/i0.wp.com\/www.estadao.com.br\/resizer\/UHGsyD0psLFsVj2gtMF0y-SrSGk%3D\/380x0\/filters%3Aformat%28jpg%29%3Aquality%2880%29\/cloudfront-us-east-1.images.arcpublishing.com\/estadao\/KCNFS67ZS5BOJO3V67BO3O5F7M.jpg?w=600&#038;ssl=1\" alt=\"A campanha de Adriana Mendon\u00e7a se resume a 33 posts numa p\u00e1gina do Facebook e do Instagram\"\/><figcaption>A campanha de Adriana Mendon\u00e7a se resume a 33 posts numa p\u00e1gina do Facebook e do Instagram&nbsp;<\/figcaption><\/figure>\n\n\n\n<p>\u201cO recurso vai ser usado na campanha do governador, do vice, de todos os candidatos\u201d, disse Malta. Sobre a contrata\u00e7\u00e3o da Digital Comunica\u00e7\u00e3o, afirmou: \u201cA empresa quem contratou foi a deputada, eu n\u00e3o posso te falar agora\u201d.<\/p>\n\n\n\n<p>Em Minas, o PROS p\u00f4s R$ 300 mil na conta da candidata Gisele da Costura, estreante na pol\u00edtica. Nas redes, ela publicou apenas uma foto com o n\u00famero de urna desde que a campanha come\u00e7ou, em 16 de agosto. \u201cO partido explicou que tinha necessidade de ter candidatas mulheres, de pele negra, que isso ajudava o partido. Foi nessa que eu entrei. O partido precisa de uma certa quantidade de mulheres, n\u00e9?\u201d, disse ela.<\/p>\n\n\n\n<figure class=\"wp-block-image\"><img data-recalc-dims=\"1\" decoding=\"async\" src=\"https:\/\/i0.wp.com\/www.estadao.com.br\/resizer\/9R_gvJeXwpmWggO74f7KGqyzPH4%3D\/380x0\/filters%3Aformat%28jpg%29%3Aquality%2880%29\/cloudfront-us-east-1.images.arcpublishing.com\/estadao\/ZYLY2E6DGFGC7LVY6NVJSVKLGM.jpeg?w=600&#038;ssl=1\" alt=\"Em Minas, o PROS p\u00f4s R$ 300 mil na conta da candidata Gisele da Costura, estreante na pol\u00edtica\"\/><figcaption>Em Minas, o PROS p\u00f4s R$ 300 mil na conta da candidata Gisele da Costura, estreante na pol\u00edtica&nbsp;<\/figcaption><\/figure>\n\n\n\n<p>A candidata declarou ter contratado R$ 15 mil em despesas com cabo eleitoral, sem produzir nenhum material impresso nem publicidade digital at\u00e9 hoje. Procurada pelo&nbsp;<strong>Estad\u00e3o<\/strong>, disse que \u201cagora vai sair\u201d o material de campanha. \u201cPara ser bem sincera, eu tenho um pouco de dificuldade com a rede social, entendeu?\u201d<\/p>\n\n\n\n<p>Tamb\u00e9m em Minas, o PL, partido do presidente&nbsp;<a href=\"https:\/\/tudo-sobre.estadao.com.br\/jair-bolsonaro\" target=\"_blank\" rel=\"noreferrer noopener\"><strong>Jair Bolsonaro<\/strong><\/a>, entregou R$ 20 mil para Patr\u00edcia Guerra, candidata que faz propaganda nas redes sociais, mas de venda de roupas. \u201cEles me colocaram e eu entrei\u201d, disse ela. At\u00e9 agora, Patr\u00edcia n\u00e3o declarou nenhuma despesa ao TSE. Argumentou que n\u00e3o sabia ser preciso prestar contas do dinheiro p\u00fablico. O prazo da primeira parcial terminou no \u00faltimo dia 13.<\/p>\n\n\n\n<figure class=\"wp-block-image\"><img data-recalc-dims=\"1\" decoding=\"async\" src=\"https:\/\/i0.wp.com\/www.estadao.com.br\/resizer\/JIkNQEluUGVgCTR4ElCB2lhxZxg%3D\/380x0\/filters%3Aformat%28jpg%29%3Aquality%2880%29\/cloudfront-us-east-1.images.arcpublishing.com\/estadao\/RXFNJXQ7PRH3LM2NPMK75BQQSI.jpeg?w=600&#038;ssl=1\" alt=\"O PL entregou R$ 20 mil para a candidata Patr\u00edcia Guerra\"\/><figcaption>O PL entregou R$ 20 mil para a candidata Patr\u00edcia Guerra&nbsp;<\/figcaption><\/figure>\n\n\n\n<p>O PL repassou outros R$ 20 mil para Marcilene de Jesus no mesmo Estado. No Instagram e no Facebook, ela fez apenas tr\u00eas publica\u00e7\u00f5es pedindo votos. \u201cTem alguma coisa errada. Eu paguei uma pessoa para fazer publica\u00e7\u00e3o para mim todos os dias\u201d, disse Marcilene, que tamb\u00e9m n\u00e3o prestou contas. Ela afirmou que faz campanha nas ruas e pede votos, apesar de n\u00e3o ter declarado a contrata\u00e7\u00e3o de despesas com santinho ou cabo eleitoral.<\/p>\n\n\n\n<figure class=\"wp-block-image\"><img data-recalc-dims=\"1\" decoding=\"async\" src=\"https:\/\/i0.wp.com\/www.estadao.com.br\/resizer\/NvuMOAusBUdFQONmiIf_tBn9ELU%3D\/380x0\/filters%3Aformat%28jpg%29%3Aquality%2880%29\/cloudfront-us-east-1.images.arcpublishing.com\/estadao\/CBIWLHFPYZHNHF4BQZGQ6ISZLA.jpg?w=600&#038;ssl=1\" alt=\"O PL repassou R$ 20 mil para Marcilene de Jesus\"\/><figcaption>O PL repassou R$ 20 mil para Marcilene de Jesus&nbsp;<\/figcaption><\/figure>\n\n\n\n<p>No Rio, a reportagem identificou uma candidata do PSC que recebeu R$ 30 mil do fund\u00e3o ap\u00f3s ter concorrido \u00e0 C\u00e2mara Municipal em 2020 e receber apenas dois votos. Neste ano, Nadir Viana, que usa o nome Sheila na urna, n\u00e3o est\u00e1 fazendo campanha. Ela n\u00e3o respondeu ao&nbsp;<strong>Estad\u00e3o<\/strong>. A legenda \u00e9 comandada por Pastor Everaldo, preso em 2020 por suspeita de envolvimento com desvios da sa\u00fade do Rio. Neste ano, ele concorre \u00e0 C\u00e2mara.<\/p>\n\n\n\n<p>Em Rond\u00f4nia, o PP deu R$ 2,2 milh\u00f5es para Marlucia Oliveira, a candidata a deputado que nunca disputou elei\u00e7\u00e3o. O dinheiro foi repassado pelo diret\u00f3rio nacional da legenda, controlado pelo ministro da Casa Civil, Ciro Nogueira. Apenas 2,6% dos candidatos a deputado, em todo o Pa\u00eds, receberam tal valor.<\/p>\n\n\n\n<figure class=\"wp-block-image\"><img data-recalc-dims=\"1\" decoding=\"async\" src=\"https:\/\/i0.wp.com\/www.estadao.com.br\/resizer\/pVkw9X4mdMNOv2WrjdKiAeMBGJ8%3D\/380x0\/filters%3Aformat%28jpg%29%3Aquality%2880%29\/cloudfront-us-east-1.images.arcpublishing.com\/estadao\/FSNBBV2BTVGVFDJVVBZB3X72WE.jpg?w=600&#038;ssl=1\" alt=\"O PP deu R$ 2,2 milh\u00f5es para a candidata Marlucia Oliveira\"\/><figcaption>O PP deu R$ 2,2 milh\u00f5es para a candidata Marlucia Oliveira&nbsp;<\/figcaption><\/figure>\n\n\n\n<p>Marlucia n\u00e3o apresenta nenhuma campanha nas redes, mesmo ap\u00f3s ter contratado uma empresa de marketing por R$ 400 mil. Ao&nbsp;<strong>Estad\u00e3o<\/strong>, ela afirmou que pede votos nas redes e nas ruas, disse que o recurso \u00e9 dividido com outros concorrentes e n\u00e3o soube informar seus perfis na internet. \u201cAcredito que seja muito dif\u00edcil eu chegar agora, mas estou preparando uma candidatura municipal. Venho a vereadora (em 2024)\u201d, afirmou.<\/p>\n\n\n\n<p>Candidata a deputado federal, Soraya (PMN-AL) recebeu R$ 50 mil do fund\u00e3o para sua primeira campanha. A 15 dias das elei\u00e7\u00f5es, n\u00e3o tem santinhos, bandeiras e panfletos nem perfis nas redes. A candidata disse fazer tudo no \u201cboca a boca\u201d. Indagada sobre suas propostas, respondeu: \u201cVoc\u00ea gostaria de saber das minhas propostas agora? Tipo assim, no momento? Agora n\u00e3o seria vi\u00e1vel.\u201d<\/p>\n\n\n\n<figure class=\"wp-block-image\"><img data-recalc-dims=\"1\" decoding=\"async\" src=\"https:\/\/i0.wp.com\/www.estadao.com.br\/resizer\/t-TiZEWmvIjXpgGt82RbNcynuLI%3D\/380x0\/filters%3Aformat%28jpg%29%3Aquality%2880%29\/cloudfront-us-east-1.images.arcpublishing.com\/estadao\/SSIJMCTBXZEAZGPU7VDJUIK4FE.jpg?w=600&#038;ssl=1\" alt=\"Soraya (PMN-AL) recebeu R$ 50 mil do fund\u00e3o para sua primeira campanha\"\/><figcaption>Soraya (PMN-AL) recebeu R$ 50 mil do fund\u00e3o para sua primeira campanha&nbsp;<\/figcaption><\/figure>\n\n\n\n<h3 class=\"wp-block-heading\">Para entender: Candidaturas lan\u00e7adas por obriga\u00e7\u00e3o legal<\/h3>\n\n\n\n<p><strong>Cota<\/strong><\/p>\n\n\n\n<p>Pelo menos 30% das candidaturas \u00e0 C\u00e2mara dos Deputados devem ser de mulheres. Elas tamb\u00e9m devem receber no m\u00ednimo 30% dos recursos p\u00fablicos.<\/p>\n\n\n\n<p><strong>\u2018Fantasmas\u2019<\/strong><\/p>\n\n\n\n<p>Para serem cumpridas as cotas, alguns partidos lan\u00e7am candidaturas de mulheres por uma obriga\u00e7\u00e3o legal. Muitas delas nem fazem campanha e s\u00e3o rotuladas de \u201cfantasmas\u201d.<\/p>\n\n\n\n<p><strong>Redes<\/strong><\/p>\n\n\n\n<p>O levantamento considerou quem usa as redes sociais de forma muito t\u00edmida ou nem usa, quem n\u00e3o soube explicar a sua candidatura e quem n\u00e3o tem agenda de candidato.<\/p>\n\n\n\n<p><strong>Valor<\/strong><\/p>\n\n\n\n<p>Foram identificadas 12 candidatas que se enquadram nesses crit\u00e9rios. Elas receberam, juntas, R$ 5,8 milh\u00f5es do \u201cfund\u00e3o eleitoral\u201d, o principal mecanismo de financiamento das candidaturas.<\/p>\n\n\n\n<p><strong>Despesas<\/strong><\/p>\n\n\n\n<p>Nessa lista est\u00e3o candidatas que apenas recebem os valores para que a cota feminina seja alcan\u00e7ada, mas acabam assumindo despesas de outros concorrentes, inclusive homens.<\/p>\n\n\n\n<p><strong>Indeferida<\/strong><\/p>\n\n\n\n<p>Uma das candidatas recebeu R$ 3 milh\u00f5es, mesmo estando com a candidatura indeferida e tendo conquistado apenas 41 votos em 2018.<\/p>\n","protected":false},"excerpt":{"rendered":"<p>\u2018Estad\u00e3o\u2019 encontra casos suspeitos no Pa\u00eds que obedecem a um padr\u00e3o: o dinheiro da reserva p\u00fablica \u00e9 distribu\u00eddo por dirigentes partid\u00e1rios para as candidaturas.<\/p>\n","protected":false},"author":1,"featured_media":0,"comment_status":"closed","ping_status":"open","sticky":false,"template":"","format":"standard","meta":{"_exactmetrics_skip_tracking":false,"_exactmetrics_sitenote_active":false,"_exactmetrics_sitenote_note":"","_exactmetrics_sitenote_category":0,"jetpack_post_was_ever_published":false,"_jetpack_newsletter_access":"","_jetpack_dont_email_post_to_subs":false,"_jetpack_newsletter_tier_id":0,"_jetpack_memberships_contains_paywalled_content":false,"_jetpack_memberships_contains_paid_content":false,"footnotes":"","jetpack_publicize_message":"","jetpack_publicize_feature_enabled":true,"jetpack_social_post_already_shared":true,"jetpack_social_options":{"image_generator_settings":{"template":"highway","enabled":false},"version":2}},"categories":[1],"tags":[],"class_list":["post-34204","post","type-post","status-publish","format-standard","hentry","category-notas"],"jetpack_publicize_connections":[],"jetpack_sharing_enabled":true,"jetpack_featured_media_url":"","jetpack_shortlink":"https:\/\/wp.me\/p7wKYW-8TG","jetpack-related-posts":[],"_links":{"self":[{"href":"http:\/\/blogdalucianaoliveira.com.br\/blog\/wp-json\/wp\/v2\/posts\/34204","targetHints":{"allow":["GET"]}}],"collection":[{"href":"http:\/\/blogdalucianaoliveira.com.br\/blog\/wp-json\/wp\/v2\/posts"}],"about":[{"href":"http:\/\/blogdalucianaoliveira.com.br\/blog\/wp-json\/wp\/v2\/types\/post"}],"author":[{"embeddable":true,"href":"http:\/\/blogdalucianaoliveira.com.br\/blog\/wp-json\/wp\/v2\/users\/1"}],"replies":[{"embeddable":true,"href":"http:\/\/blogdalucianaoliveira.com.br\/blog\/wp-json\/wp\/v2\/comments?post=34204"}],"version-history":[{"count":2,"href":"http:\/\/blogdalucianaoliveira.com.br\/blog\/wp-json\/wp\/v2\/posts\/34204\/revisions"}],"predecessor-version":[{"id":34207,"href":"http:\/\/blogdalucianaoliveira.com.br\/blog\/wp-json\/wp\/v2\/posts\/34204\/revisions\/34207"}],"wp:attachment":[{"href":"http:\/\/blogdalucianaoliveira.com.br\/blog\/wp-json\/wp\/v2\/media?parent=34204"}],"wp:term":[{"taxonomy":"category","embeddable":true,"href":"http:\/\/blogdalucianaoliveira.com.br\/blog\/wp-json\/wp\/v2\/categories?post=34204"},{"taxonomy":"post_tag","embeddable":true,"href":"http:\/\/blogdalucianaoliveira.com.br\/blog\/wp-json\/wp\/v2\/tags?post=34204"}],"curies":[{"name":"wp","href":"https:\/\/api.w.org\/{rel}","templated":true}]}}