{"id":34208,"date":"2022-09-21T09:40:49","date_gmt":"2022-09-21T13:40:49","guid":{"rendered":"http:\/\/blogdalucianaoliveira.com.br\/blog\/?p=34208"},"modified":"2022-09-21T09:40:58","modified_gmt":"2022-09-21T13:40:58","slug":"voto-util-ganha-espaco-no-debate-politico-e-pode-ser-o-fiel-da-balanca-para-decisao-em-1o-turno","status":"publish","type":"post","link":"http:\/\/blogdalucianaoliveira.com.br\/blog\/2022\/09\/21\/voto-util-ganha-espaco-no-debate-politico-e-pode-ser-o-fiel-da-balanca-para-decisao-em-1o-turno\/","title":{"rendered":"Voto \u00fatil ganha espa\u00e7o no debate pol\u00edtico e pode ser o fiel da balan\u00e7a para decis\u00e3o em 1\u00ba turno"},"content":{"rendered":"\n<figure class=\"wp-block-image size-large\"><img data-recalc-dims=\"1\" loading=\"lazy\" decoding=\"async\" width=\"600\" height=\"359\" data-attachment-id=\"34209\" data-permalink=\"http:\/\/blogdalucianaoliveira.com.br\/blog\/2022\/09\/21\/voto-util-ganha-espaco-no-debate-politico-e-pode-ser-o-fiel-da-balanca-para-decisao-em-1o-turno\/votacao-paralela-em-fortaleza-marcelo-camargo-agencia-brasil\/\" data-orig-file=\"https:\/\/i0.wp.com\/blogdalucianaoliveira.com.br\/blog\/wp-content\/uploads\/2022\/09\/6D018E84-B289-41C7-A895-975B1FBFE1C2.jpeg?fit=800%2C479\" data-orig-size=\"800,479\" data-comments-opened=\"0\" data-image-meta=\"{&quot;aperture&quot;:&quot;2.8&quot;,&quot;credit&quot;:&quot;Marcelo Camargo\\\/Ag\\u00eancia Brasil&quot;,&quot;camera&quot;:&quot;NIKON D4&quot;,&quot;caption&quot;:&quot;Vota\\u00e7\\u00e3o paralela em Fortaleza (Marcelo Camargo\\\/Ag\\u00eancia Brasil)&quot;,&quot;created_timestamp&quot;:&quot;1414322007&quot;,&quot;copyright&quot;:&quot;Agencia Brasil&quot;,&quot;focal_length&quot;:&quot;170&quot;,&quot;iso&quot;:&quot;800&quot;,&quot;shutter_speed&quot;:&quot;0.0125&quot;,&quot;title&quot;:&quot;Vota\\u00e7\\u00e3o paralela em Fortaleza (Marcelo Camargo\\\/Ag\\u00eancia Brasil)&quot;,&quot;orientation&quot;:&quot;1&quot;}\" data-image-title=\"Vota\u00e7\u00e3o paralela em Fortaleza (Marcelo Camargo\/Ag\u00eancia Brasil)\" data-image-description=\"\" data-image-caption=\"&lt;p&gt;Vota\u00e7\u00e3o paralela em Fortaleza (Marcelo Camargo\/Ag\u00eancia Brasil)&lt;\/p&gt;\n\" data-medium-file=\"https:\/\/i0.wp.com\/blogdalucianaoliveira.com.br\/blog\/wp-content\/uploads\/2022\/09\/6D018E84-B289-41C7-A895-975B1FBFE1C2.jpeg?fit=300%2C180\" data-large-file=\"https:\/\/i0.wp.com\/blogdalucianaoliveira.com.br\/blog\/wp-content\/uploads\/2022\/09\/6D018E84-B289-41C7-A895-975B1FBFE1C2.jpeg?fit=600%2C359\" src=\"https:\/\/i0.wp.com\/blogdalucianaoliveira.com.br\/blog\/wp-content\/uploads\/2022\/09\/6D018E84-B289-41C7-A895-975B1FBFE1C2.jpeg?resize=600%2C359\" alt=\"\" class=\"wp-image-34209\" srcset=\"https:\/\/i0.wp.com\/blogdalucianaoliveira.com.br\/blog\/wp-content\/uploads\/2022\/09\/6D018E84-B289-41C7-A895-975B1FBFE1C2.jpeg?w=800 800w, https:\/\/i0.wp.com\/blogdalucianaoliveira.com.br\/blog\/wp-content\/uploads\/2022\/09\/6D018E84-B289-41C7-A895-975B1FBFE1C2.jpeg?resize=300%2C180 300w, https:\/\/i0.wp.com\/blogdalucianaoliveira.com.br\/blog\/wp-content\/uploads\/2022\/09\/6D018E84-B289-41C7-A895-975B1FBFE1C2.jpeg?resize=768%2C460 768w, https:\/\/i0.wp.com\/blogdalucianaoliveira.com.br\/blog\/wp-content\/uploads\/2022\/09\/6D018E84-B289-41C7-A895-975B1FBFE1C2.jpeg?resize=501%2C300 501w\" sizes=\"auto, (max-width: 600px) 100vw, 600px\" \/><figcaption>Vota\u00e7\u00e3o paralela em Fortaleza (Marcelo Camargo\/Ag\u00eancia Brasil)<\/figcaption><\/figure>\n\n\n\n<h4 class=\"wp-block-heading\">Chance de vit\u00f3ria de Lula em 2 de outubro pode depender de votos de eleitores que j\u00e1 declararam outras prefer\u00eancias<\/h4>\n\n\n\n<!--more-->\n\n\n\n<p>Felipe Mendes &#8211; Brasil de Fato\u00a0<\/p>\n\n\n\n<p>Embora os institutos de pesquisas apresentem n\u00fameros levemente divergentes nos \u00faltimos levantamentos sobre as inten\u00e7\u00f5es de voto para a presid\u00eancia da Rep\u00fablica, todas as pesquisas com credibilidade apontam que a vit\u00f3ria de&nbsp;<a href=\"https:\/\/www.brasildefato.com.br\/2022\/09\/18\/lula-em-florianopolis-sc-o-brasil-nao-e-um-partido-o-brasil-e-o-nosso-pais\" target=\"_blank\" rel=\"noreferrer noopener\">Luiz In\u00e1cio Lula da Silva (PT)<\/a>&nbsp;em primeiro turno \u00e9 uma possibilidade real. Nesse contexto, cresce a import\u00e2ncia do chamado &#8220;voto \u00fatil&#8221;, ou seja: aquele dado por um eleitor que n\u00e3o tinha o candidato como primeira prefer\u00eancia, mas que faz a escolha visando encerrar a disputa sem necessidade do segundo turno.<\/p>\n\n\n\n<p>Segundo pesquisa divulgada no \u00faltimo s\u00e1bado pelo Ipespe,&nbsp;<a href=\"https:\/\/www.brasildefato.com.br\/2022\/09\/17\/eleicao-no-primeiro-turno-68-preferem-definir-resultado-ja-no-dia-2-de-outubro-aponta-ipespe\" target=\"_blank\" rel=\"noreferrer noopener\">68% dos eleitores preferem que o resultado esteja definido j\u00e1 no primeiro turno<\/a>. Esse movimento j\u00e1 foi detectado pela campanha de Ciro Gomes (PDT),&nbsp;<a href=\"https:\/\/www.brasildefato.com.br\/2022\/09\/17\/ciro-ve-apoiadores-defenderem-voto-util-e-faz-acenos-a-mineracao-em-terras-indigenas\" target=\"_blank\" rel=\"noreferrer noopener\">candidato que inclusive perdeu apoiadores dentro do pr\u00f3prio partido e militantes que se posicionaram ao lado dele nos \u00faltimos anos<\/a>.&nbsp;S\u00e3o pessoas que defendem o voto em Lula em uma elei\u00e7\u00e3o que desde o in\u00edcio se desenhou &#8220;plebiscit\u00e1ria&#8221; entre o petista e o atual presidente, Jair Bolsonaro (PL).<\/p>\n\n\n\n<p><a href=\"http:\/\/Ipec: Lula oscila para cima e pode vencer no primeiro turno\" target=\"_blank\" rel=\"noreferrer noopener\">::&nbsp;Ipec: Lula oscila para cima e pode vencer no primeiro turno ::<\/a><\/p>\n\n\n\n<p>Para a professora de ci\u00eancia pol\u00edtica Mayra Goulart, da Universidade Federal do Rio de Janeiro (UFRJ) e da Universidade Federal Rural do Rio de Janeiro (UFRRJ), dois componentes se somam para fazer crescer o movimento por este &#8220;voto \u00fatil&#8221; nas elei\u00e7\u00f5es presidenciais de 2022. O primeiro \u00e9 algo que j\u00e1 existe h\u00e1 muito tempo, e tem rela\u00e7\u00e3o com uma nega\u00e7\u00e3o da pol\u00edtica por grande parte da popula\u00e7\u00e3o. O outro \u00e9 a amea\u00e7a representada pela candidatura de Bolsonaro.<\/p>\n\n\n\n<p>&#8220;Tem aquele eleitor que v\u00ea a pol\u00edtica como perda de tempo, que diz: &#8216;n\u00e3o quero sair de casa mais uma vez para votar&#8217;, isso n\u00e3o \u00e9 novidade. Mas existe tamb\u00e9m o medo de que o resultado das urnas n\u00e3o seja respeitado. N\u00e3o estamos diante de uma elei\u00e7\u00e3o normal, temos um extremista com viabilidade eleitoral, o Bolsonaro. Em 2018 foi a primeira vez que isso aconteceu: um candidato de extrema-direita com viabilidade. Isso nunca tinha acontecido na nova Rep\u00fablica&#8221;, pontua.<\/p>\n\n\n\n<p>Para Goulart, uma eventual vit\u00f3ria de Lula em primeiro turno diminuiria a chance de contesta\u00e7\u00e3o dos resultados \u2013&nbsp;<a href=\"https:\/\/www.brasildefato.com.br\/2021\/04\/15\/bolsonaro-diz-que-se-perder-para-lula-em-2022-so-aceitara-se-voto-for-auditavel\" target=\"_blank\" rel=\"noreferrer noopener\">uma amea\u00e7a constante de Bolsonaro h\u00e1 muito tempo<\/a>, j\u00e1 que a escolha do presidente aconteceria junto com a elei\u00e7\u00e3o de milhares de parlamentares pelo pa\u00eds. Em tese, se levar a cabo a ideia de rejeitar o resultado das urnas, Bolsonaro n\u00e3o encontraria eco, j\u00e1 que a elei\u00e7\u00e3o de Lula aconteceria no mesmo dia de vit\u00f3rias ou reelei\u00e7\u00f5es de deputados, senadores e at\u00e9 governadores que venham a ganhar tamb\u00e9m sem necessidade de segundo turno. Nesse contexto, o voto \u00fatil ganha import\u00e2ncia.<\/p>\n\n\n\n<p>&#8220;O voto \u00fatil \u00e9 comum em todo lugar do mundo. Em uma elei\u00e7\u00e3o h\u00e1 espa\u00e7o para novas propostas, ideias, programas. Mas quando a campanha vai avan\u00e7ando, vai havendo diferencia\u00e7\u00e3o entre as que de fato t\u00eam viabilidade eleitoral e as que n\u00e3o t\u00eam. \u00c9 muito prov\u00e1vel que, quanto&nbsp;mais perto da reta final, votos em candidatos que n\u00e3o se viabilizam eleitoralmente tendam a migrar para outras candidaturas&#8221;, explica.<\/p>\n\n\n\n<p>O cientista pol\u00edtico Cl\u00e1udio Couto, da Funda\u00e7\u00e3o Get\u00falio Vargas (FGV), aposta em um movimento de migra\u00e7\u00e3o de votos nestes \u00faltimos dias de campanha, especialmente no caso de potenciais eleitores de Ciro. Para ele, parte dos apoiadores do pedetista deve migrar para Bolsonaro, mas a maior parte dos que mudarem o voto em cima da hora devem aderir a Lula, que, com isso, pode confirmar a vit\u00f3ria em primeiro turno.<\/p>\n\n\n\n<p>Couto, respons\u00e1vel pelo canal&nbsp;<a href=\"https:\/\/www.youtube.com\/channel\/UCbSOn9WtyJubqodDk_nL1aw\" target=\"_blank\" rel=\"noreferrer noopener\">&#8220;Fora da Pol\u00edtica N\u00e3o H\u00e1 Salva\u00e7\u00e3o&#8221; no Youtube<\/a>, aponta que &#8220;esta \u00e9 uma elei\u00e7\u00e3o diferente de outras e h\u00e1 muita coisa em jogo&#8221;. Ele lembra que a tend\u00eancia ao voto \u00fatil \u00e9 comum nas retas finais de disputas eleitorais, em maior ou menor grau. Desta vez, por\u00e9m, h\u00e1 uma motiva\u00e7\u00e3o maior que a habitual, e a repulsa a Bolsonaro pode aumentar esse movimento.<\/p>\n\n\n\n<p>&#8220;Quando olhamos para dados das pesquisas, vemos que pelo menos metade dos eleitores do Ciro, quando perguntados, dizem que podem mudar de voto. Da Simone Tebet \u00e9 um n\u00famero parecido. No caso do Lula ou do Bolsonaro, esse percentual \u00e9 bem menor, fica entre 10% e 20%. Mudar em cima da hora estando vinculado a um candidato mais forte \u00e9 muito menos prov\u00e1vel que mudar quando se vota em um candidato mais fraco eleitoralmente&#8221;, comenta.<\/p>\n\n\n\n<p>Qual deve ser a postura da campanha petista?<\/p>\n\n\n\n<p>Para Couto, a campanha de Lula deve trabalhar de maneira sutil para atrair os votos dos indecisos ou de pessoas que declararam prefer\u00eancia por outros candidatos. Ele explica que \u00e9 fundamental evitar uma campanha que fale coisas como &#8220;n\u00e3o vote no Ciro ou na Simone pois eles n\u00e3o t\u00eam chance e eu tenho&#8221;, j\u00e1 que isso pode afugentar o eleitor e dificultar a cria\u00e7\u00e3o de novas alian\u00e7as num poss\u00edvel segundo turno.<\/p>\n\n\n\n<p>&#8220;A gente tem de partir da premissa mais simples: todo candidato busca votos, e para isso \u00e9 preciso se apresentar como uma op\u00e7\u00e3o melhor, n\u00e3o falar de maneira negativa sobre a prefer\u00eancia daquele eleitor. Diante disso, o que o Lula tem de fazer \u00e9 dizer: &#8216;vote em mim&#8217;. Tem que ter um &#8216;jeitinho'&#8221;, aponta.<\/p>\n\n\n\n<p>Mayra Goulart complementa refor\u00e7ando a necessidade de se destacar que n\u00e3o se trata de uma elei\u00e7\u00e3o &#8220;normal&#8221;. Ou seja: \u00e9 preciso refor\u00e7ar a tese de que o que est\u00e1 em jogo s\u00e3o as institui\u00e7\u00f5es democr\u00e1ticas do pa\u00eds.&nbsp;<\/p>\n\n\n\n<p>&#8220;\u00c9 preciso deixar claro que, n\u00e3o s\u00f3 estamos diante&nbsp;da escalada autorit\u00e1ria do Bolsonaro, mas tamb\u00e9m de uma condu\u00e7\u00e3o econ\u00f4mica que esvazia pol\u00edticas p\u00fablicas, de educa\u00e7\u00e3o, sa\u00fade, infraestrutura. Existe a possibilidade do pa\u00eds entrar em um estado de convuls\u00e3o. Derrotar essa possibilidade deve ser a grande bandeira capaz de unir os eleitores e levar o Lula \u00e0 vit\u00f3ria no primeiro turno&#8221;, conclui.<\/p>\n\n\n\n<p>Edi\u00e7\u00e3o: Rodrigo Dur\u00e3o Coelho<\/p>\n","protected":false},"excerpt":{"rendered":"<p>Chance de vit\u00f3ria de Lula em 2 de outubro pode depender de votos de eleitores que j\u00e1 declararam outras prefer\u00eancias<\/p>\n","protected":false},"author":1,"featured_media":0,"comment_status":"closed","ping_status":"open","sticky":false,"template":"","format":"standard","meta":{"_exactmetrics_skip_tracking":false,"_exactmetrics_sitenote_active":false,"_exactmetrics_sitenote_note":"","_exactmetrics_sitenote_category":0,"jetpack_post_was_ever_published":false,"_jetpack_newsletter_access":"","_jetpack_dont_email_post_to_subs":false,"_jetpack_newsletter_tier_id":0,"_jetpack_memberships_contains_paywalled_content":false,"_jetpack_memberships_contains_paid_content":false,"footnotes":"","jetpack_publicize_message":"","jetpack_publicize_feature_enabled":true,"jetpack_social_post_already_shared":true,"jetpack_social_options":{"image_generator_settings":{"template":"highway","enabled":false},"version":2}},"categories":[1],"tags":[],"class_list":["post-34208","post","type-post","status-publish","format-standard","hentry","category-notas"],"jetpack_publicize_connections":[],"jetpack_sharing_enabled":true,"jetpack_featured_media_url":"","jetpack_shortlink":"https:\/\/wp.me\/p7wKYW-8TK","jetpack-related-posts":[],"_links":{"self":[{"href":"http:\/\/blogdalucianaoliveira.com.br\/blog\/wp-json\/wp\/v2\/posts\/34208","targetHints":{"allow":["GET"]}}],"collection":[{"href":"http:\/\/blogdalucianaoliveira.com.br\/blog\/wp-json\/wp\/v2\/posts"}],"about":[{"href":"http:\/\/blogdalucianaoliveira.com.br\/blog\/wp-json\/wp\/v2\/types\/post"}],"author":[{"embeddable":true,"href":"http:\/\/blogdalucianaoliveira.com.br\/blog\/wp-json\/wp\/v2\/users\/1"}],"replies":[{"embeddable":true,"href":"http:\/\/blogdalucianaoliveira.com.br\/blog\/wp-json\/wp\/v2\/comments?post=34208"}],"version-history":[{"count":1,"href":"http:\/\/blogdalucianaoliveira.com.br\/blog\/wp-json\/wp\/v2\/posts\/34208\/revisions"}],"predecessor-version":[{"id":34210,"href":"http:\/\/blogdalucianaoliveira.com.br\/blog\/wp-json\/wp\/v2\/posts\/34208\/revisions\/34210"}],"wp:attachment":[{"href":"http:\/\/blogdalucianaoliveira.com.br\/blog\/wp-json\/wp\/v2\/media?parent=34208"}],"wp:term":[{"taxonomy":"category","embeddable":true,"href":"http:\/\/blogdalucianaoliveira.com.br\/blog\/wp-json\/wp\/v2\/categories?post=34208"},{"taxonomy":"post_tag","embeddable":true,"href":"http:\/\/blogdalucianaoliveira.com.br\/blog\/wp-json\/wp\/v2\/tags?post=34208"}],"curies":[{"name":"wp","href":"https:\/\/api.w.org\/{rel}","templated":true}]}}