{"id":34213,"date":"2022-09-22T09:01:28","date_gmt":"2022-09-22T13:01:28","guid":{"rendered":"http:\/\/blogdalucianaoliveira.com.br\/blog\/?p=34213"},"modified":"2022-09-22T09:01:34","modified_gmt":"2022-09-22T13:01:34","slug":"cercados-por-300-mil-bois-liderancas-karipuna-pedem-socorro-a-uniao-europeia","status":"publish","type":"post","link":"http:\/\/blogdalucianaoliveira.com.br\/blog\/2022\/09\/22\/cercados-por-300-mil-bois-liderancas-karipuna-pedem-socorro-a-uniao-europeia\/","title":{"rendered":"Cercados por 300 mil bois, lideran\u00e7as Karipuna pedem socorro a Uni\u00e3o Europeia"},"content":{"rendered":"\n<figure class=\"wp-block-image size-large\"><img loading=\"lazy\" decoding=\"async\" width=\"1536\" height=\"1025\" data-attachment-id=\"34214\" data-permalink=\"http:\/\/blogdalucianaoliveira.com.br\/blog\/2022\/09\/22\/cercados-por-300-mil-bois-liderancas-karipuna-pedem-socorro-a-uniao-europeia\/92268f53-b6ca-461e-b135-13050da5e9f0\/\" data-orig-file=\"https:\/\/i0.wp.com\/blogdalucianaoliveira.com.br\/blog\/wp-content\/uploads\/2022\/09\/92268F53-B6CA-461E-B135-13050DA5E9F0.jpeg?fit=1536%2C1025\" data-orig-size=\"1536,1025\" data-comments-opened=\"0\" data-image-meta=\"{&quot;aperture&quot;:&quot;0&quot;,&quot;credit&quot;:&quot;&quot;,&quot;camera&quot;:&quot;&quot;,&quot;caption&quot;:&quot;&quot;,&quot;created_timestamp&quot;:&quot;0&quot;,&quot;copyright&quot;:&quot;&quot;,&quot;focal_length&quot;:&quot;0&quot;,&quot;iso&quot;:&quot;0&quot;,&quot;shutter_speed&quot;:&quot;0&quot;,&quot;title&quot;:&quot;&quot;,&quot;orientation&quot;:&quot;0&quot;}\" data-image-title=\"92268F53-B6CA-461E-B135-13050DA5E9F0\" data-image-description=\"\" data-image-caption=\"\" data-medium-file=\"https:\/\/i0.wp.com\/blogdalucianaoliveira.com.br\/blog\/wp-content\/uploads\/2022\/09\/92268F53-B6CA-461E-B135-13050DA5E9F0.jpeg?fit=300%2C200\" data-large-file=\"https:\/\/i0.wp.com\/blogdalucianaoliveira.com.br\/blog\/wp-content\/uploads\/2022\/09\/92268F53-B6CA-461E-B135-13050DA5E9F0.jpeg?fit=600%2C400\" src=\"https:\/\/i0.wp.com\/blogdalucianaoliveira.com.br\/blog\/wp-content\/uploads\/2022\/09\/92268F53-B6CA-461E-B135-13050DA5E9F0.jpeg?fit=600%2C400\" alt=\"\" class=\"wp-image-34214\" srcset=\"https:\/\/i0.wp.com\/blogdalucianaoliveira.com.br\/blog\/wp-content\/uploads\/2022\/09\/92268F53-B6CA-461E-B135-13050DA5E9F0.jpeg?w=1536 1536w, https:\/\/i0.wp.com\/blogdalucianaoliveira.com.br\/blog\/wp-content\/uploads\/2022\/09\/92268F53-B6CA-461E-B135-13050DA5E9F0.jpeg?resize=300%2C200 300w, https:\/\/i0.wp.com\/blogdalucianaoliveira.com.br\/blog\/wp-content\/uploads\/2022\/09\/92268F53-B6CA-461E-B135-13050DA5E9F0.jpeg?resize=1024%2C683 1024w, https:\/\/i0.wp.com\/blogdalucianaoliveira.com.br\/blog\/wp-content\/uploads\/2022\/09\/92268F53-B6CA-461E-B135-13050DA5E9F0.jpeg?resize=768%2C513 768w, https:\/\/i0.wp.com\/blogdalucianaoliveira.com.br\/blog\/wp-content\/uploads\/2022\/09\/92268F53-B6CA-461E-B135-13050DA5E9F0.jpeg?resize=450%2C300 450w, https:\/\/i0.wp.com\/blogdalucianaoliveira.com.br\/blog\/wp-content\/uploads\/2022\/09\/92268F53-B6CA-461E-B135-13050DA5E9F0.jpeg?w=1200 1200w\" sizes=\"auto, (max-width: 600px) 100vw, 600px\" \/><\/figure>\n\n\n\n<p><strong>Greenpeace, por  <\/strong>Jorge Eduardo Dantas <strong>\u2013<\/strong>\u00a0\u201cEstou preocupada com o futuro. Estamos cercados por grileiros e desmatadores. O estado brasileiro n\u00e3o cumpre seu dever de proteger nossas terras.\u00a0<strong>Viramos ref\u00e9ns em nosso pr\u00f3prio territ\u00f3rio<\/strong>\u201d. \u00c9 dessa maneira que Katik\u00e1 Karipuna, anci\u00e3 do povo Karipuna, de Rond\u00f4nia, resume a situa\u00e7\u00e3o de seus parentes nos dias atuais. Ela, assim como outros doze integrantes da etnia, est\u00e3o em Bras\u00edlia (DF) desde o in\u00edcio da semana levando seu pedido de socorro a diversas autoridades do Brasil e do exterior.<\/p>\n\n\n\n<!--more-->\n\n\n\n<p>Na agenda do povo Karipuna, est\u00e3o compromissos com embaixadas de oito pa\u00edses \u2013 como Espanha, Fran\u00e7a, Alemanha e Su\u00ed\u00e7a \u2013 assim como encontros com a embaixada da Uni\u00e3o Europeia e com o Alto Comissariado da Organiza\u00e7\u00e3o das Na\u00e7\u00f5es Unidas (ONU).&nbsp;<strong>As lideran\u00e7as est\u00e3o entregando aos embaixadores uma carta, intitulada \u201cPedido de Socorro\u201d e solicitando que a Uni\u00e3o Europeia n\u00e3o compre produtos oriundos do desmatamento da Amaz\u00f4nia&nbsp;<\/strong>e do desrespeito aos direitos ind\u00edgenas.&nbsp;<\/p>\n\n\n\n<p><strong>Cobrar provid\u00eancias<\/strong><\/p>\n\n\n\n<p>\u201cEstamos pedindo socorro e estamos cansados.&nbsp;<a href=\"https:\/\/www.greenpeace.org\/brasil\/blog\/povo-karipuna-processa-uniao-funai-e-estado-de-rondonia-por-invasoes-e-devastacao-da-terra-indigena\/\" target=\"_blank\" rel=\"noreferrer noopener\">Estamos h\u00e1 sete anos fazendo den\u00fancias<\/a>&nbsp;em diversos \u00f3rg\u00e3os brasileiros, mas o&nbsp;<a rel=\"noreferrer noopener\" href=\"https:\/\/www.greenpeace.org\/brasil\/blog\/carne-e-soja-pressionam-a-terra-indigena-karipuna\/\" target=\"_blank\">Estado n\u00e3o cumpre seu dever de prote\u00e7\u00e3o territorial, de proteger nossas terras<\/a>\u201d, queixou-se o cacique do povo, Andr\u00e9 Karipuna, aos embaixadores. \u201cPor isso&nbsp;<strong>pedimos a voc\u00eas que cobrem do governo brasileiro provid\u00eancias contra os grileiros, os madeireiros e pescadores<\/strong>&nbsp;que invadiram nosso territ\u00f3rio. Estamos vivendo quase uma guerra.&nbsp;<strong>Recebemos amea\u00e7as de morte o tempo inteiro<\/strong>. S\u00e3o essas pessoas aqui que voc\u00eas est\u00e3o vendo que est\u00e3o sofrendo no territ\u00f3rio\u201d, disse a lideran\u00e7a.<\/p>\n\n\n\n<p>Andr\u00e9 lembrou ainda da responsabilidade que os outros pa\u00edses t\u00eam no combate ao desmatamento e no suporte aos direitos dos povos tradicionais: \u201cBoa parte do que sai aqui do Brasil \u2013 ouro, madeira, soja \u2013 e chega em outros pa\u00edses sai daqui com manchas de sangue ind\u00edgena.\u00a0<strong>Ent\u00e3o quando voc\u00eas fizerem acordos comerciais com o Brasil, com empresas brasileiras, se perguntem de onde sai aquele recurso, de onde ele vem.<\/strong>Muito do que chega \u00e0 mesa de outros pa\u00edses tem sangue ind\u00edgena do Brasil.\u201d<\/p>\n\n\n\n<figure class=\"wp-block-image\"><img data-recalc-dims=\"1\" height=\"400\" width=\"600\" decoding=\"async\" src=\"https:\/\/i0.wp.com\/www.greenpeace.org\/static\/planet4-brasil-stateless\/2022\/09\/7934eec2-am_7438-1024x683.jpg?resize=600%2C400&#038;ssl=1\" alt=\"\" class=\"wp-image-42823\"\/><figcaption>O cacique Andr\u00e9 Karipuna entregou ao embaixador da Uni\u00e3o Europeia Ignacio Yb\u00e1\u00f1ez uma carta chamada \u201cPedido de Socorro\u201d. Foto: Adriano Machado\/Greenpeace<\/figcaption><\/figure>\n\n\n\n<p><strong>Sem dormir<\/strong><\/p>\n\n\n\n<p>A delega\u00e7\u00e3o Karipuna que est\u00e1 em Bras\u00edlia hoje \u00e9 diversa. Possui desde pequenas crian\u00e7as at\u00e9 dois anci\u00f5es que est\u00e3o entre os cinco sobreviventes dos primeiros contatos que os Karipuna fizeram com os n\u00e3o-ind\u00edgenas na d\u00e9cada de 70. Al\u00e9m de Katik\u00e1, outro sobrevivente deste per\u00edodo \u00e9 Aryp\u00e3 Karipuna. \u201c<strong>A gente n\u00e3o consegue mais dormir \u00e0 noite, porque a impress\u00e3o que temos \u00e9 de que seremos expulsos do territ\u00f3rio a qualquer momento<\/strong>. Nos ajudem a combater as invas\u00f5es \u2013 nossos peixes, nossa castanha, est\u00e1 tudo sumindo\u201d, disse Aryp\u00e3 na reuni\u00e3o ocorrida na embaixada da Espanha.&nbsp;&nbsp;<\/p>\n\n\n\n<p>Para o porta-voz da Campanha Amaz\u00f4nia do Greenpeace, Danicley de Aguiar, o fato desses anci\u00f5es \u2013 que mal falam portugu\u00eas e pouco saem de sua aldeia, al\u00e9m de j\u00e1 estarem com a sa\u00fade debilitada \u2013 virem a Bras\u00edlia se encontrar com os embaixadores mostra o grau de desespero do povo Karipuna: \u201c<a href=\"https:\/\/www.greenpeace.org\/brasil\/blog\/lei-anti-desmatamento-e-aprovada-pelo-parlamento-europeu\/\" target=\"_blank\" rel=\"noreferrer noopener\">A Europa discute hoje uma lei anti-desmatamento<\/a>&nbsp;que pode ter impactos profundos nas florestas brasileiras.&nbsp;<strong>Ent\u00e3o precisamos fazer essa conversa, precisamos pedir da Uni\u00e3o Europeia uma legisla\u00e7\u00e3o r\u00edgida que n\u00e3o abra m\u00e3o dos direitos ind\u00edgenas<\/strong>. \u00c9 dever de todos n\u00f3s n\u00e3o naturalizar a viol\u00eancia contra esses povos e garantir que ela seja combatida em todos os f\u00f3runs e de todas as maneiras poss\u00edveis\u201d.&nbsp;<\/p>\n\n\n\n<p>A reuni\u00e3o na embaixada da Uni\u00e3o Europeia, ocorrida na quarta (21) contou com a presen\u00e7a do embaixador Ignacio Yb\u00e1\u00f1ez, que falou sobre a lei anti-desmatamento: \u201cEssa lei \u00e9 muito importante para n\u00f3s, pois ela vai estabelecer regras e vai justamente nos dar condi\u00e7\u00f5es de cobrar os governos.&nbsp;<strong>Estamos comprometidos em ter regras comerciais que garantam em territ\u00f3rio europeu produtos sem trabalho escravo, sem destrui\u00e7\u00e3o de florestas e sem explora\u00e7\u00e3o de territ\u00f3rios ind\u00edgenas<\/strong>&nbsp;\u2013 e que tamb\u00e9m ajudem a combater as mudan\u00e7as clim\u00e1ticas aqui e no resto do mundo\u201d. O encontro na embaixada da Uni\u00e3o Europeia contou com a presen\u00e7a de tr\u00eas embaixadores \u2013 da Holanda, Irlanda e Malta \u2013 e representantes de outros 16 pa\u00edses como It\u00e1lia, Dinamarca, Fran\u00e7a, B\u00e9lgica, Pol\u00f4nia e Finl\u00e2ndia.<\/p>\n\n\n\n<figure class=\"wp-block-image\"><img data-recalc-dims=\"1\" height=\"400\" width=\"600\" decoding=\"async\" src=\"https:\/\/i0.wp.com\/www.greenpeace.org\/static\/planet4-brasil-stateless\/2022\/09\/e66dc391-am_6867-1024x683.jpg?resize=600%2C400&#038;ssl=1\" alt=\"\" class=\"wp-image-42827\"\/><figcaption>Andr\u00e9 Karipuna: \u201cEstamos cansados. Estamos h\u00e1 sete anos fazendo den\u00fancias e o estado n\u00e3o protege o nosso territ\u00f3rio\u201d. Foto: Adriano Machado\/Greenpeace<\/figcaption><\/figure>\n\n\n\n<p><strong>Recente contato<\/strong><\/p>\n\n\n\n<p>O povo Karipuna \u00e9 um povo de recente contato. Suas primeiras intera\u00e7\u00f5es com os n\u00e3o-ind\u00edgenas ocorreram na d\u00e9cada de 70. Eles foram quase dizimados e chegaram a ter apenas 8 indiv\u00edduos. Hoje, eles somam 61 pessoas.&nbsp;<strong>A Terra Ind\u00edgena Karipuna foi demarcada em 1998 com 153 mil hectares. Mas, de l\u00e1 pra c\u00e1, o governo brasileiro pouco fez para garantir sua prote\u00e7\u00e3o e integridade<\/strong>. Como resultado, ela foi invadida de maneira massiva,&nbsp;<a href=\"https:\/\/www.greenpeace.org\/brasil\/blog\/apos-aprovacao-de-lei-que-reduziu-areas-protegidas-em-rondonia-ameacas-e-invasoes-aos-territorios-indigenas-se-intensificaram\/\" target=\"_blank\" rel=\"noreferrer noopener\">principalmente nos \u00faltimos anos, durante o governo Bolsonaro<\/a>. Os ind\u00edcios de que por ali existem dois povos isolados tornam aquela \u00e1rea ainda mais fr\u00e1gil e especial.&nbsp;&nbsp;<\/p>\n\n\n\n<p>Dados do Instituto Nacional de Pesquisas Espaciais (Inpe) mostram que<strong>&nbsp;a TI Karipuna foi a nona terra ind\u00edgena mais desmatada do Brasil entre 2015 e 2021 \u2013 com 4,7 mil hectares de floresta devastadas<\/strong>. Estimativas d\u00e3o conta que 300 mil bois pastam ao redor do territ\u00f3rio. Por conta das amea\u00e7as e do clima de viol\u00eancia, os povos ind\u00edgenas n\u00e3o circulam por ali: eles vivem acuados e utilizam apenas 1% de sua \u00e1rea.&nbsp;&nbsp;<\/p>\n\n\n\n<p>A abertura de ramais, a constru\u00e7\u00e3o de pontes clandestinas, a abertura ilegal de pastagens e o estabelecimento irregular de plantios s\u00e3o alguns dos problemas da TI Karipuna.&nbsp;<strong>As amea\u00e7as \u00e0s lideran\u00e7as tamb\u00e9m s\u00e3o comuns \u2013 ano passado, uma ponte de acesso a uma aldeia chegou a ser destru\u00edda<\/strong>&nbsp;pelos invasores, que tamb\u00e9m j\u00e1 bloquearam estradas, impedindo que uma equipe de sa\u00fade ind\u00edgena realizasse atendimentos.&nbsp;&nbsp;<\/p>\n","protected":false},"excerpt":{"rendered":"<p>Greenpeace, por Jorge Eduardo Dantas \u2013\u00a0\u201cEstou preocupada com o futuro. Estamos cercados por grileiros e desmatadores. O estado brasileiro n\u00e3o cumpre seu dever de proteger nossas terras.\u00a0Viramos ref\u00e9ns em nosso pr\u00f3prio territ\u00f3rio\u201d. \u00c9 dessa maneira que Katik\u00e1 Karipuna, anci\u00e3 do povo Karipuna, de Rond\u00f4nia, resume a situa\u00e7\u00e3o de seus parentes nos dias atuais. Ela, assim&#8230;<a class=\"more-link\" href=\"http:\/\/blogdalucianaoliveira.com.br\/blog\/2022\/09\/22\/cercados-por-300-mil-bois-liderancas-karipuna-pedem-socorro-a-uniao-europeia\/\">Continue a leitura <span class=\"meta-nav\">&raquo;<\/span><\/a><\/p>\n","protected":false},"author":1,"featured_media":0,"comment_status":"closed","ping_status":"open","sticky":false,"template":"","format":"standard","meta":{"_exactmetrics_skip_tracking":false,"_exactmetrics_sitenote_active":false,"_exactmetrics_sitenote_note":"","_exactmetrics_sitenote_category":0,"jetpack_post_was_ever_published":false,"_jetpack_newsletter_access":"","_jetpack_dont_email_post_to_subs":false,"_jetpack_newsletter_tier_id":0,"_jetpack_memberships_contains_paywalled_content":false,"_jetpack_memberships_contains_paid_content":false,"footnotes":"","jetpack_publicize_message":"","jetpack_publicize_feature_enabled":true,"jetpack_social_post_already_shared":true,"jetpack_social_options":{"image_generator_settings":{"template":"highway","enabled":false},"version":2}},"categories":[1],"tags":[495,583],"class_list":["post-34213","post","type-post","status-publish","format-standard","hentry","category-notas","tag-invasoes","tag-karipuna"],"jetpack_publicize_connections":[],"jetpack_sharing_enabled":true,"jetpack_featured_media_url":"","jetpack_shortlink":"https:\/\/wp.me\/p7wKYW-8TP","jetpack-related-posts":[],"_links":{"self":[{"href":"http:\/\/blogdalucianaoliveira.com.br\/blog\/wp-json\/wp\/v2\/posts\/34213","targetHints":{"allow":["GET"]}}],"collection":[{"href":"http:\/\/blogdalucianaoliveira.com.br\/blog\/wp-json\/wp\/v2\/posts"}],"about":[{"href":"http:\/\/blogdalucianaoliveira.com.br\/blog\/wp-json\/wp\/v2\/types\/post"}],"author":[{"embeddable":true,"href":"http:\/\/blogdalucianaoliveira.com.br\/blog\/wp-json\/wp\/v2\/users\/1"}],"replies":[{"embeddable":true,"href":"http:\/\/blogdalucianaoliveira.com.br\/blog\/wp-json\/wp\/v2\/comments?post=34213"}],"version-history":[{"count":1,"href":"http:\/\/blogdalucianaoliveira.com.br\/blog\/wp-json\/wp\/v2\/posts\/34213\/revisions"}],"predecessor-version":[{"id":34215,"href":"http:\/\/blogdalucianaoliveira.com.br\/blog\/wp-json\/wp\/v2\/posts\/34213\/revisions\/34215"}],"wp:attachment":[{"href":"http:\/\/blogdalucianaoliveira.com.br\/blog\/wp-json\/wp\/v2\/media?parent=34213"}],"wp:term":[{"taxonomy":"category","embeddable":true,"href":"http:\/\/blogdalucianaoliveira.com.br\/blog\/wp-json\/wp\/v2\/categories?post=34213"},{"taxonomy":"post_tag","embeddable":true,"href":"http:\/\/blogdalucianaoliveira.com.br\/blog\/wp-json\/wp\/v2\/tags?post=34213"}],"curies":[{"name":"wp","href":"https:\/\/api.w.org\/{rel}","templated":true}]}}