{"id":34216,"date":"2022-09-23T09:45:50","date_gmt":"2022-09-23T13:45:50","guid":{"rendered":"http:\/\/blogdalucianaoliveira.com.br\/blog\/?p=34216"},"modified":"2022-09-23T09:45:53","modified_gmt":"2022-09-23T13:45:53","slug":"pt-emite-nota-em-solidariedade-as-familias-do-seringal-belmont-atacadas-por-pistoleiros","status":"publish","type":"post","link":"http:\/\/blogdalucianaoliveira.com.br\/blog\/2022\/09\/23\/pt-emite-nota-em-solidariedade-as-familias-do-seringal-belmont-atacadas-por-pistoleiros\/","title":{"rendered":"PT emite nota em solidariedade \u00e0s fam\u00edlias do Seringal Belmont atacadas por pistoleiros"},"content":{"rendered":"\n<figure class=\"wp-block-image size-large\"><img loading=\"lazy\" decoding=\"async\" width=\"1032\" height=\"502\" data-attachment-id=\"34218\" data-permalink=\"http:\/\/blogdalucianaoliveira.com.br\/blog\/2022\/09\/23\/pt-emite-nota-em-solidariedade-as-familias-do-seringal-belmont-atacadas-por-pistoleiros\/3a2e2bc2-abdb-47a1-a33f-b3f8408fe908\/\" data-orig-file=\"https:\/\/i0.wp.com\/blogdalucianaoliveira.com.br\/blog\/wp-content\/uploads\/2022\/09\/3A2E2BC2-ABDB-47A1-A33F-B3F8408FE908.jpeg?fit=1032%2C502\" data-orig-size=\"1032,502\" data-comments-opened=\"0\" data-image-meta=\"{&quot;aperture&quot;:&quot;0&quot;,&quot;credit&quot;:&quot;&quot;,&quot;camera&quot;:&quot;&quot;,&quot;caption&quot;:&quot;&quot;,&quot;created_timestamp&quot;:&quot;0&quot;,&quot;copyright&quot;:&quot;&quot;,&quot;focal_length&quot;:&quot;0&quot;,&quot;iso&quot;:&quot;0&quot;,&quot;shutter_speed&quot;:&quot;0&quot;,&quot;title&quot;:&quot;&quot;,&quot;orientation&quot;:&quot;0&quot;}\" data-image-title=\"3A2E2BC2-ABDB-47A1-A33F-B3F8408FE908\" data-image-description=\"\" data-image-caption=\"\" data-medium-file=\"https:\/\/i0.wp.com\/blogdalucianaoliveira.com.br\/blog\/wp-content\/uploads\/2022\/09\/3A2E2BC2-ABDB-47A1-A33F-B3F8408FE908.jpeg?fit=300%2C146\" data-large-file=\"https:\/\/i0.wp.com\/blogdalucianaoliveira.com.br\/blog\/wp-content\/uploads\/2022\/09\/3A2E2BC2-ABDB-47A1-A33F-B3F8408FE908.jpeg?fit=600%2C292\" src=\"https:\/\/i1.wp.com\/blogdalucianaoliveira.com.br\/blog\/wp-content\/uploads\/2022\/09\/3A2E2BC2-ABDB-47A1-A33F-B3F8408FE908.jpeg?fit=600%2C292\" alt=\"\" class=\"wp-image-34218\" srcset=\"https:\/\/i0.wp.com\/blogdalucianaoliveira.com.br\/blog\/wp-content\/uploads\/2022\/09\/3A2E2BC2-ABDB-47A1-A33F-B3F8408FE908.jpeg?w=1032 1032w, https:\/\/i0.wp.com\/blogdalucianaoliveira.com.br\/blog\/wp-content\/uploads\/2022\/09\/3A2E2BC2-ABDB-47A1-A33F-B3F8408FE908.jpeg?resize=300%2C146 300w, https:\/\/i0.wp.com\/blogdalucianaoliveira.com.br\/blog\/wp-content\/uploads\/2022\/09\/3A2E2BC2-ABDB-47A1-A33F-B3F8408FE908.jpeg?resize=1024%2C498 1024w, https:\/\/i0.wp.com\/blogdalucianaoliveira.com.br\/blog\/wp-content\/uploads\/2022\/09\/3A2E2BC2-ABDB-47A1-A33F-B3F8408FE908.jpeg?resize=768%2C374 768w, https:\/\/i0.wp.com\/blogdalucianaoliveira.com.br\/blog\/wp-content\/uploads\/2022\/09\/3A2E2BC2-ABDB-47A1-A33F-B3F8408FE908.jpeg?resize=617%2C300 617w\" sizes=\"auto, (max-width: 600px) 100vw, 600px\" \/><\/figure>\n\n\n\n<p>A nota \u00e9 assinada pela Secretaria Estadual de Movimentos Populares e Coletivo Estadual de Moradia.<\/p>\n\n\n\n<!--more-->\n\n\n\n<p>Veja nota:<\/p>\n\n\n\n<figure class=\"wp-block-image size-large\"><img loading=\"lazy\" decoding=\"async\" width=\"928\" height=\"1127\" data-attachment-id=\"34221\" data-permalink=\"http:\/\/blogdalucianaoliveira.com.br\/blog\/2022\/09\/23\/pt-emite-nota-em-solidariedade-as-familias-do-seringal-belmont-atacadas-por-pistoleiros\/7af9b053-c051-4678-bca1-212c0af96f3d\/\" data-orig-file=\"https:\/\/i0.wp.com\/blogdalucianaoliveira.com.br\/blog\/wp-content\/uploads\/2022\/09\/7AF9B053-C051-4678-BCA1-212C0AF96F3D.jpeg?fit=928%2C1127\" data-orig-size=\"928,1127\" data-comments-opened=\"0\" data-image-meta=\"{&quot;aperture&quot;:&quot;0&quot;,&quot;credit&quot;:&quot;&quot;,&quot;camera&quot;:&quot;&quot;,&quot;caption&quot;:&quot;&quot;,&quot;created_timestamp&quot;:&quot;0&quot;,&quot;copyright&quot;:&quot;&quot;,&quot;focal_length&quot;:&quot;0&quot;,&quot;iso&quot;:&quot;0&quot;,&quot;shutter_speed&quot;:&quot;0&quot;,&quot;title&quot;:&quot;&quot;,&quot;orientation&quot;:&quot;1&quot;}\" data-image-title=\"7AF9B053-C051-4678-BCA1-212C0AF96F3D\" data-image-description=\"\" data-image-caption=\"\" data-medium-file=\"https:\/\/i0.wp.com\/blogdalucianaoliveira.com.br\/blog\/wp-content\/uploads\/2022\/09\/7AF9B053-C051-4678-BCA1-212C0AF96F3D.jpeg?fit=247%2C300\" data-large-file=\"https:\/\/i0.wp.com\/blogdalucianaoliveira.com.br\/blog\/wp-content\/uploads\/2022\/09\/7AF9B053-C051-4678-BCA1-212C0AF96F3D.jpeg?fit=600%2C729\" src=\"https:\/\/i1.wp.com\/blogdalucianaoliveira.com.br\/blog\/wp-content\/uploads\/2022\/09\/7AF9B053-C051-4678-BCA1-212C0AF96F3D.jpeg?fit=600%2C729\" alt=\"\" class=\"wp-image-34221\" srcset=\"https:\/\/i0.wp.com\/blogdalucianaoliveira.com.br\/blog\/wp-content\/uploads\/2022\/09\/7AF9B053-C051-4678-BCA1-212C0AF96F3D.jpeg?w=928 928w, https:\/\/i0.wp.com\/blogdalucianaoliveira.com.br\/blog\/wp-content\/uploads\/2022\/09\/7AF9B053-C051-4678-BCA1-212C0AF96F3D.jpeg?resize=247%2C300 247w, https:\/\/i0.wp.com\/blogdalucianaoliveira.com.br\/blog\/wp-content\/uploads\/2022\/09\/7AF9B053-C051-4678-BCA1-212C0AF96F3D.jpeg?resize=843%2C1024 843w, https:\/\/i0.wp.com\/blogdalucianaoliveira.com.br\/blog\/wp-content\/uploads\/2022\/09\/7AF9B053-C051-4678-BCA1-212C0AF96F3D.jpeg?resize=768%2C933 768w\" sizes=\"auto, (max-width: 600px) 100vw, 600px\" \/><\/figure>\n\n\n\n<p>Leia tamb\u00e9m:<a href=\"http:\/\/A madrugada de domingo, 18, foi de terror para as 48 fam\u00edlias que reocuparam posse distante cerca de tr\u00eas quil\u00f4metros da \u00e1rea urbana da capital.   A comunidade sofreu um ataque violento de pelo menos seis pistoleiros que dispararam contra o acampamento.  As fam\u00edlias foram rendidas e obrigadas a deixarem suas casas em \u2018fila indiana\u2019, sob amea\u00e7a de morte.    Pistoleiros atacam posseiros do Seringal do Belmont http:\/\/blogdalucianaoliveira.com.br\/blog\/2022\/09\/18\/pistoleiros-atacam-posseiros-do-seringal-do-belmont\/\">http:\/\/A madrugada de domingo, 18, foi de terror para as 48 fam\u00edlias que reocuparam posse distante cerca de tr\u00eas quil\u00f4metros da \u00e1rea urbana da capital.   A comunidade sofreu um ataque violento de pelo menos seis pistoleiros que dispararam contra o acampamento.  As fam\u00edlias foram rendidas e obrigadas a deixarem suas casas em \u2018fila indiana\u2019, sob amea\u00e7a de morte.    Pistoleiros atacam posseiros do Seringal do Belmont http:\/\/blogdalucianaoliveira.com.br\/blog\/2022\/09\/18\/pistoleiros-atacam-posseiros-do-seringal-do-belmont\/<\/a><\/p>\n\n\n\n<p><\/p>\n\n\n\n<figure class=\"wp-block-image size-large\"><img loading=\"lazy\" decoding=\"async\" width=\"1080\" height=\"1080\" data-attachment-id=\"34220\" data-permalink=\"http:\/\/blogdalucianaoliveira.com.br\/blog\/2022\/09\/23\/pt-emite-nota-em-solidariedade-as-familias-do-seringal-belmont-atacadas-por-pistoleiros\/c56b5110-a4fc-465c-98c0-bcca322408a9\/\" data-orig-file=\"https:\/\/i0.wp.com\/blogdalucianaoliveira.com.br\/blog\/wp-content\/uploads\/2022\/09\/C56B5110-A4FC-465C-98C0-BCCA322408A9.jpeg?fit=1080%2C1080\" data-orig-size=\"1080,1080\" data-comments-opened=\"0\" data-image-meta=\"{&quot;aperture&quot;:&quot;0&quot;,&quot;credit&quot;:&quot;&quot;,&quot;camera&quot;:&quot;&quot;,&quot;caption&quot;:&quot;&quot;,&quot;created_timestamp&quot;:&quot;0&quot;,&quot;copyright&quot;:&quot;&quot;,&quot;focal_length&quot;:&quot;0&quot;,&quot;iso&quot;:&quot;0&quot;,&quot;shutter_speed&quot;:&quot;0&quot;,&quot;title&quot;:&quot;&quot;,&quot;orientation&quot;:&quot;0&quot;}\" data-image-title=\"C56B5110-A4FC-465C-98C0-BCCA322408A9\" data-image-description=\"\" data-image-caption=\"\" data-medium-file=\"https:\/\/i0.wp.com\/blogdalucianaoliveira.com.br\/blog\/wp-content\/uploads\/2022\/09\/C56B5110-A4FC-465C-98C0-BCCA322408A9.jpeg?fit=300%2C300\" data-large-file=\"https:\/\/i0.wp.com\/blogdalucianaoliveira.com.br\/blog\/wp-content\/uploads\/2022\/09\/C56B5110-A4FC-465C-98C0-BCCA322408A9.jpeg?fit=600%2C600\" src=\"https:\/\/i2.wp.com\/blogdalucianaoliveira.com.br\/blog\/wp-content\/uploads\/2022\/09\/C56B5110-A4FC-465C-98C0-BCCA322408A9.jpeg?fit=600%2C600\" alt=\"\" class=\"wp-image-34220\" srcset=\"https:\/\/i0.wp.com\/blogdalucianaoliveira.com.br\/blog\/wp-content\/uploads\/2022\/09\/C56B5110-A4FC-465C-98C0-BCCA322408A9.jpeg?w=1080 1080w, https:\/\/i0.wp.com\/blogdalucianaoliveira.com.br\/blog\/wp-content\/uploads\/2022\/09\/C56B5110-A4FC-465C-98C0-BCCA322408A9.jpeg?resize=300%2C300 300w, https:\/\/i0.wp.com\/blogdalucianaoliveira.com.br\/blog\/wp-content\/uploads\/2022\/09\/C56B5110-A4FC-465C-98C0-BCCA322408A9.jpeg?resize=1024%2C1024 1024w, https:\/\/i0.wp.com\/blogdalucianaoliveira.com.br\/blog\/wp-content\/uploads\/2022\/09\/C56B5110-A4FC-465C-98C0-BCCA322408A9.jpeg?resize=150%2C150 150w, https:\/\/i0.wp.com\/blogdalucianaoliveira.com.br\/blog\/wp-content\/uploads\/2022\/09\/C56B5110-A4FC-465C-98C0-BCCA322408A9.jpeg?resize=768%2C768 768w\" sizes=\"auto, (max-width: 600px) 100vw, 600px\" \/><\/figure>\n","protected":false},"excerpt":{"rendered":"<p>A nota \u00e9 assinada pela Secretaria Estadual de Movimentos Populares e Coletivo Estadual de Moradia.<\/p>\n","protected":false},"author":1,"featured_media":0,"comment_status":"closed","ping_status":"open","sticky":false,"template":"","format":"standard","meta":{"_exactmetrics_skip_tracking":false,"_exactmetrics_sitenote_active":false,"_exactmetrics_sitenote_note":"","_exactmetrics_sitenote_category":0,"jetpack_post_was_ever_published":false,"_jetpack_newsletter_access":"","_jetpack_dont_email_post_to_subs":false,"_jetpack_newsletter_tier_id":0,"_jetpack_memberships_contains_paywalled_content":false,"_jetpack_memberships_contains_paid_content":false,"footnotes":"","jetpack_publicize_message":"","jetpack_publicize_feature_enabled":true,"jetpack_social_post_already_shared":true,"jetpack_social_options":{"image_generator_settings":{"template":"highway","enabled":false},"version":2}},"categories":[1],"tags":[],"class_list":["post-34216","post","type-post","status-publish","format-standard","hentry","category-notas"],"jetpack_publicize_connections":[],"jetpack_sharing_enabled":true,"jetpack_featured_media_url":"","jetpack_shortlink":"https:\/\/wp.me\/p7wKYW-8TS","jetpack-related-posts":[],"_links":{"self":[{"href":"http:\/\/blogdalucianaoliveira.com.br\/blog\/wp-json\/wp\/v2\/posts\/34216","targetHints":{"allow":["GET"]}}],"collection":[{"href":"http:\/\/blogdalucianaoliveira.com.br\/blog\/wp-json\/wp\/v2\/posts"}],"about":[{"href":"http:\/\/blogdalucianaoliveira.com.br\/blog\/wp-json\/wp\/v2\/types\/post"}],"author":[{"embeddable":true,"href":"http:\/\/blogdalucianaoliveira.com.br\/blog\/wp-json\/wp\/v2\/users\/1"}],"replies":[{"embeddable":true,"href":"http:\/\/blogdalucianaoliveira.com.br\/blog\/wp-json\/wp\/v2\/comments?post=34216"}],"version-history":[{"count":1,"href":"http:\/\/blogdalucianaoliveira.com.br\/blog\/wp-json\/wp\/v2\/posts\/34216\/revisions"}],"predecessor-version":[{"id":34222,"href":"http:\/\/blogdalucianaoliveira.com.br\/blog\/wp-json\/wp\/v2\/posts\/34216\/revisions\/34222"}],"wp:attachment":[{"href":"http:\/\/blogdalucianaoliveira.com.br\/blog\/wp-json\/wp\/v2\/media?parent=34216"}],"wp:term":[{"taxonomy":"category","embeddable":true,"href":"http:\/\/blogdalucianaoliveira.com.br\/blog\/wp-json\/wp\/v2\/categories?post=34216"},{"taxonomy":"post_tag","embeddable":true,"href":"http:\/\/blogdalucianaoliveira.com.br\/blog\/wp-json\/wp\/v2\/tags?post=34216"}],"curies":[{"name":"wp","href":"https:\/\/api.w.org\/{rel}","templated":true}]}}