{"id":34224,"date":"2022-10-04T14:15:09","date_gmt":"2022-10-04T18:15:09","guid":{"rendered":"http:\/\/blogdalucianaoliveira.com.br\/blog\/?p=34224"},"modified":"2022-10-04T14:15:15","modified_gmt":"2022-10-04T18:15:15","slug":"quilombo-nos-parlamentos-26-liderancas-do-movimento-negro-sao-eleitas-no-brasil","status":"publish","type":"post","link":"http:\/\/blogdalucianaoliveira.com.br\/blog\/2022\/10\/04\/quilombo-nos-parlamentos-26-liderancas-do-movimento-negro-sao-eleitas-no-brasil\/","title":{"rendered":"\u201cQuilombo nos parlamentos\u201d: 26 lideran\u00e7as do movimento negro s\u00e3o eleitas no Brasil"},"content":{"rendered":"\n<figure class=\"wp-block-image size-large\"><img data-recalc-dims=\"1\" loading=\"lazy\" decoding=\"async\" width=\"500\" height=\"333\" data-attachment-id=\"34225\" data-permalink=\"http:\/\/blogdalucianaoliveira.com.br\/blog\/2022\/10\/04\/quilombo-nos-parlamentos-26-liderancas-do-movimento-negro-sao-eleitas-no-brasil\/c1d4c92e-705c-4f38-98ec-5eeebebf4053\/\" data-orig-file=\"https:\/\/i0.wp.com\/blogdalucianaoliveira.com.br\/blog\/wp-content\/uploads\/2022\/10\/C1D4C92E-705C-4F38-98EC-5EEEBEBF4053.jpeg?fit=500%2C333\" data-orig-size=\"500,333\" data-comments-opened=\"0\" data-image-meta=\"{&quot;aperture&quot;:&quot;0&quot;,&quot;credit&quot;:&quot;&quot;,&quot;camera&quot;:&quot;&quot;,&quot;caption&quot;:&quot;&quot;,&quot;created_timestamp&quot;:&quot;0&quot;,&quot;copyright&quot;:&quot;&quot;,&quot;focal_length&quot;:&quot;0&quot;,&quot;iso&quot;:&quot;0&quot;,&quot;shutter_speed&quot;:&quot;0&quot;,&quot;title&quot;:&quot;&quot;,&quot;orientation&quot;:&quot;0&quot;}\" data-image-title=\"C1D4C92E-705C-4F38-98EC-5EEEBEBF4053\" data-image-description=\"\" data-image-caption=\"\" data-medium-file=\"https:\/\/i0.wp.com\/blogdalucianaoliveira.com.br\/blog\/wp-content\/uploads\/2022\/10\/C1D4C92E-705C-4F38-98EC-5EEEBEBF4053.jpeg?fit=300%2C200\" data-large-file=\"https:\/\/i0.wp.com\/blogdalucianaoliveira.com.br\/blog\/wp-content\/uploads\/2022\/10\/C1D4C92E-705C-4F38-98EC-5EEEBEBF4053.jpeg?fit=500%2C333\" src=\"https:\/\/i0.wp.com\/blogdalucianaoliveira.com.br\/blog\/wp-content\/uploads\/2022\/10\/C1D4C92E-705C-4F38-98EC-5EEEBEBF4053.jpeg?resize=500%2C333\" alt=\"\" class=\"wp-image-34225\" srcset=\"https:\/\/i0.wp.com\/blogdalucianaoliveira.com.br\/blog\/wp-content\/uploads\/2022\/10\/C1D4C92E-705C-4F38-98EC-5EEEBEBF4053.jpeg?w=500 500w, https:\/\/i0.wp.com\/blogdalucianaoliveira.com.br\/blog\/wp-content\/uploads\/2022\/10\/C1D4C92E-705C-4F38-98EC-5EEEBEBF4053.jpeg?resize=300%2C200 300w, https:\/\/i0.wp.com\/blogdalucianaoliveira.com.br\/blog\/wp-content\/uploads\/2022\/10\/C1D4C92E-705C-4F38-98EC-5EEEBEBF4053.jpeg?resize=450%2C300 450w\" sizes=\"auto, (max-width: 500px) 100vw, 500px\" \/><\/figure>\n\n\n\n<h4 class=\"wp-block-heading\">Erika Hilton (PSOL-SP) e Benedita da Silva (PT-RJ) est\u00e3o entre as ativistas antirracistas eleitas deputadas federais&nbsp;<\/h4>\n\n\n\n<!--more-->\n\n\n\n<p>Gabriela Moncau &#8211; Brasil de Fato | S\u00e3o Paulo (SP)\u00a0<\/p>\n\n\n\n<p>Das 120 candidaturas&nbsp;ligadas ao movimento negro e apoiadas pela campanha \u201cQuilombo nos parlamentos\u201d, iniciativa da Coaliz\u00e3o Negra por Direitos, 26 foram eleitas no pleito de 2022. Oito ocupar\u00e3o cadeiras na C\u00e2mara dos Deputados e 18 em assembleias legislativas nos estados da Bahia, Minas Gerais, Par\u00e1, Paran\u00e1, Pernambuco, Rio de Janeiro, Rio Grande do Norte, Rio Grande do Sul e S\u00e3o Paulo. Juntos, os candidatos eleitos receberam cerca de quatro milh\u00f5es de votos.&nbsp;<\/p>\n\n\n\n<p>Os deputados federais s\u00e3o Valmir Assun\u00e7\u00e3o (PT-BA), Dandara Tonantzin (PT-MG), Carol Dartora (PT-PR), Benedita da Silva (PT-RJ), Henrique Vieira (PSOL-RJ), Tal\u00edria Petrone (PSOL-RJ), Denise Pess\u00f4a (PT-RS) e Erika Hilton (PSOL). Esta \u00faltima, a segunda mais votada do PSOL em S\u00e3o Paulo, ser\u00e1 a primeira mulher negra trans a ocupar uma cadeira no Congresso Nacional.&nbsp;&nbsp;<\/p>\n\n\n\n<p>\u201cNo estado do Rio de Janeiro inteiro, pessoas apaixonadas foram para a rua combater o fundamentalismo, combater o racismo, celebrar a diversidade e abrir uma janela de futuro\u201d, afirmou Vieira em sua rede social. Bras\u00edlia ter\u00e1, disse, \u201cum pastor preto, artista, de esquerda, como fruto de um projeto coletivo\u201d.\u00a0<br><\/p>\n\n\n\n<p>Outros candidatos atuantes no movimento negro, como Douglas Belchior e Tamires Sampaio, ambos postulantes ao legislativo federal pelo PT paulista, n\u00e3o conseguiram votos suficientes. &nbsp;<\/p>\n\n\n\n<p>Entre os deputados estaduais eleitos, est\u00e1&nbsp;Renato Freitas (PT-PR) que chegou a sofrer amea\u00e7as de morte e acusa\u00e7\u00e3o de quebra de decoro durante seu mandato como vereador, por ter participado de um ato em protesto \u00e0s mortes de Mo\u00efse Kabagambe e Durval Te\u00f3filo Filho.&nbsp; &nbsp;<\/p>\n\n\n\n<p>Com 92 mil votos, Ol\u00edvia Santana (PCdoB), que foi a primeira deputada estadual negra da Bahia, foi reeleita e vai agora para seu segundo mandato. Na Assembleia Legislativa da Bahia (Alba), localizada na cidade mais negra fora da \u00c1frica, Ol\u00edvia ser\u00e1 &#8211; de novo \u2013 a \u00fanica parlamentar negra.&nbsp;<\/p>\n\n\n\n<p>\u201cN\u00f3s somos seres coletivos. E \u00e9 como seres coletivos que vamos adentrar o parlamento\u201d, afirmou,&nbsp;no lan\u00e7amento do \u201cQuilombo nos parlamentos\u201d, a secret\u00e1ria executiva do Conselho do Povo de Terreiro do Rio Grande do Sul, Iy\u00e1 Sandrali. &nbsp;&nbsp;<\/p>\n\n\n\n<p>\u201cProjeto do movimento negro para o Brasil\u201d&nbsp;<\/p>\n\n\n\n<p>Com o objetivo de reduzir a hegemonia branca no poder legislativo, eleger lideran\u00e7as do movimento negro e \u201ccontribuir para um projeto de pa\u00eds alinhado \u00e0 luta contra o racismo\u201d, a iniciativa apoiou 120 candidaturas em 24 estados brasileiros. Elas foram indicadas por algumas das 250 entidades que comp\u00f5em a Coaliz\u00e3o.&nbsp;&nbsp;<\/p>\n\n\n\n<p>A estrat\u00e9gia de ampliar a presen\u00e7a de ativistas do movimento no aparato estatal come\u00e7ou em 2020 e, em 2022, acontece pela primeira vez em elei\u00e7\u00f5es gerais. As a\u00e7\u00f5es envolveram apoio com comunica\u00e7\u00e3o e a busca de recursos para as candidaturas, que foram do PT, PSOL, PSB, PCdoB, Rede, PDT, Unidade Popular (UP) e PV. &nbsp;&nbsp;<\/p>\n\n\n\n<p>\u201cN\u00e3o se trata de lutar por um projeto de Brasil para os negros, e sim por um projeto do movimento negro para todo o Brasil. Essa luta n\u00e3o \u00e9 s\u00f3 a mais antiga deste pa\u00eds: \u00e9 a m\u00e3e de todas as lutas contra a desigualdade e as injusti\u00e7as sociais\u201d, explica manifesto do \u201cQuilombo nos parlamentos\u201d. &nbsp;&nbsp;<\/p>\n\n\n\n<p>\u201cN\u00f3s, enquanto movimento, exercemos um papel importante de monitoramento social e de constru\u00e7\u00e3o de pol\u00edtica p\u00fablica\u201d, diz Ant\u00f4nio Crioulo, da Coordena\u00e7\u00e3o Nacional de Articula\u00e7\u00e3o das Comunidades Negras Rurais Quilombolas (Conaq), em&nbsp;<a href=\"http:\/\/conaq.org.br\/noticias\/a-conaq-apoia-as-candidaturas-quilombolas-2022\/\" rel=\"noreferrer noopener\" target=\"_blank\">texto<\/a>&nbsp;em que a organiza\u00e7\u00e3o apoia as candidaturas vindas destas comunidades tradicionais. &nbsp;&nbsp;<\/p>\n\n\n\n<p>\u201cMas o espa\u00e7o de representatividade com a caneta implementa esta vontade nos processos de constru\u00e7\u00e3o de pol\u00edtica e de monitoramento\u201d, conclui.&nbsp;<\/p>\n\n\n\n<p>Do total de 14.712 candidatos autodeclarados pretos ou pardos nesta elei\u00e7\u00e3o de 2022, 525 foram eleitos no \u00faltimo domingo. Esse n\u00famero representa um aumento de 10,78% em rela\u00e7\u00e3o a 2018. &nbsp;<\/p>\n\n\n\n<p>Edi\u00e7\u00e3o: Rodrigo Dur\u00e3o Coelho<\/p>\n","protected":false},"excerpt":{"rendered":"<p>Erika Hilton (PSOL-SP) e Benedita da Silva (PT-RJ) est\u00e3o entre as ativistas antirracistas eleitas deputadas federais&nbsp;<\/p>\n","protected":false},"author":1,"featured_media":0,"comment_status":"closed","ping_status":"open","sticky":false,"template":"","format":"standard","meta":{"_exactmetrics_skip_tracking":false,"_exactmetrics_sitenote_active":false,"_exactmetrics_sitenote_note":"","_exactmetrics_sitenote_category":0,"jetpack_post_was_ever_published":false,"_jetpack_newsletter_access":"","_jetpack_dont_email_post_to_subs":false,"_jetpack_newsletter_tier_id":0,"_jetpack_memberships_contains_paywalled_content":false,"_jetpack_memberships_contains_paid_content":false,"footnotes":"","jetpack_publicize_message":"","jetpack_publicize_feature_enabled":true,"jetpack_social_post_already_shared":true,"jetpack_social_options":{"image_generator_settings":{"template":"highway","enabled":false},"version":2}},"categories":[1],"tags":[],"class_list":["post-34224","post","type-post","status-publish","format-standard","hentry","category-notas"],"jetpack_publicize_connections":[],"jetpack_sharing_enabled":true,"jetpack_featured_media_url":"","jetpack_shortlink":"https:\/\/wp.me\/p7wKYW-8U0","jetpack-related-posts":[],"_links":{"self":[{"href":"http:\/\/blogdalucianaoliveira.com.br\/blog\/wp-json\/wp\/v2\/posts\/34224","targetHints":{"allow":["GET"]}}],"collection":[{"href":"http:\/\/blogdalucianaoliveira.com.br\/blog\/wp-json\/wp\/v2\/posts"}],"about":[{"href":"http:\/\/blogdalucianaoliveira.com.br\/blog\/wp-json\/wp\/v2\/types\/post"}],"author":[{"embeddable":true,"href":"http:\/\/blogdalucianaoliveira.com.br\/blog\/wp-json\/wp\/v2\/users\/1"}],"replies":[{"embeddable":true,"href":"http:\/\/blogdalucianaoliveira.com.br\/blog\/wp-json\/wp\/v2\/comments?post=34224"}],"version-history":[{"count":1,"href":"http:\/\/blogdalucianaoliveira.com.br\/blog\/wp-json\/wp\/v2\/posts\/34224\/revisions"}],"predecessor-version":[{"id":34226,"href":"http:\/\/blogdalucianaoliveira.com.br\/blog\/wp-json\/wp\/v2\/posts\/34224\/revisions\/34226"}],"wp:attachment":[{"href":"http:\/\/blogdalucianaoliveira.com.br\/blog\/wp-json\/wp\/v2\/media?parent=34224"}],"wp:term":[{"taxonomy":"category","embeddable":true,"href":"http:\/\/blogdalucianaoliveira.com.br\/blog\/wp-json\/wp\/v2\/categories?post=34224"},{"taxonomy":"post_tag","embeddable":true,"href":"http:\/\/blogdalucianaoliveira.com.br\/blog\/wp-json\/wp\/v2\/tags?post=34224"}],"curies":[{"name":"wp","href":"https:\/\/api.w.org\/{rel}","templated":true}]}}