{"id":34240,"date":"2022-10-11T06:59:37","date_gmt":"2022-10-11T10:59:37","guid":{"rendered":"http:\/\/blogdalucianaoliveira.com.br\/blog\/?p=34240"},"modified":"2022-10-11T06:59:39","modified_gmt":"2022-10-11T10:59:39","slug":"dos-135-deputados-federais-negros-eleitos-19-eram-brancos-na-ultima-eleicao","status":"publish","type":"post","link":"http:\/\/blogdalucianaoliveira.com.br\/blog\/2022\/10\/11\/dos-135-deputados-federais-negros-eleitos-19-eram-brancos-na-ultima-eleicao\/","title":{"rendered":"Dos 135 deputados federais negros eleitos, 19% eram brancos na \u00faltima elei\u00e7\u00e3o"},"content":{"rendered":"\n<figure class=\"wp-block-image size-large\"><img data-recalc-dims=\"1\" loading=\"lazy\" decoding=\"async\" width=\"600\" height=\"492\" data-attachment-id=\"34241\" data-permalink=\"http:\/\/blogdalucianaoliveira.com.br\/blog\/2022\/10\/11\/dos-135-deputados-federais-negros-eleitos-19-eram-brancos-na-ultima-eleicao\/ab919e29-3f2c-4dc3-be73-45ca6fde7630\/\" data-orig-file=\"https:\/\/i0.wp.com\/blogdalucianaoliveira.com.br\/blog\/wp-content\/uploads\/2022\/10\/AB919E29-3F2C-4DC3-BE73-45CA6FDE7630.jpeg?fit=800%2C656\" data-orig-size=\"800,656\" data-comments-opened=\"0\" data-image-meta=\"{&quot;aperture&quot;:&quot;0&quot;,&quot;credit&quot;:&quot;&quot;,&quot;camera&quot;:&quot;&quot;,&quot;caption&quot;:&quot;&quot;,&quot;created_timestamp&quot;:&quot;0&quot;,&quot;copyright&quot;:&quot;&quot;,&quot;focal_length&quot;:&quot;0&quot;,&quot;iso&quot;:&quot;0&quot;,&quot;shutter_speed&quot;:&quot;0&quot;,&quot;title&quot;:&quot;&quot;,&quot;orientation&quot;:&quot;0&quot;}\" data-image-title=\"AB919E29-3F2C-4DC3-BE73-45CA6FDE7630\" data-image-description=\"\" data-image-caption=\"\" data-medium-file=\"https:\/\/i0.wp.com\/blogdalucianaoliveira.com.br\/blog\/wp-content\/uploads\/2022\/10\/AB919E29-3F2C-4DC3-BE73-45CA6FDE7630.jpeg?fit=300%2C246\" data-large-file=\"https:\/\/i0.wp.com\/blogdalucianaoliveira.com.br\/blog\/wp-content\/uploads\/2022\/10\/AB919E29-3F2C-4DC3-BE73-45CA6FDE7630.jpeg?fit=600%2C492\" src=\"https:\/\/i0.wp.com\/blogdalucianaoliveira.com.br\/blog\/wp-content\/uploads\/2022\/10\/AB919E29-3F2C-4DC3-BE73-45CA6FDE7630.jpeg?resize=600%2C492\" alt=\"\" class=\"wp-image-34241\" srcset=\"https:\/\/i0.wp.com\/blogdalucianaoliveira.com.br\/blog\/wp-content\/uploads\/2022\/10\/AB919E29-3F2C-4DC3-BE73-45CA6FDE7630.jpeg?w=800 800w, https:\/\/i0.wp.com\/blogdalucianaoliveira.com.br\/blog\/wp-content\/uploads\/2022\/10\/AB919E29-3F2C-4DC3-BE73-45CA6FDE7630.jpeg?resize=300%2C246 300w, https:\/\/i0.wp.com\/blogdalucianaoliveira.com.br\/blog\/wp-content\/uploads\/2022\/10\/AB919E29-3F2C-4DC3-BE73-45CA6FDE7630.jpeg?resize=768%2C630 768w, https:\/\/i0.wp.com\/blogdalucianaoliveira.com.br\/blog\/wp-content\/uploads\/2022\/10\/AB919E29-3F2C-4DC3-BE73-45CA6FDE7630.jpeg?resize=366%2C300 366w\" sizes=\"auto, (max-width: 600px) 100vw, 600px\" \/><\/figure>\n\n\n\n<h4 class=\"wp-block-heading\">Se eleitos n\u00e3o mudassem autodeclara\u00e7\u00e3o, presen\u00e7a negra na C\u00e2mara dos Deputados cairia 11,29% em rela\u00e7\u00e3o a 2018<\/h4>\n\n\n\n<!--more-->\n\n\n\n<p>Igor Carvalho &#8211; Brasil de Fato | S\u00e3o Paulo (SP)<\/p>\n\n\n\n<p>O aumento de 9% no n\u00famero de&nbsp;<a href=\"https:\/\/www.brasildefato.com.br\/2022\/10\/04\/quilombo-nos-parlamentos-26-liderancas-do-movimento-negro-sao-eleitas-no-brasil\" target=\"_blank\" rel=\"noreferrer noopener\">negros<\/a>&nbsp;que ocupar\u00e3o a C\u00e2mara dos Deputados em 2023, um salto de 124 para 135 deputados federais&nbsp;em rela\u00e7\u00e3o a 2018, foi celebrado ap\u00f3s a apura\u00e7\u00e3o das urnas, no dia 2 de outubro.<\/p>\n\n\n\n<p>No entanto, levantamento feito pelo&nbsp;<strong>Brasil de Fato<\/strong>&nbsp;mostra que, caso diversos parlamentares n\u00e3o tivessem alterado sua autodeclara\u00e7\u00e3o racial em rela\u00e7\u00e3o ao pleito anterior, a presen\u00e7a negra na Casa teria uma queda de 124 para 109,&nbsp;um recuo de 12,09%.<\/p>\n\n\n\n<p>Dos 135 eleitos em 2022, 26, ou 19,25%, eram brancos na \u00faltima elei\u00e7\u00e3o que disputaram. Caso mantivesse a autodeclara\u00e7\u00e3o, somente 109 parlamentares negros fariam parte da C\u00e2mara dos Deputados a partir de janeiro de 2023.<\/p>\n\n\n\n<p>Entre os partidos com maior n\u00famero de deputados federais eleitos&nbsp;que passaram a se apresentar como negros somente em 2022, Republicanos e PL puxam a fila: s\u00e3o sete e cinco candidaturas, respectivamente. Somados, s\u00e3o respons\u00e1veis por 12&nbsp;dos 26 ex-brancos, 45% do total.<\/p>\n\n\n\n<p>Al\u00e9m dos dois partidos, PP e UB, cada um com quatro deputados que eram brancos at\u00e9 este ano, completam o topo da lista. Todos, s\u00e3o partidos de direita. \u00c0 esquerda, somente PT (2) e PCdoB (1) aparecem na rela\u00e7\u00e3o.<\/p>\n\n\n\n<p>Bahia e Minas Gerais s\u00e3o os estados com o maior n\u00famero de mudan\u00e7as na autodeclara\u00e7\u00e3o racial, entre os eleitos. As bancadas mineira e baiana&nbsp;na C\u00e2mara dos Deputados&nbsp;perderiam&nbsp;oito&nbsp;negros&nbsp;se os candidatos mantivessem a mesma autodeclara\u00e7\u00e3o de 2018.<\/p>\n\n\n\n<p>Das 39 cadeiras baianas na C\u00e2mara dos Deputados, 21 foram ocupadas por candidatos que se autodeclaram negros em 2022. Destes, quatro afirmavam serem brancos na \u00faltima elei\u00e7\u00e3o que disputaram: Alice Portugal (PCdoB), Felix Mendon\u00e7a (PDT), Cl\u00e1udio Cajado (PP) e Elmar Nascimento (UB).<\/p>\n\n\n\n<p>Em Minas Gerais, das 53 vagas do estado na C\u00e2mara dos Deputados, 11 ser\u00e3o ocupadas por negros. Por\u00e9m, no \u00faltimo pleito que disputaram, quatro deles se diziam brancos: Delegada Ione Barbosa (PP), Pinheirinho (PP), Wellington Prado (Pros) e Delegado Marcelo Freitas (UB).<\/p>\n\n\n\n<p>Em 2023, a C\u00e2mara dos Deputados ter\u00e1 26,5% das cadeiras ocupadas por negros. Sem os 26 ex-brancos, esse \u00edndice cairia para 21,3%.<\/p>\n\n\n\n<p>Sheila Carvalho, advogada e integrante da Coaliz\u00e3o Negra por Direitos, pondera que a quest\u00e3o num\u00e9rica pode ser uma armadilha&nbsp;se a quantidade de parlamentares negros eleitos n\u00e3o mantiver um la\u00e7o estreito com as pautas do movimento negro.<\/p>\n\n\n\n<p>&#8220;\u00c9 preciso entender para quem \u00e9 essa democracia de que o Brasil tanto fala. A representatividade racial certamente \u00e9 importante, mas, para n\u00f3s, o que \u00e9 crucial \u00e9 o comprometimento com as pautas que n\u00f3s do movimento negro defendemos h\u00e1 d\u00e9cadas&#8221;, afirma Carvalho.<\/p>\n\n\n\n<p>&#8220;Temos que nos manter atentos acerca dessas porcentagens de representatividade negra que n\u00e3o condizem com a realidade&#8221;, continua a advogada da Coaliz\u00e3o Negra por Direitos.&nbsp;&#8220;H\u00e1 de se destacar que Arthur Lira, homem branco e atual presidente da C\u00e2mara federal, se declara hoje como negro.&#8221;<\/p>\n\n\n\n<p>Financiamento de campanhas<\/p>\n\n\n\n<p>A partir da elei\u00e7\u00e3o de 2022, candidaturas de&nbsp;<a href=\"https:\/\/www.brasildefato.com.br\/2022\/10\/05\/como-fica-a-representacao-feminina-no-congresso-nacional-a-partir-de-2023\" target=\"_blank\" rel=\"noreferrer noopener\">mulheres<\/a>&nbsp;e negros passaram a receber maior aporte financeiro dos partidos, por for\u00e7a de lei. Al\u00e9m disso, a&nbsp;Emenda Constitucional 111\/2019 determina que, at\u00e9 2030, cada voto em candidaturas negras ter\u00e1 peso dois na distribui\u00e7\u00e3o dos fundos partid\u00e1rio e eleitoral, que financiam as campanhas.<\/p>\n\n\n\n<p>&#8220;N\u00e3o podemos deixar de considerar a possibilidade de que muitos dos que se declararam negros neste ano o tenham feito pelas vantagens financeiras que isso d\u00e1 \u00e0 sua candidatura e ao seu partido, desvirtuando a pol\u00edtica disputada pelo movimento negro. E a\u00ed o problema n\u00e3o est\u00e1 na regra, mas no uso de estrat\u00e9gias racistas para apropria\u00e7\u00e3o de a\u00e7\u00f5es afirmativas por grupos historicamente hegem\u00f4nicos&#8221;, encerra Sheila Carvalho.<\/p>\n\n\n\n<p><strong>Confira a lista dos parlamentares que eram brancos na \u00faltima elei\u00e7\u00e3o que disputaram e que se autodeclararam negros, em 2022:<\/strong><\/p>\n\n\n\n<p>Alexandre Leite (UB-SP)<br>Ant\u00f4nia Lucia (Republicanos)&nbsp;<br>Elmar Nascimento (UB)<br>Claudio Cajado (PP)&nbsp;<br>Alice Portugal (PCdoB)&nbsp;<br>Felix Mendon\u00e7a (PDT)&nbsp;<br>Gilvan, o Federal da Direita (PL)&nbsp;<br>Evair de Melo (PP)&nbsp;<br>Da Vit\u00f3ria (PP)&nbsp;<br>Professor Alcides (PL)&nbsp;<br>Detinha (PL)&nbsp;<br>Cleber Verde (Republicanos)&nbsp;<br>Weliton Prado (Pros)&nbsp;<br>Pinheirinho (PP)&nbsp;<br>Delegado Marcelo Freitas (UB)&nbsp;<br>Delegada Ione Barbosa (Avante)&nbsp;<br>Delegado Caveira (PL)&nbsp;<br>Diego Garcia (Republicanos)&nbsp;<br>Andr\u00e9 Ferreira (PL)&nbsp;<br>Dimas Gadelha (PT)&nbsp;<br>Mineiro (PT)&nbsp;<br>Carlos Gomes (Republicanos)&nbsp;<br>Albuquerque (Republicanos)&nbsp;<br>Marcos Pereira (Republicanos)&nbsp;<br>Maria Rosas (Republicanos)&nbsp;<br>Juscelino Filho (UB)<\/p>\n\n\n\n<p>Edi\u00e7\u00e3o: Thalita Pires<\/p>\n","protected":false},"excerpt":{"rendered":"<p>Se eleitos n\u00e3o mudassem autodeclara\u00e7\u00e3o, presen\u00e7a negra na C\u00e2mara dos Deputados cairia 11,29% em rela\u00e7\u00e3o a 2018<\/p>\n","protected":false},"author":1,"featured_media":0,"comment_status":"closed","ping_status":"open","sticky":false,"template":"","format":"standard","meta":{"_exactmetrics_skip_tracking":false,"_exactmetrics_sitenote_active":false,"_exactmetrics_sitenote_note":"","_exactmetrics_sitenote_category":0,"jetpack_post_was_ever_published":false,"_jetpack_newsletter_access":"","_jetpack_dont_email_post_to_subs":false,"_jetpack_newsletter_tier_id":0,"_jetpack_memberships_contains_paywalled_content":false,"_jetpack_memberships_contains_paid_content":false,"footnotes":"","jetpack_publicize_message":"","jetpack_publicize_feature_enabled":true,"jetpack_social_post_already_shared":true,"jetpack_social_options":{"image_generator_settings":{"template":"highway","enabled":false},"version":2}},"categories":[1],"tags":[],"class_list":["post-34240","post","type-post","status-publish","format-standard","hentry","category-notas"],"jetpack_publicize_connections":[],"jetpack_sharing_enabled":true,"jetpack_featured_media_url":"","jetpack_shortlink":"https:\/\/wp.me\/p7wKYW-8Ug","jetpack-related-posts":[],"_links":{"self":[{"href":"http:\/\/blogdalucianaoliveira.com.br\/blog\/wp-json\/wp\/v2\/posts\/34240","targetHints":{"allow":["GET"]}}],"collection":[{"href":"http:\/\/blogdalucianaoliveira.com.br\/blog\/wp-json\/wp\/v2\/posts"}],"about":[{"href":"http:\/\/blogdalucianaoliveira.com.br\/blog\/wp-json\/wp\/v2\/types\/post"}],"author":[{"embeddable":true,"href":"http:\/\/blogdalucianaoliveira.com.br\/blog\/wp-json\/wp\/v2\/users\/1"}],"replies":[{"embeddable":true,"href":"http:\/\/blogdalucianaoliveira.com.br\/blog\/wp-json\/wp\/v2\/comments?post=34240"}],"version-history":[{"count":1,"href":"http:\/\/blogdalucianaoliveira.com.br\/blog\/wp-json\/wp\/v2\/posts\/34240\/revisions"}],"predecessor-version":[{"id":34242,"href":"http:\/\/blogdalucianaoliveira.com.br\/blog\/wp-json\/wp\/v2\/posts\/34240\/revisions\/34242"}],"wp:attachment":[{"href":"http:\/\/blogdalucianaoliveira.com.br\/blog\/wp-json\/wp\/v2\/media?parent=34240"}],"wp:term":[{"taxonomy":"category","embeddable":true,"href":"http:\/\/blogdalucianaoliveira.com.br\/blog\/wp-json\/wp\/v2\/categories?post=34240"},{"taxonomy":"post_tag","embeddable":true,"href":"http:\/\/blogdalucianaoliveira.com.br\/blog\/wp-json\/wp\/v2\/tags?post=34240"}],"curies":[{"name":"wp","href":"https:\/\/api.w.org\/{rel}","templated":true}]}}