{"id":34243,"date":"2022-10-11T07:13:13","date_gmt":"2022-10-11T11:13:13","guid":{"rendered":"http:\/\/blogdalucianaoliveira.com.br\/blog\/?p=34243"},"modified":"2022-10-11T07:13:16","modified_gmt":"2022-10-11T11:13:16","slug":"poema-dos-horrores-por-jair-messias-bolsonaro","status":"publish","type":"post","link":"http:\/\/blogdalucianaoliveira.com.br\/blog\/2022\/10\/11\/poema-dos-horrores-por-jair-messias-bolsonaro\/","title":{"rendered":"Poema dos horrores, por Jair Messias Bolsonaro"},"content":{"rendered":"\n<figure class=\"wp-block-image size-large\"><img data-recalc-dims=\"1\" loading=\"lazy\" decoding=\"async\" width=\"600\" height=\"449\" data-attachment-id=\"34245\" data-permalink=\"http:\/\/blogdalucianaoliveira.com.br\/blog\/2022\/10\/11\/poema-dos-horrores-por-jair-messias-bolsonaro\/7e3f47c7-a4de-4904-8ed2-68fd8cbeddce\/\" data-orig-file=\"https:\/\/i0.wp.com\/blogdalucianaoliveira.com.br\/blog\/wp-content\/uploads\/2022\/10\/7E3F47C7-A4DE-4904-8ED2-68FD8CBEDDCE.jpeg?fit=640%2C479\" data-orig-size=\"640,479\" data-comments-opened=\"0\" data-image-meta=\"{&quot;aperture&quot;:&quot;0&quot;,&quot;credit&quot;:&quot;&quot;,&quot;camera&quot;:&quot;&quot;,&quot;caption&quot;:&quot;&quot;,&quot;created_timestamp&quot;:&quot;0&quot;,&quot;copyright&quot;:&quot;&quot;,&quot;focal_length&quot;:&quot;0&quot;,&quot;iso&quot;:&quot;0&quot;,&quot;shutter_speed&quot;:&quot;0&quot;,&quot;title&quot;:&quot;&quot;,&quot;orientation&quot;:&quot;0&quot;}\" data-image-title=\"7E3F47C7-A4DE-4904-8ED2-68FD8CBEDDCE\" data-image-description=\"\" data-image-caption=\"\" data-medium-file=\"https:\/\/i0.wp.com\/blogdalucianaoliveira.com.br\/blog\/wp-content\/uploads\/2022\/10\/7E3F47C7-A4DE-4904-8ED2-68FD8CBEDDCE.jpeg?fit=300%2C225\" data-large-file=\"https:\/\/i0.wp.com\/blogdalucianaoliveira.com.br\/blog\/wp-content\/uploads\/2022\/10\/7E3F47C7-A4DE-4904-8ED2-68FD8CBEDDCE.jpeg?fit=600%2C449\" src=\"https:\/\/i0.wp.com\/blogdalucianaoliveira.com.br\/blog\/wp-content\/uploads\/2022\/10\/7E3F47C7-A4DE-4904-8ED2-68FD8CBEDDCE.jpeg?resize=600%2C449\" alt=\"\" class=\"wp-image-34245\" srcset=\"https:\/\/i0.wp.com\/blogdalucianaoliveira.com.br\/blog\/wp-content\/uploads\/2022\/10\/7E3F47C7-A4DE-4904-8ED2-68FD8CBEDDCE.jpeg?w=640 640w, https:\/\/i0.wp.com\/blogdalucianaoliveira.com.br\/blog\/wp-content\/uploads\/2022\/10\/7E3F47C7-A4DE-4904-8ED2-68FD8CBEDDCE.jpeg?resize=300%2C225 300w, https:\/\/i0.wp.com\/blogdalucianaoliveira.com.br\/blog\/wp-content\/uploads\/2022\/10\/7E3F47C7-A4DE-4904-8ED2-68FD8CBEDDCE.jpeg?resize=401%2C300 401w\" sizes=\"auto, (max-width: 600px) 100vw, 600px\" \/><\/figure>\n\n\n\n<p>Walter Casagrande Jr. &#8211; Recomenda-se a quem for ler esse &#8220;poema dos horrores&#8221; que esteja acompanhado de um m\u00e9dico e de uma lideran\u00e7a religiosa, seja ela de qualquer credo, porque o texto abaixo pode trazer efeitos colaterais como n\u00e1usea, taquicardia, dores no peito, diarreia, dores no f\u00edgado, febre, s\u00edndrome do p\u00e2nico e sensa\u00e7\u00e3o de presen\u00e7a de esp\u00edritos ruins.<\/p>\n\n\n\n<!--more-->\n\n\n\n<p><strong>Poema dos horrores<\/strong><br>Autor: Jair Messias Bolsonaro<\/p>\n\n\n\n<p>&#8220;<a href=\"https:\/\/congressoemfoco.uol.com.br\/projeto-bula\/reportagem\/as-frases-polemicas-de-jair-bolsonaro\/\">Fui ser deputado federal para n\u00e3o andar de \u00f4nibus, fusca, van e morar bem<\/a>.&#8221;<\/p>\n\n\n\n<p><a href=\"https:\/\/revistacult.uol.com.br\/home\/a-retorica-homofobica\/\">&#8220;Sou preconceituoso com muito orgulho.&#8221;<\/a><\/p>\n\n\n\n<p>&#8220;<a href=\"https:\/\/www1.folha.uol.com.br\/poder\/2018\/10\/veja-11-frases-polemicas-de-bolsonaro.shtml\">Seria incapaz de amar um filho homossexual<\/a>. Prefiro que um filho meu morra num acidente do que apare\u00e7a com um bigodudo por a\u00ed.&#8221;<\/p>\n\n\n\n<p>&#8220;O filho come\u00e7a a ficar assim,&nbsp;<a href=\"https:\/\/www1.folha.uol.com.br\/fsp\/cotidian\/ff2611201025.htm\">meio&nbsp;<\/a><a href=\"https:\/\/www1.folha.uol.com.br\/fsp\/cotidian\/ff2611201025.htm\">gayzinho<\/a>, leva um couro e muda o comportamento dele.&#8221;<\/p>\n\n\n\n<p>&#8220;<a href=\"https:\/\/www1.folha.uol.com.br\/poder\/2022\/07\/bolsonaro-adota-fala-homofobica-e-defende-que-joaozinho-seja-joaozinho-a-vida-toda.shtml\">O que n\u00f3s queremos \u00e9 que o Jo\u00e3ozinho seja Jo\u00e3ozinho a vida toda.<\/a>&nbsp;A Mariazinha seja Maria a vida toda, que constitua fam\u00edlia, que seu car\u00e1ter n\u00e3o seja deturpado em sala de aula.&#8221;<\/p>\n\n\n\n<p>&#8220;Fui num quilombo.&nbsp;<a href=\"https:\/\/www1.folha.uol.com.br\/poder\/2022\/05\/bolsonaro-volta-dizer-que-negro-e-pesado-em-arrobas-e-ironiza-sua-condenacao.shtml\">O afrodescendente mais leve l\u00e1 pesava sete arrobas<\/a>. Nem para procriar serve mais.&#8221;<\/p>\n\n\n\n<p>&#8220;<a href=\"https:\/\/www1.folha.uol.com.br\/opiniao\/2022\/03\/o-deputado-estadual-arthur-do-val-deve-ter-o-mandato-cassado-sim.shtml\">N\u00e3o te estupro porque voc\u00ea n\u00e3o merece<\/a>.&#8221;<\/p>\n\n\n\n<p>&#8220;<a href=\"https:\/\/piaui.folha.uol.com.br\/materia\/nao-foi-voce\/\">Sou capit\u00e3o do ex\u00e9rcito. Minha miss\u00e3o \u00e9 matar<\/a>.&#8221;<\/p>\n\n\n\n<p>&#8220;<a href=\"https:\/\/www1.folha.uol.com.br\/poder\/2019\/03\/veja-10-frases-polemicas-de-bolsonaro-sobre-o-golpe-de-1964-e-a-ditadura-militar.shtml\">O erro da ditadura foi torturar e n\u00e3o matar.<\/a>&#8220;<\/p>\n\n\n\n<p>&#8220;<a href=\"https:\/\/piaui.folha.uol.com.br\/materia\/nao-foi-voce\/\">Pinochet deveria ter matado mais gente<\/a>.&#8221;<\/p>\n\n\n\n<p>&#8220;<a href=\"https:\/\/www.infomoney.com.br\/perfil\/jair-bolsonaro\/\">No per\u00edodo da ditadura, deveriam ter fuzilado uns 30 mil corruptos, a come\u00e7ar pelo presidente Fernando Henrique Cardoso.<\/a>&#8220;<\/p>\n\n\n\n<p>&#8220;<a href=\"https:\/\/www1.folha.uol.com.br\/colunas\/marcelocoelho\/2022\/04\/e-hora-de-revogar-a-lei-da-anistia.shtml\">Desaparecidos no Araguaia? Quem procura osso \u00e9 cachorro<\/a>.&#8221;<\/p>\n\n\n\n<p>&#8220;<a href=\"https:\/\/www1.folha.uol.com.br\/poder\/2022\/02\/bolsonaro-acumula-frases-preconceituosas-contra-diferentes-alvos-relembre.shtml\">Tenho cinco filhos. Foram quatro homens, a\u00ed no quinto dei uma fraquejada e veio uma mulher<\/a>.&#8221;<\/p>\n\n\n\n<p>&#8220;<a href=\"https:\/\/www1.folha.uol.com.br\/poder\/2022\/06\/por-4-votos-1-tj-sp-mantem-condenacao-a-bolsonaro-por-ofensas-a-reporter-da-folha.shtml\">A Patr\u00edcia [Campos Mello, jornalista] queria dar um furo<\/a>. Ela queria dar o furo a qualquer pre\u00e7o contra mim.&#8221;<\/p>\n\n\n\n<p><a href=\"https:\/\/brasil.elpais.com\/brasil\/2014\/02\/14\/politica\/1392402426_093148.html\">&#8220;Os gays n\u00e3o s\u00e3o semideuses. A maioria \u00e9 fruto do uso de drogas<\/a>.&#8221;<\/p>\n\n\n\n<p>&#8220;<a href=\"https:\/\/www1.folha.uol.com.br\/poder\/2016\/11\/1830828-conselho-de-etica-livra-bolsonaro-de-processo-por-homenagem-a-ustra.shtml\">Pela mem\u00f3ria do coronel Carlos Alberto Brilhante&nbsp;<\/a><a href=\"https:\/\/www1.folha.uol.com.br\/poder\/2016\/11\/1830828-conselho-de-etica-livra-bolsonaro-de-processo-por-homenagem-a-ustra.shtml\">Ustra<\/a>&nbsp;[torturador], o pavor de Dilma Rousseff.&#8221;<\/p>\n\n\n\n<p>&#8220;<a href=\"https:\/\/www1.folha.uol.com.br\/poder\/2018\/10\/veja-11-frases-polemicas-de-bolsonaro.shtml\">Vamos fuzilar a petralhada aqui do Acre<\/a>.&#8221;<\/p>\n\n\n\n<p>&#8220;<a href=\"https:\/\/www1.folha.uol.com.br\/poder\/2022\/08\/bolsonaro-diz-rejeitar-anistia-pos-mandato-e-admite-imoralidade-como-deputado.shtml\">Como eu estava solteiro naquela \u00e9poca, esse dinheiro do aux\u00edlio-moradia eu usava para comer gente<\/a>.&#8221;<\/p>\n\n\n\n<p>&#8220;<a href=\"https:\/\/istoe.com.br\/frases-de-bolsonaro-o-candidato-que-despreza-as-minorias\/\">Deus acima de tudo. N\u00e3o tem essa historinha de Estado laico, n\u00e3o<\/a>. O Estado \u00e9 crist\u00e3o e a minoria que for contra que se mude. As minorias t\u00eam que se curvar para as maiorias.&#8221;<\/p>\n\n\n\n<p>&#8220;<a href=\"https:\/\/www.em.com.br\/app\/colunistas\/ricardo-kertzman\/2021\/10\/19\/interna_ricardo_kertzman,1315151\/istoe-ousou-e-eu-diria-inovou-ao-chamar-de-nazismo-praticas-nazistas.shtml\">Com toda certeza, o \u00edndio mudou<\/a>. Cada vez mais o \u00edndio \u00e9 um ser humano igual a n\u00f3s.&#8221;<\/p>\n\n\n\n<p>&#8220;<a href=\"https:\/\/www1.folha.uol.com.br\/poder\/2022\/02\/esta-cheio-de-pau-de-arara-aqui-diz-bolsonaro-em-referencia-a-nordestinos.shtml\">Est\u00e1 cheio de pau de arara aqui e n\u00e3o sabem onde fica a cidade de padre C\u00edcero.&#8221;<\/a><\/p>\n\n\n\n<p>&#8220;<a href=\"https:\/\/www1.folha.uol.com.br\/poder\/2019\/03\/veja-10-frases-polemicas-de-bolsonaro-sobre-o-golpe-de-1964-e-a-ditadura-militar.shtml\">Pau de arara funciona<\/a>. Sou favor\u00e1vel \u00e0 tortura. E o povo tamb\u00e9m \u00e9.&#8221;<\/p>\n\n\n\n<p>&#8220;<a href=\"https:\/\/www1.folha.uol.com.br\/poder\/2022\/03\/fala-de-arthur-do-val-e-asquerosa-diz-bolsonaro-que-tem-historico-de-frases-sexistas.shtml\">N\u00e3o empregaria [homens e mulheres] com o mesmo sal\u00e1rio. Mas tem muita mulher que \u00e9 competente<\/a>.&#8221;<\/p>\n\n\n\n<p>&#8220;<a href=\"https:\/\/noticias.uol.com.br\/colunas\/balaio-do-kotscho\/2022\/06\/17\/politica-de-governo-o-que-bolsonaro-ja-disse-sobre-povos-indigenas-e-funai.htm\">Os \u00edndios n\u00e3o falam a nossa l\u00edngua, n\u00e3o t\u00eam dinheiro, n\u00e3o t\u00eam cultura<\/a>. S\u00e3o povos nativos. Como eles conseguem ter 13% do territ\u00f3rio nacional?&#8221;<\/p>\n\n\n\n<p>&#8220;<a href=\"https:\/\/www1.folha.uol.com.br\/poder\/2020\/03\/procuradoria-pede-a-justica-direito-de-resposta-a-indigenas-em-redes-sociais-de-bolsonaro.shtml\">Pena que a cavalaria brasileira n\u00e3o tenha sido t\u00e3o eficiente<\/a>\u00a0como a americana, que exterminou todos os \u00edndios.&#8221;<\/p>\n\n\n\n<p>&#8220;<a href=\"https:\/\/piaui.folha.uol.com.br\/o-guarda-da-esquina-e-sua-hora\/\">N\u00e3o vai ter um cent\u00edmetro demarcado para reserva ind\u00edgena ou quilombola<\/a>.&#8221;<\/p>\n\n\n\n<p>&#8220;<a href=\"https:\/\/noticias.uol.com.br\/politica\/ultimas-noticias\/2022\/03\/16\/bolsonaro-medalha-merito-indigenista-indios-pobres-coitados.htm\">Se eleito vou dar uma foi\u00e7ada na Funai<\/a>, mas uma foi\u00e7ada no pesco\u00e7o. N\u00e3o tem outro jeito. N\u00e3o serve mais.&#8221;<\/p>\n\n\n\n<p>&#8220;<a href=\"https:\/\/www1.folha.uol.com.br\/poder\/2019\/07\/falar-que-se-passa-fome-no-brasil-e-uma-grande-mentira-afirma-bolsonaro.shtml\">Falar que se passa fome no Brasil \u00e9 uma grande mentira.<\/a>&nbsp;Voc\u00ea n\u00e3o v\u00ea gente, mesmo pobre, pelas ruas com um f\u00edsico esquel\u00e9tico, como a gente v\u00ea em alguns outros pa\u00edses pelo mundo.&#8221;<\/p>\n\n\n\n<p>&#8220;<a href=\"https:\/\/www.dn.pt\/mundo\/bolsonaro-um-ano-em-frases-ja-passei-noites-sem-dormir-ja-chorei-pra-caramba--11658960.html\">A Greta [Thunberg] j\u00e1 disse que os \u00edndios morreram por estar a defender a Amaz\u00f4nia<\/a>. \u00c9 impressionante a imprensa dar espa\u00e7o para uma pirralha dessa da\u00ed!&#8221;<\/p>\n\n\n\n<p>&#8220;Apenas a diplomacia n\u00e3o d\u00e1!&nbsp;<a href=\"https:\/\/www1.folha.uol.com.br\/colunas\/viniciustorres\/2020\/11\/bolsonaro-um-dia-de-furias-e-de-crimes-contra-o-pais.shtml\">Quando acabar a saliva, tem que ter p\u00f3lvora<\/a>.&#8221;<\/p>\n\n\n\n<p>&#8220;<a href=\"https:\/\/www1.folha.uol.com.br\/cotidiano\/2020\/04\/nao-sou-coveiro-diz-bolsonaro-sobre-qual-seria-numero-aceitavel-de-mortes-por-coronavirus.shtml\">N\u00e3o sou coveiro<\/a>.&#8221;<\/p>\n\n\n\n<p>&#8220;<a href=\"https:\/\/www1.folha.uol.com.br\/equilibrioesaude\/2020\/04\/e-dai-lamento-quer-que-eu-faca-o-que-diz-bolsonaro-sobre-recorde-de-mortos-por-coronavirus.shtml\">E da\u00ed?<\/a>&#8220;<\/p>\n\n\n\n<p>&#8220;<a href=\"https:\/\/www1.folha.uol.com.br\/equilibrioesaude\/2020\/11\/temos-que-deixar-de-ser-um-pais-de-maricas-diz-bolsonaro-sobre-combate-a-covid-19.shtml\">Pa\u00eds de&nbsp;<\/a><a href=\"https:\/\/www1.folha.uol.com.br\/equilibrioesaude\/2020\/11\/temos-que-deixar-de-ser-um-pais-de-maricas-diz-bolsonaro-sobre-combate-a-covid-19.shtml\">maricas<\/a>.&#8221;<\/p>\n\n\n\n<p>&#8220;Toma quem quiser, quem n\u00e3o quiser n\u00e3o toma.&nbsp;<a href=\"https:\/\/www1.folha.uol.com.br\/equilibrioesaude\/2020\/05\/bolsonaro-diz-que-novo-protocolo-sobre-cloroquina-sera-assinado-nesta-quarta-feira.shtml\">Quem \u00e9 de direita toma&nbsp;<\/a><a href=\"https:\/\/www1.folha.uol.com.br\/equilibrioesaude\/2020\/05\/bolsonaro-diz-que-novo-protocolo-sobre-cloroquina-sera-assinado-nesta-quarta-feira.shtml\">cloroquina<\/a>. Quem \u00e9 de esquerda toma tuba\u00edna.&#8221;<\/p>\n\n\n\n<p>&#8220;Chega de frescura, mimimi.&nbsp;<a href=\"https:\/\/www1.folha.uol.com.br\/blogs\/cozinha-bruta\/2022\/01\/a-tragedia-pastelao-de-bolsonaro.shtml\">Vai ficar chorando at\u00e9 quando?<\/a>&#8220;<\/p>\n\n\n\n<p>&#8220;Quando pega Covid-19 num bund\u00e3o como voc\u00eas,&nbsp;<a href=\"https:\/\/www1.folha.uol.com.br\/poder\/2020\/08\/em-evento-pro-cloroquina-bolsonaro-diz-que-jornalista-bundao-tem-mais-chance-de-morrer-de-coronavirus.shtml\">a chance de sobreviver \u00e9 bem menor do que a minha.<\/a>&#8220;<\/p>\n\n\n\n<p>N\u00e3o podemos deixar que essa narrativa do mal continue construindo esse poema dos horrores.<\/p>\n","protected":false},"excerpt":{"rendered":"<p>Walter Casagrande Jr. &#8211; Recomenda-se a quem for ler esse &#8220;poema dos horrores&#8221; que esteja acompanhado de um m\u00e9dico e de uma lideran\u00e7a religiosa, seja ela de qualquer credo, porque o texto abaixo pode trazer efeitos colaterais como n\u00e1usea, taquicardia, dores no peito, diarreia, dores no f\u00edgado, febre, s\u00edndrome do p\u00e2nico e sensa\u00e7\u00e3o de presen\u00e7a&#8230;<a class=\"more-link\" href=\"http:\/\/blogdalucianaoliveira.com.br\/blog\/2022\/10\/11\/poema-dos-horrores-por-jair-messias-bolsonaro\/\">Continue a leitura <span class=\"meta-nav\">&raquo;<\/span><\/a><\/p>\n","protected":false},"author":1,"featured_media":0,"comment_status":"closed","ping_status":"open","sticky":false,"template":"","format":"standard","meta":{"_exactmetrics_skip_tracking":false,"_exactmetrics_sitenote_active":false,"_exactmetrics_sitenote_note":"","_exactmetrics_sitenote_category":0,"jetpack_post_was_ever_published":false,"_jetpack_newsletter_access":"","_jetpack_dont_email_post_to_subs":false,"_jetpack_newsletter_tier_id":0,"_jetpack_memberships_contains_paywalled_content":false,"_jetpack_memberships_contains_paid_content":false,"footnotes":"","jetpack_publicize_message":"","jetpack_publicize_feature_enabled":true,"jetpack_social_post_already_shared":true,"jetpack_social_options":{"image_generator_settings":{"template":"highway","enabled":false},"version":2}},"categories":[1],"tags":[],"class_list":["post-34243","post","type-post","status-publish","format-standard","hentry","category-notas"],"jetpack_publicize_connections":[],"jetpack_sharing_enabled":true,"jetpack_featured_media_url":"","jetpack_shortlink":"https:\/\/wp.me\/p7wKYW-8Uj","jetpack-related-posts":[],"_links":{"self":[{"href":"http:\/\/blogdalucianaoliveira.com.br\/blog\/wp-json\/wp\/v2\/posts\/34243","targetHints":{"allow":["GET"]}}],"collection":[{"href":"http:\/\/blogdalucianaoliveira.com.br\/blog\/wp-json\/wp\/v2\/posts"}],"about":[{"href":"http:\/\/blogdalucianaoliveira.com.br\/blog\/wp-json\/wp\/v2\/types\/post"}],"author":[{"embeddable":true,"href":"http:\/\/blogdalucianaoliveira.com.br\/blog\/wp-json\/wp\/v2\/users\/1"}],"replies":[{"embeddable":true,"href":"http:\/\/blogdalucianaoliveira.com.br\/blog\/wp-json\/wp\/v2\/comments?post=34243"}],"version-history":[{"count":1,"href":"http:\/\/blogdalucianaoliveira.com.br\/blog\/wp-json\/wp\/v2\/posts\/34243\/revisions"}],"predecessor-version":[{"id":34246,"href":"http:\/\/blogdalucianaoliveira.com.br\/blog\/wp-json\/wp\/v2\/posts\/34243\/revisions\/34246"}],"wp:attachment":[{"href":"http:\/\/blogdalucianaoliveira.com.br\/blog\/wp-json\/wp\/v2\/media?parent=34243"}],"wp:term":[{"taxonomy":"category","embeddable":true,"href":"http:\/\/blogdalucianaoliveira.com.br\/blog\/wp-json\/wp\/v2\/categories?post=34243"},{"taxonomy":"post_tag","embeddable":true,"href":"http:\/\/blogdalucianaoliveira.com.br\/blog\/wp-json\/wp\/v2\/tags?post=34243"}],"curies":[{"name":"wp","href":"https:\/\/api.w.org\/{rel}","templated":true}]}}