{"id":34250,"date":"2022-10-14T10:15:42","date_gmt":"2022-10-14T14:15:42","guid":{"rendered":"http:\/\/blogdalucianaoliveira.com.br\/blog\/?p=34250"},"modified":"2022-10-14T10:15:44","modified_gmt":"2022-10-14T14:15:44","slug":"governador-culpa-stf-por-operacao-que-incendiou-dragas-de-garimpeiros-no-rio-madeira","status":"publish","type":"post","link":"http:\/\/blogdalucianaoliveira.com.br\/blog\/2022\/10\/14\/governador-culpa-stf-por-operacao-que-incendiou-dragas-de-garimpeiros-no-rio-madeira\/","title":{"rendered":"Governador culpa STF por opera\u00e7\u00e3o que incendiou dragas de garimpeiros no rio Madeira"},"content":{"rendered":"\n<figure class=\"wp-block-image size-large\"><img loading=\"lazy\" decoding=\"async\" width=\"1147\" height=\"617\" data-attachment-id=\"34251\" data-permalink=\"http:\/\/blogdalucianaoliveira.com.br\/blog\/2022\/10\/14\/governador-culpa-stf-por-operacao-que-incendiou-dragas-de-garimpeiros-no-rio-madeira\/a3dae296-fab1-4450-8492-33fbd8973c34\/\" data-orig-file=\"https:\/\/i0.wp.com\/blogdalucianaoliveira.com.br\/blog\/wp-content\/uploads\/2022\/10\/A3DAE296-FAB1-4450-8492-33FBD8973C34.jpeg?fit=1147%2C617\" data-orig-size=\"1147,617\" data-comments-opened=\"0\" data-image-meta=\"{&quot;aperture&quot;:&quot;0&quot;,&quot;credit&quot;:&quot;&quot;,&quot;camera&quot;:&quot;&quot;,&quot;caption&quot;:&quot;&quot;,&quot;created_timestamp&quot;:&quot;0&quot;,&quot;copyright&quot;:&quot;&quot;,&quot;focal_length&quot;:&quot;0&quot;,&quot;iso&quot;:&quot;0&quot;,&quot;shutter_speed&quot;:&quot;0&quot;,&quot;title&quot;:&quot;&quot;,&quot;orientation&quot;:&quot;1&quot;}\" data-image-title=\"A3DAE296-FAB1-4450-8492-33FBD8973C34\" data-image-description=\"\" data-image-caption=\"\" data-medium-file=\"https:\/\/i0.wp.com\/blogdalucianaoliveira.com.br\/blog\/wp-content\/uploads\/2022\/10\/A3DAE296-FAB1-4450-8492-33FBD8973C34.jpeg?fit=300%2C161\" data-large-file=\"https:\/\/i0.wp.com\/blogdalucianaoliveira.com.br\/blog\/wp-content\/uploads\/2022\/10\/A3DAE296-FAB1-4450-8492-33FBD8973C34.jpeg?fit=600%2C323\" src=\"https:\/\/i0.wp.com\/blogdalucianaoliveira.com.br\/blog\/wp-content\/uploads\/2022\/10\/A3DAE296-FAB1-4450-8492-33FBD8973C34.jpeg?fit=600%2C323\" alt=\"\" class=\"wp-image-34251\" srcset=\"https:\/\/i0.wp.com\/blogdalucianaoliveira.com.br\/blog\/wp-content\/uploads\/2022\/10\/A3DAE296-FAB1-4450-8492-33FBD8973C34.jpeg?w=1147 1147w, https:\/\/i0.wp.com\/blogdalucianaoliveira.com.br\/blog\/wp-content\/uploads\/2022\/10\/A3DAE296-FAB1-4450-8492-33FBD8973C34.jpeg?resize=300%2C161 300w, https:\/\/i0.wp.com\/blogdalucianaoliveira.com.br\/blog\/wp-content\/uploads\/2022\/10\/A3DAE296-FAB1-4450-8492-33FBD8973C34.jpeg?resize=1024%2C551 1024w, https:\/\/i0.wp.com\/blogdalucianaoliveira.com.br\/blog\/wp-content\/uploads\/2022\/10\/A3DAE296-FAB1-4450-8492-33FBD8973C34.jpeg?resize=768%2C413 768w, https:\/\/i0.wp.com\/blogdalucianaoliveira.com.br\/blog\/wp-content\/uploads\/2022\/10\/A3DAE296-FAB1-4450-8492-33FBD8973C34.jpeg?resize=558%2C300 558w\" sizes=\"auto, (max-width: 600px) 100vw, 600px\" \/><\/figure>\n\n\n\n<p>O governador de Rond\u00f4nia, Marcos Rocha, apelou \u00e0 mentira  para fazer politicagem com garimpeiros que protestavam contra dragas incendiadas no rio Madeira.<\/p>\n\n\n\n<p>Ao ser perguntado se a opera\u00e7\u00e3o \u2018Lex Et Ordo\u2019 da Pol\u00edcia Federal era culpa do presidente Bolsonaro, ele confirmou o que um garimpeiro gritou ao lado: \u201c\u00e9 do STF!\u201d<\/p>\n\n\n\n<!--more-->\n\n\n\n<p>O nome da opera\u00e7\u00e3o faz alus\u00e3o a necessidade de garantir a aplica\u00e7\u00e3o da lei e implementar a ordem no leito do Rio Madeira.<\/p>\n\n\n\n<p>Mais de 80 dragas, utilizadas no garimpo ilegal no leito do rio Madeira, em Porto Velho, foram destru\u00eddas na opera\u00e7\u00e3o da Pol\u00edcia Federal (PF) e Instituto Brasileiro do Meio Ambiente e dos Recursos Naturais Renov\u00e1veis (Ibama), na quarta-feira (12).<\/p>\n\n\n\n<p>Isso gerou protestos com fechamento de um trecho urbano da BR-319, que liga Rond\u00f4nia ao Amazonas.<\/p>\n\n\n\n<p>Os garimpeiros queimaram pneus para bloquear a estrada que d\u00e1 acesso ao Porto Organizado e \u00e0 ponte sobre o rio Madeira. <\/p>\n\n\n\n<p>Segundo a Superintend\u00eancia Regional da Pol\u00edcia Federal em Rond\u00f4nia, \u201cA a\u00e7\u00e3o busca desestruturar organiza\u00e7\u00f5es criminosas que lucram causando imensos preju\u00edzos ambientais com atividades ilegais de minera\u00e7\u00e3o, tais como: a modifica\u00e7\u00e3o do curso original do rio, a destrui\u00e7\u00e3o da vegeta\u00e7\u00e3o ribeirinha e a interrup\u00e7\u00e3o de canais d&#8217;\u00e1gua, com a consequente morte da fauna e flora locais. A minera\u00e7\u00e3o ilegal \u00e9 respons\u00e1vel ainda pela contamina\u00e7\u00e3o das \u00e1guas e dos peixes por merc\u00fario, causando s\u00e9rios preju\u00edzos n\u00e3o s\u00f3 \u00e0 natureza mas tamb\u00e9m \u00e0 sa\u00fade da popula\u00e7\u00e3o\u201d.<\/p>\n\n\n\n<p>Marcos Rocha disputa o segundo turno pela reelei\u00e7\u00e3o e prometeu ajudar os garimpeiros junto ao Minist\u00e9rio  da Justi\u00e7a, sem dizer exatamente como. <\/p>\n\n\n\n<p>Veja:<\/p>\n\n\n\n<figure class=\"wp-block-embed-youtube wp-block-embed is-type-video is-provider-youtube wp-embed-aspect-16-9 wp-has-aspect-ratio\"><div class=\"wp-block-embed__wrapper\">\n<div class=\"jetpack-video-wrapper\"><iframe loading=\"lazy\" title=\"Governador culpa STF por opera\u00e7\u00e3o que incendiou dragas de garimpeiros no rio Madeira\" width=\"600\" height=\"338\" src=\"https:\/\/www.youtube.com\/embed\/rTf3YqNkVdM?feature=oembed\" frameborder=\"0\" allow=\"accelerometer; autoplay; clipboard-write; encrypted-media; gyroscope; picture-in-picture; web-share\" referrerpolicy=\"strict-origin-when-cross-origin\" allowfullscreen><\/iframe><\/div>\n<\/div><\/figure>\n","protected":false},"excerpt":{"rendered":"<p>O governador de Rond\u00f4nia, Marcos Rocha, apelou \u00e0 mentira para fazer politicagem com garimpeiros que protestavam contra dragas incendiadas no rio Madeira. Ao ser perguntado se a opera\u00e7\u00e3o \u2018Lex Et Ordo\u2019 da Pol\u00edcia Federal era culpa do presidente Bolsonaro, ele confirmou o que um garimpeiro gritou ao lado: \u201c\u00e9 do STF!\u201d<\/p>\n","protected":false},"author":1,"featured_media":0,"comment_status":"closed","ping_status":"open","sticky":false,"template":"","format":"standard","meta":{"_exactmetrics_skip_tracking":false,"_exactmetrics_sitenote_active":false,"_exactmetrics_sitenote_note":"","_exactmetrics_sitenote_category":0,"jetpack_post_was_ever_published":false,"_jetpack_newsletter_access":"","_jetpack_dont_email_post_to_subs":false,"_jetpack_newsletter_tier_id":0,"_jetpack_memberships_contains_paywalled_content":false,"_jetpack_memberships_contains_paid_content":false,"footnotes":"","jetpack_publicize_message":"","jetpack_publicize_feature_enabled":true,"jetpack_social_post_already_shared":true,"jetpack_social_options":{"image_generator_settings":{"template":"highway","enabled":false},"version":2}},"categories":[1],"tags":[801,803,196,8,7],"class_list":["post-34250","post","type-post","status-publish","format-standard","hentry","category-notas","tag-dragas","tag-garimpeiros","tag-madeira","tag-porto-velho","tag-rondonia"],"jetpack_publicize_connections":[],"jetpack_sharing_enabled":true,"jetpack_featured_media_url":"","jetpack_shortlink":"https:\/\/wp.me\/p7wKYW-8Uq","jetpack-related-posts":[],"_links":{"self":[{"href":"http:\/\/blogdalucianaoliveira.com.br\/blog\/wp-json\/wp\/v2\/posts\/34250","targetHints":{"allow":["GET"]}}],"collection":[{"href":"http:\/\/blogdalucianaoliveira.com.br\/blog\/wp-json\/wp\/v2\/posts"}],"about":[{"href":"http:\/\/blogdalucianaoliveira.com.br\/blog\/wp-json\/wp\/v2\/types\/post"}],"author":[{"embeddable":true,"href":"http:\/\/blogdalucianaoliveira.com.br\/blog\/wp-json\/wp\/v2\/users\/1"}],"replies":[{"embeddable":true,"href":"http:\/\/blogdalucianaoliveira.com.br\/blog\/wp-json\/wp\/v2\/comments?post=34250"}],"version-history":[{"count":1,"href":"http:\/\/blogdalucianaoliveira.com.br\/blog\/wp-json\/wp\/v2\/posts\/34250\/revisions"}],"predecessor-version":[{"id":34254,"href":"http:\/\/blogdalucianaoliveira.com.br\/blog\/wp-json\/wp\/v2\/posts\/34250\/revisions\/34254"}],"wp:attachment":[{"href":"http:\/\/blogdalucianaoliveira.com.br\/blog\/wp-json\/wp\/v2\/media?parent=34250"}],"wp:term":[{"taxonomy":"category","embeddable":true,"href":"http:\/\/blogdalucianaoliveira.com.br\/blog\/wp-json\/wp\/v2\/categories?post=34250"},{"taxonomy":"post_tag","embeddable":true,"href":"http:\/\/blogdalucianaoliveira.com.br\/blog\/wp-json\/wp\/v2\/tags?post=34250"}],"curies":[{"name":"wp","href":"https:\/\/api.w.org\/{rel}","templated":true}]}}