{"id":34258,"date":"2022-10-17T19:01:55","date_gmt":"2022-10-17T23:01:55","guid":{"rendered":"http:\/\/blogdalucianaoliveira.com.br\/blog\/?p=34258"},"modified":"2022-10-17T19:02:01","modified_gmt":"2022-10-17T23:02:01","slug":"aos-povos-migueleno-kujubim-e-purubora","status":"publish","type":"post","link":"http:\/\/blogdalucianaoliveira.com.br\/blog\/2022\/10\/17\/aos-povos-migueleno-kujubim-e-purubora\/","title":{"rendered":"AOS POVOS MIGUELENO, KUJUBIM E PURUBOR\u00c1"},"content":{"rendered":"\n<figure class=\"wp-block-image size-large\"><img data-recalc-dims=\"1\" loading=\"lazy\" decoding=\"async\" width=\"600\" height=\"300\" data-attachment-id=\"34259\" data-permalink=\"http:\/\/blogdalucianaoliveira.com.br\/blog\/2022\/10\/17\/aos-povos-migueleno-kujubim-e-purubora\/5d6af394-9093-46fd-992b-f8ac87a1d59c\/\" data-orig-file=\"https:\/\/i0.wp.com\/blogdalucianaoliveira.com.br\/blog\/wp-content\/uploads\/2022\/10\/5D6AF394-9093-46FD-992B-F8AC87A1D59C.png?fit=800%2C400\" data-orig-size=\"800,400\" data-comments-opened=\"0\" data-image-meta=\"{&quot;aperture&quot;:&quot;0&quot;,&quot;credit&quot;:&quot;&quot;,&quot;camera&quot;:&quot;&quot;,&quot;caption&quot;:&quot;&quot;,&quot;created_timestamp&quot;:&quot;0&quot;,&quot;copyright&quot;:&quot;&quot;,&quot;focal_length&quot;:&quot;0&quot;,&quot;iso&quot;:&quot;0&quot;,&quot;shutter_speed&quot;:&quot;0&quot;,&quot;title&quot;:&quot;&quot;,&quot;orientation&quot;:&quot;0&quot;}\" data-image-title=\"5D6AF394-9093-46FD-992B-F8AC87A1D59C\" data-image-description=\"\" data-image-caption=\"\" data-medium-file=\"https:\/\/i0.wp.com\/blogdalucianaoliveira.com.br\/blog\/wp-content\/uploads\/2022\/10\/5D6AF394-9093-46FD-992B-F8AC87A1D59C.png?fit=300%2C150\" data-large-file=\"https:\/\/i0.wp.com\/blogdalucianaoliveira.com.br\/blog\/wp-content\/uploads\/2022\/10\/5D6AF394-9093-46FD-992B-F8AC87A1D59C.png?fit=600%2C300\" src=\"https:\/\/i0.wp.com\/blogdalucianaoliveira.com.br\/blog\/wp-content\/uploads\/2022\/10\/5D6AF394-9093-46FD-992B-F8AC87A1D59C.png?resize=600%2C300\" alt=\"\" class=\"wp-image-34259\" srcset=\"https:\/\/i0.wp.com\/blogdalucianaoliveira.com.br\/blog\/wp-content\/uploads\/2022\/10\/5D6AF394-9093-46FD-992B-F8AC87A1D59C.png?w=800 800w, https:\/\/i0.wp.com\/blogdalucianaoliveira.com.br\/blog\/wp-content\/uploads\/2022\/10\/5D6AF394-9093-46FD-992B-F8AC87A1D59C.png?resize=300%2C150 300w, https:\/\/i0.wp.com\/blogdalucianaoliveira.com.br\/blog\/wp-content\/uploads\/2022\/10\/5D6AF394-9093-46FD-992B-F8AC87A1D59C.png?resize=768%2C384 768w, https:\/\/i0.wp.com\/blogdalucianaoliveira.com.br\/blog\/wp-content\/uploads\/2022\/10\/5D6AF394-9093-46FD-992B-F8AC87A1D59C.png?resize=600%2C300 600w\" sizes=\"auto, (max-width: 600px) 100vw, 600px\" \/><\/figure>\n\n\n\n<p><br><br>Nos solidarizamos com os povos Migueleno, Kujubim e Purubor\u00e1, na regi\u00e3o do Vale do Guapor\u00e9, em Rond\u00f4nia, bem como, repudiamos os ataques racistas e anti -ind\u00edgenas que t\u00eam sido veiculados por grupos de WhatsApp com o intuito de angariar votos de forma chantagista para o candidato dos bolsonaristas.<\/p>\n\n\n\n<!--more-->\n\n\n\n<p><br>Nos \u00faltimos dias, um v\u00eddeo com informa\u00e7\u00f5es falsas sobre a demarca\u00e7\u00e3o do s territ\u00f3rios dos povos Migueleno, Kujubim e Purubor\u00e1 tem sido utilizado como forma de promover o \u00f3dio contra os povos ind\u00edgenas. Al\u00e9m da \u00e1rea apresentada no v\u00eddeo n\u00e3o corresponder aos territ\u00f3rios que j\u00e1 deveriam ter sido demarcados, ele se op\u00f5e ao cumprimento da lei. Os direitos dos povos ind\u00edgenas, entre os quais est\u00e1 a demarca\u00e7\u00e3o do territ\u00f3rio, est\u00e3o previstos na Constitui\u00e7\u00e3o Federal e cabe ao Estado a garantia desses direitos.<\/p>\n\n\n\n<p><br>Que as medidas cab\u00edveis sejam adotadas pelo Minist\u00e9rio P\u00fablico Federal e pela Justi\u00e7a Federal, punindo exemplarmente os respons\u00e1veis e garantindo toda a prote\u00e7\u00e3o necess\u00e1ria \u00e0s lideran\u00e7as ind\u00edgenas da regi\u00e3o. Da mesma forma, a Justi\u00e7a Eleitoral deve atuar de forma en\u00e9rgica, uma vez que por tr\u00e1s dos ataques resta n\u00edtida a inten\u00e7\u00e3o de favorecer o candidato \u00e0 Presid\u00eancia da Rep\u00fablica pelo Partido Liberal.<\/p>\n\n\n\n<p> A luta ind\u00edgena \u00e9 uma luta de todos, pela floresta, pela vida e pelo bem viver!<\/p>\n\n\n\n<p><\/p>\n\n\n\n<p><br>Associa\u00e7\u00e3o das Guerreiras Ind\u00edgenas de Rond\u00f4nia \u2013 AGIR. <br>Associa\u00e7\u00e3o de Defesa Etnoambiental Kanind\u00e9. Associa\u00e7\u00e3o Ind\u00edgena Maxaj\u00e3.<br> Comiss\u00e3o Pastoral da Terra \u2013 CPT.<br> Conselho Indigenista Mission\u00e1rio \u2013 CIMI.<br> Conselho de Miss\u00e3o Entre Povos Ind\u00edgenas \u2013 COMIN.<br> Comit\u00ea da Bacia Hidrogr\u00e1fica dos Rios S\u00e3o Miguel &#8211; Vale do Guapor\u00e9 \u2013 Rond\u00f4nia.<br> Coordena\u00e7\u00e3o das Organiza\u00e7\u00f5es Ind\u00edgenas da Amaz\u00f4nia Brasileira \u2013 COIAB.<br> Instituto Padre Ezequiel Ramin \u2013 IPER.<br> Instituto Territ\u00f3rios e Justi\u00e7a \u2013 INTERJUS.<br> Movimento Bem Viver.<br> Movimento Juventude Ind\u00edgena de Rond\u00f4nia.<br> Movimento dos Atingidos por Barragens \u2013 MAB.<br> Movimento dos Pequenos Agricultores \u2013 MPA.<br> Movimento dos Trabalhadores Rurais Sem Terra \u2013 MST.<br> Organiza\u00e7\u00e3o dos Povos Ind\u00edgenas de Rond\u00f4nia, Noroeste do Mato Grosso e Sul do Amazonas \u2013Opiroma<\/p>\n\n\n\n<p>Uni\u00e3o da Juventude Comunista \u2013 UJC. <\/p>\n\n\n\n<p>Via Campesina \u2013 Rond\u00f4nia.<\/p>\n","protected":false},"excerpt":{"rendered":"<p>Nos solidarizamos com os povos Migueleno, Kujubim e Purubor\u00e1, na regi\u00e3o do Vale do Guapor\u00e9, em Rond\u00f4nia, bem como, repudiamos os ataques racistas e anti -ind\u00edgenas que t\u00eam sido veiculados por grupos de WhatsApp com o intuito de angariar votos de forma chantagista para o candidato dos bolsonaristas.<\/p>\n","protected":false},"author":1,"featured_media":0,"comment_status":"closed","ping_status":"open","sticky":false,"template":"","format":"standard","meta":{"_exactmetrics_skip_tracking":false,"_exactmetrics_sitenote_active":false,"_exactmetrics_sitenote_note":"","_exactmetrics_sitenote_category":0,"jetpack_post_was_ever_published":false,"_jetpack_newsletter_access":"","_jetpack_dont_email_post_to_subs":false,"_jetpack_newsletter_tier_id":0,"_jetpack_memberships_contains_paywalled_content":false,"_jetpack_memberships_contains_paid_content":false,"footnotes":"","jetpack_publicize_message":"","jetpack_publicize_feature_enabled":true,"jetpack_social_post_already_shared":true,"jetpack_social_options":{"image_generator_settings":{"template":"highway","enabled":false},"version":2}},"categories":[1],"tags":[805,749,804],"class_list":["post-34258","post","type-post","status-publish","format-standard","hentry","category-notas","tag-migueleno","tag-povos-indigenas","tag-purubora"],"jetpack_publicize_connections":[],"jetpack_sharing_enabled":true,"jetpack_featured_media_url":"","jetpack_shortlink":"https:\/\/wp.me\/p7wKYW-8Uy","jetpack-related-posts":[],"_links":{"self":[{"href":"http:\/\/blogdalucianaoliveira.com.br\/blog\/wp-json\/wp\/v2\/posts\/34258","targetHints":{"allow":["GET"]}}],"collection":[{"href":"http:\/\/blogdalucianaoliveira.com.br\/blog\/wp-json\/wp\/v2\/posts"}],"about":[{"href":"http:\/\/blogdalucianaoliveira.com.br\/blog\/wp-json\/wp\/v2\/types\/post"}],"author":[{"embeddable":true,"href":"http:\/\/blogdalucianaoliveira.com.br\/blog\/wp-json\/wp\/v2\/users\/1"}],"replies":[{"embeddable":true,"href":"http:\/\/blogdalucianaoliveira.com.br\/blog\/wp-json\/wp\/v2\/comments?post=34258"}],"version-history":[{"count":1,"href":"http:\/\/blogdalucianaoliveira.com.br\/blog\/wp-json\/wp\/v2\/posts\/34258\/revisions"}],"predecessor-version":[{"id":34260,"href":"http:\/\/blogdalucianaoliveira.com.br\/blog\/wp-json\/wp\/v2\/posts\/34258\/revisions\/34260"}],"wp:attachment":[{"href":"http:\/\/blogdalucianaoliveira.com.br\/blog\/wp-json\/wp\/v2\/media?parent=34258"}],"wp:term":[{"taxonomy":"category","embeddable":true,"href":"http:\/\/blogdalucianaoliveira.com.br\/blog\/wp-json\/wp\/v2\/categories?post=34258"},{"taxonomy":"post_tag","embeddable":true,"href":"http:\/\/blogdalucianaoliveira.com.br\/blog\/wp-json\/wp\/v2\/tags?post=34258"}],"curies":[{"name":"wp","href":"https:\/\/api.w.org\/{rel}","templated":true}]}}