{"id":34261,"date":"2022-10-20T09:36:34","date_gmt":"2022-10-20T13:36:34","guid":{"rendered":"http:\/\/blogdalucianaoliveira.com.br\/blog\/?p=34261"},"modified":"2022-10-20T09:36:41","modified_gmt":"2022-10-20T13:36:41","slug":"das-10-cidades-com-maior-numero-de-focos-de-incendio-4-estao-no-para-e-3-no-amazonas","status":"publish","type":"post","link":"http:\/\/blogdalucianaoliveira.com.br\/blog\/2022\/10\/20\/das-10-cidades-com-maior-numero-de-focos-de-incendio-4-estao-no-para-e-3-no-amazonas\/","title":{"rendered":"DAS 10 CIDADES COM MAIOR N\u00daMERO DE FOCOS DE INC\u00caNDIO, 4 EST\u00c3O NO PAR\u00c1 E 3 NO AMAZONAS"},"content":{"rendered":"\n<figure class=\"wp-block-image size-large\"><img loading=\"lazy\" decoding=\"async\" width=\"1200\" height=\"1614\" data-attachment-id=\"34262\" data-permalink=\"http:\/\/blogdalucianaoliveira.com.br\/blog\/2022\/10\/20\/das-10-cidades-com-maior-numero-de-focos-de-incendio-4-estao-no-para-e-3-no-amazonas\/miniposts-queimadas\/\" data-orig-file=\"https:\/\/i0.wp.com\/blogdalucianaoliveira.com.br\/blog\/wp-content\/uploads\/2022\/10\/04.-Miniposts-Queimadas.jpg?fit=1200%2C1614\" data-orig-size=\"1200,1614\" data-comments-opened=\"0\" data-image-meta=\"{&quot;aperture&quot;:&quot;0&quot;,&quot;credit&quot;:&quot;&quot;,&quot;camera&quot;:&quot;&quot;,&quot;caption&quot;:&quot;&quot;,&quot;created_timestamp&quot;:&quot;0&quot;,&quot;copyright&quot;:&quot;&quot;,&quot;focal_length&quot;:&quot;0&quot;,&quot;iso&quot;:&quot;0&quot;,&quot;shutter_speed&quot;:&quot;0&quot;,&quot;title&quot;:&quot;Miniposts Queimadas&quot;,&quot;orientation&quot;:&quot;1&quot;}\" data-image-title=\"Miniposts Queimadas\" data-image-description=\"\" data-image-caption=\"\" data-medium-file=\"https:\/\/i0.wp.com\/blogdalucianaoliveira.com.br\/blog\/wp-content\/uploads\/2022\/10\/04.-Miniposts-Queimadas.jpg?fit=223%2C300\" data-large-file=\"https:\/\/i0.wp.com\/blogdalucianaoliveira.com.br\/blog\/wp-content\/uploads\/2022\/10\/04.-Miniposts-Queimadas.jpg?fit=600%2C807\" src=\"https:\/\/i2.wp.com\/blogdalucianaoliveira.com.br\/blog\/wp-content\/uploads\/2022\/10\/04.-Miniposts-Queimadas.jpg?fit=600%2C807&amp;ssl=1\" alt=\"\" class=\"wp-image-34262\" srcset=\"https:\/\/i0.wp.com\/blogdalucianaoliveira.com.br\/blog\/wp-content\/uploads\/2022\/10\/04.-Miniposts-Queimadas.jpg?w=1200 1200w, https:\/\/i0.wp.com\/blogdalucianaoliveira.com.br\/blog\/wp-content\/uploads\/2022\/10\/04.-Miniposts-Queimadas.jpg?resize=223%2C300 223w, https:\/\/i0.wp.com\/blogdalucianaoliveira.com.br\/blog\/wp-content\/uploads\/2022\/10\/04.-Miniposts-Queimadas.jpg?resize=761%2C1024 761w, https:\/\/i0.wp.com\/blogdalucianaoliveira.com.br\/blog\/wp-content\/uploads\/2022\/10\/04.-Miniposts-Queimadas.jpg?resize=768%2C1033 768w, https:\/\/i0.wp.com\/blogdalucianaoliveira.com.br\/blog\/wp-content\/uploads\/2022\/10\/04.-Miniposts-Queimadas.jpg?resize=1142%2C1536 1142w\" sizes=\"auto, (max-width: 600px) 100vw, 600px\" \/><\/figure>\n\n\n\n<p><strong>Revista Piau\u00ed,  Amanda Gorziza, Maria J\u00falia Vieira e Renata Buono<\/strong><br>  &#8211; De acordo com a Sala de Situa\u00e7\u00e3o da Amaz\u00f4nia (Inpe), o Par\u00e1 foi o estado com mais focos computados (13 mil), destes 47% ocorreram em \u00e1reas protegidas ou n\u00e3o destinadas, como Terras Ind\u00edgenas, \u00c1reas de Prote\u00e7\u00e3o Ambiental e Unidades de Conserva\u00e7\u00e3o.\u00a0<br><\/p>\n\n\n\n<!--more-->\n\n\n\n<p>S\u00e3o F\u00e9lix do Xingu (PA), Altamira (PA) e Novo Progresso (PA) s\u00e3o recordistas no ranking municipal de queimadas. Juntos, queimaram mais de 1 milh\u00e3o de hectares, uma \u00e1rea equivalente a&nbsp; 9% do total nacional. Com rela\u00e7\u00e3o ao ano passado, houve um crescimento de 158% no n\u00famero de queimadas nesses munic\u00edpios, todos no bioma Amaz\u00f4nia, segundo o MapBiomas.&nbsp;<\/p>\n\n\n\n<p>Os estados onde se localizam as fronteiras agropecu\u00e1rias foram os que mais queimaram at\u00e9 setembro de 2022. O Mato Grosso, por sua vez, concentra cerca de \u00bc do que foi queimado no Brasil neste per\u00edodo.&nbsp;<br><\/p>\n","protected":false},"excerpt":{"rendered":"<p>Revista Piau\u00ed, Amanda Gorziza, Maria J\u00falia Vieira e Renata Buono &#8211; De acordo com a Sala de Situa\u00e7\u00e3o da Amaz\u00f4nia (Inpe), o Par\u00e1 foi o estado com mais focos computados (13 mil), destes 47% ocorreram em \u00e1reas protegidas ou n\u00e3o destinadas, como Terras Ind\u00edgenas, \u00c1reas de Prote\u00e7\u00e3o Ambiental e Unidades de Conserva\u00e7\u00e3o.\u00a0<\/p>\n","protected":false},"author":1,"featured_media":0,"comment_status":"closed","ping_status":"open","sticky":false,"template":"","format":"standard","meta":{"_exactmetrics_skip_tracking":false,"_exactmetrics_sitenote_active":false,"_exactmetrics_sitenote_note":"","_exactmetrics_sitenote_category":0,"jetpack_post_was_ever_published":false,"_jetpack_newsletter_access":"","_jetpack_dont_email_post_to_subs":false,"_jetpack_newsletter_tier_id":0,"_jetpack_memberships_contains_paywalled_content":false,"_jetpack_memberships_contains_paid_content":false,"footnotes":"","jetpack_publicize_message":"","jetpack_publicize_feature_enabled":true,"jetpack_social_post_already_shared":true,"jetpack_social_options":{"image_generator_settings":{"template":"highway","enabled":false},"version":2}},"categories":[1],"tags":[252,295,7],"class_list":["post-34261","post","type-post","status-publish","format-standard","hentry","category-notas","tag-amazonia","tag-queimadas","tag-rondonia"],"jetpack_publicize_connections":[],"jetpack_sharing_enabled":true,"jetpack_featured_media_url":"","jetpack_shortlink":"https:\/\/wp.me\/p7wKYW-8UB","jetpack-related-posts":[],"_links":{"self":[{"href":"http:\/\/blogdalucianaoliveira.com.br\/blog\/wp-json\/wp\/v2\/posts\/34261","targetHints":{"allow":["GET"]}}],"collection":[{"href":"http:\/\/blogdalucianaoliveira.com.br\/blog\/wp-json\/wp\/v2\/posts"}],"about":[{"href":"http:\/\/blogdalucianaoliveira.com.br\/blog\/wp-json\/wp\/v2\/types\/post"}],"author":[{"embeddable":true,"href":"http:\/\/blogdalucianaoliveira.com.br\/blog\/wp-json\/wp\/v2\/users\/1"}],"replies":[{"embeddable":true,"href":"http:\/\/blogdalucianaoliveira.com.br\/blog\/wp-json\/wp\/v2\/comments?post=34261"}],"version-history":[{"count":1,"href":"http:\/\/blogdalucianaoliveira.com.br\/blog\/wp-json\/wp\/v2\/posts\/34261\/revisions"}],"predecessor-version":[{"id":34263,"href":"http:\/\/blogdalucianaoliveira.com.br\/blog\/wp-json\/wp\/v2\/posts\/34261\/revisions\/34263"}],"wp:attachment":[{"href":"http:\/\/blogdalucianaoliveira.com.br\/blog\/wp-json\/wp\/v2\/media?parent=34261"}],"wp:term":[{"taxonomy":"category","embeddable":true,"href":"http:\/\/blogdalucianaoliveira.com.br\/blog\/wp-json\/wp\/v2\/categories?post=34261"},{"taxonomy":"post_tag","embeddable":true,"href":"http:\/\/blogdalucianaoliveira.com.br\/blog\/wp-json\/wp\/v2\/tags?post=34261"}],"curies":[{"name":"wp","href":"https:\/\/api.w.org\/{rel}","templated":true}]}}