{"id":34265,"date":"2022-10-25T09:03:38","date_gmt":"2022-10-25T13:03:38","guid":{"rendered":"http:\/\/blogdalucianaoliveira.com.br\/blog\/?p=34265"},"modified":"2022-10-25T09:03:46","modified_gmt":"2022-10-25T13:03:46","slug":"reeleicao-de-bolsonaro-pode-levar-a-desmatamento-de-mais-de-27-mil-km2-em-2026","status":"publish","type":"post","link":"http:\/\/blogdalucianaoliveira.com.br\/blog\/2022\/10\/25\/reeleicao-de-bolsonaro-pode-levar-a-desmatamento-de-mais-de-27-mil-km2-em-2026\/","title":{"rendered":"Reelei\u00e7\u00e3o de Bolsonaro pode levar a desmatamento de mais de 27 mil km2 em 2026"},"content":{"rendered":"\n<figure class=\"wp-block-image size-large\"><img loading=\"lazy\" decoding=\"async\" width=\"1200\" height=\"800\" data-attachment-id=\"34266\" data-permalink=\"http:\/\/blogdalucianaoliveira.com.br\/blog\/2022\/10\/25\/reeleicao-de-bolsonaro-pode-levar-a-desmatamento-de-mais-de-27-mil-km2-em-2026\/d0a723b7-0fa1-4627-ba1c-e98516e67933\/\" data-orig-file=\"https:\/\/i0.wp.com\/blogdalucianaoliveira.com.br\/blog\/wp-content\/uploads\/2022\/10\/D0A723B7-0FA1-4627-BA1C-E98516E67933.jpeg?fit=1200%2C800\" data-orig-size=\"1200,800\" data-comments-opened=\"0\" data-image-meta=\"{&quot;aperture&quot;:&quot;0&quot;,&quot;credit&quot;:&quot;&quot;,&quot;camera&quot;:&quot;&quot;,&quot;caption&quot;:&quot;&quot;,&quot;created_timestamp&quot;:&quot;0&quot;,&quot;copyright&quot;:&quot;&quot;,&quot;focal_length&quot;:&quot;0&quot;,&quot;iso&quot;:&quot;0&quot;,&quot;shutter_speed&quot;:&quot;0&quot;,&quot;title&quot;:&quot;&quot;,&quot;orientation&quot;:&quot;0&quot;}\" data-image-title=\"D0A723B7-0FA1-4627-BA1C-E98516E67933\" data-image-description=\"\" data-image-caption=\"\" data-medium-file=\"https:\/\/i0.wp.com\/blogdalucianaoliveira.com.br\/blog\/wp-content\/uploads\/2022\/10\/D0A723B7-0FA1-4627-BA1C-E98516E67933.jpeg?fit=300%2C200\" data-large-file=\"https:\/\/i0.wp.com\/blogdalucianaoliveira.com.br\/blog\/wp-content\/uploads\/2022\/10\/D0A723B7-0FA1-4627-BA1C-E98516E67933.jpeg?fit=600%2C400\" src=\"https:\/\/i0.wp.com\/blogdalucianaoliveira.com.br\/blog\/wp-content\/uploads\/2022\/10\/D0A723B7-0FA1-4627-BA1C-E98516E67933.jpeg?fit=600%2C400\" alt=\"\" class=\"wp-image-34266\" srcset=\"https:\/\/i0.wp.com\/blogdalucianaoliveira.com.br\/blog\/wp-content\/uploads\/2022\/10\/D0A723B7-0FA1-4627-BA1C-E98516E67933.jpeg?w=1200 1200w, https:\/\/i0.wp.com\/blogdalucianaoliveira.com.br\/blog\/wp-content\/uploads\/2022\/10\/D0A723B7-0FA1-4627-BA1C-E98516E67933.jpeg?resize=300%2C200 300w, https:\/\/i0.wp.com\/blogdalucianaoliveira.com.br\/blog\/wp-content\/uploads\/2022\/10\/D0A723B7-0FA1-4627-BA1C-E98516E67933.jpeg?resize=1024%2C683 1024w, https:\/\/i0.wp.com\/blogdalucianaoliveira.com.br\/blog\/wp-content\/uploads\/2022\/10\/D0A723B7-0FA1-4627-BA1C-E98516E67933.jpeg?resize=768%2C512 768w, https:\/\/i0.wp.com\/blogdalucianaoliveira.com.br\/blog\/wp-content\/uploads\/2022\/10\/D0A723B7-0FA1-4627-BA1C-E98516E67933.jpeg?resize=450%2C300 450w\" sizes=\"auto, (max-width: 600px) 100vw, 600px\" \/><\/figure>\n\n\n\n<p>Estimativa leva em conta crescimento linear com a mesma taxa observada nos \u00faltimos tr\u00eas anos; valor seria revers\u00e3o de todo o avan\u00e7o de combate ao desmate em gest\u00f5es anteriores.<\/p>\n\n\n\n<!--more-->\n\n\n\n<p><strong>Giovana Girardi<\/strong>, na Folha de S\u00e3o Paulo <\/p>\n\n\n\n<p>A reelei\u00e7\u00e3o de&nbsp;<a href=\"https:\/\/www1.folha.uol.com.br\/folha-topicos\/jair-bolsonaro\/\">Jair Bolsonaro<\/a>&nbsp;(PL) pode fazer com o que o&nbsp;<a href=\"https:\/\/www1.folha.uol.com.br\/folha-topicos\/desmatamento\/\">desmatamento<\/a>&nbsp;da&nbsp;<a href=\"https:\/\/www1.folha.uol.com.br\/folha-topicos\/amazonia\/\">Amaz\u00f4nia<\/a>&nbsp;retorne, nos pr\u00f3ximos quatro anos, aos piores n\u00edveis j\u00e1 observados desde o in\u00edcio do monitoramento, em 1988. Se mantidas as mesmas pol\u00edticas adotadas no primeiro mandato, a expectativa \u00e9 que a&nbsp;<a href=\"https:\/\/www1.folha.uol.com.br\/ambiente\/2022\/10\/amazonia-tem-recorde-de-desmate-em-setembro.shtml\">devasta\u00e7\u00e3o da floresta<\/a>&nbsp;possa superar a barreira dos 20 mil km<sup>2<\/sup>&nbsp;j\u00e1 em 2024, algo que n\u00e3o ocorre desde 2005.<\/p>\n\n\n\n<p>O c\u00e1lculo foi feito, a pedido da&nbsp;<strong>Folha<\/strong>, por um grupo de pesquisadores liderados por Gilberto C\u00e2mara, ex-diretor do&nbsp;<a href=\"https:\/\/www1.folha.uol.com.br\/folha-topicos\/inpe\/\">Inpe<\/a>&nbsp;(Instituto Nacional de Pesquisa Espaciais). Eles consideraram o avan\u00e7o do desmatamento na Amaz\u00f4nia nos tr\u00eas primeiros anos do governo Bolsonaro, a forma como o governo conduziu a quest\u00e3o at\u00e9 o momento, al\u00e9m da expectativa de press\u00e3o pela abertura de novas \u00e1reas.<\/p>\n\n\n\n<p>Quando Bolsonaro assumiu o governo, em 2019, a taxa anual de desmatamento medida pelo sistema Prodes, do Inpe, estava em torno de 7.500 km<sup>2<\/sup>. Esse foi o valor observado no per\u00edodo de agosto de 2017 a julho de 2018.<\/p>\n\n\n\n<p>J\u00e1 na taxa seguinte \u2014de agosto de 2018 a julho de 2019\u2014, o desmatamento saltou para 10.129 km<sup>2<\/sup>\u00a0(alta de 34%). Foram tr\u00eas altas consecutivas e, em 2021, a\u00a0<a href=\"https:\/\/ambiencia.blogfolha.uol.com.br\/2021\/11\/18\/com-salto-de-22-desmatamento-anual-na-amazonia-atinge-patamar-de-13-235-km2\/\">taxa chegou a 13 mil\u00a0km<sup>2<\/sup><\/a>, o maior valor desde 2006. O aumento m\u00e9dio no per\u00edodo foi de 20% ao ano.<\/p>\n\n\n\n<p>Ainda n\u00e3o foram divulgados os dados referentes a 2022, previstos para novembro. Mas a estimativa da equipe e de alguns outros pesquisadores do pa\u00eds que trabalham com monitoramento do que acontece na Amaz\u00f4nia \u00e9 que haver\u00e1 mais um aumento, chegando a 15 mil km<sup>2<\/sup>.<\/p>\n\n\n\n<p>&#8220;O governo Bolsonaro desmontou os principais \u00f3rg\u00e3os de fiscaliza\u00e7\u00e3o ambiental, reduziu o or\u00e7amento do Inpe a 20% do que o instituto recebia em 2010, al\u00e9m de demitir seu diretor [<a href=\"https:\/\/www1.folha.uol.com.br\/ciencia\/2019\/12\/ricardo-galvao-ex-inpe-e-greta-estao-em-lista-de-destaques-da-nature.shtml\">Ricardo Galv\u00e3o<\/a>, em 2019]. O cumprimento do que \u00e9 disposto no&nbsp;<a href=\"https:\/\/www1.folha.uol.com.br\/ambiente\/2022\/06\/codigo-florestal-faz-10-anos-com-pacto-quebrado-e-sob-nova-luz.shtml\">C\u00f3digo Florestal&nbsp;<\/a>foi adiado&#8221;, escreveu C\u00e2mara em uma&nbsp;<a href=\"https:\/\/zenodo.org\/record\/7248935\" rel=\"noreferrer noopener\" target=\"_blank\">nota t\u00e9cnica divulgada em formato de preprint<\/a>, ainda sem revis\u00e3o de outros cientistas.<\/p>\n\n\n\n<p>&#8220;Entre 2016 e 2021, houve queda de 40% nos autos de infra\u00e7\u00e3o do Ibama na Amaz\u00f4nia. O embargo de \u00e1reas desmatadas caiu em 85% em 2020 comparado com 2018. Em 2021, o Ibama s\u00f3 liquidou 41% de seu or\u00e7amento. Apoiou projetos de lei que reduzem a prote\u00e7\u00e3o ambiental, como o&nbsp;<a href=\"https:\/\/www1.folha.uol.com.br\/mercado\/2022\/03\/camara-aprova-urgencia-para-projeto-de-mineracao-em-terra-indigena-mas-votacao-fica-para-abril.shtml\">projeto de lei 191\/20, que permite minera\u00e7\u00e3o em terras ind\u00edgenas<\/a>&#8220;, completa.<\/p>\n\n\n\n<p>Na vis\u00e3o do pesquisador, &#8220;o governo atual sinalizou para os desmatadores que o governo n\u00e3o agiria para coibir sua a\u00e7\u00e3o&#8221;.<\/p>\n\n\n\n<p>&#8220;Passou a incentivar abertamente a ocupa\u00e7\u00e3o de terras ind\u00edgenas e a grilagem de terras p\u00fablicas n\u00e3o destinadas. Os assentamentos e propriedades da agricultura familiar nessas regi\u00f5es est\u00e3o sendo ocupadas por violento movimento especulativo, com novos desmatamentos para pecu\u00e1ria e gr\u00e3os. Como resultado, o desmatamento na Amaz\u00f4nia voltou a crescer significativamente&#8221;, diz ainda C\u00e2mara.<\/p>\n\n\n\n<p>Diante da aus\u00eancia de sinaliza\u00e7\u00e3o de que essa pol\u00edtica possa mudar em um eventual segundo mandato, os pesquisadores trabalharam com uma estimativa de crescimento linear do desmatamento, semelhante ao que ocorreu nos \u00faltimos tr\u00eas anos, entre 15% e 20% por ano.<\/p>\n\n\n\n<p>Al\u00e9m da modelagem num\u00e9rica, os cientistas estimaram uma distribui\u00e7\u00e3o espacial desse desmate \u2014ou seja, onde ele deve ocorrer (veja os mapas abaixo).<\/p>\n\n\n\n<figure><iframe loading=\"lazy\" src=\"https:\/\/arte.folha.uol.com.br\/ciencia\/2022\/10\/24\/sob-bolsonaro-desmatamento-pode-disparar\/infografico1.html?initialWidth=370&amp;childId=infographic-1&amp;parentTitle=Com%20Bolsonaro%2C%20desmatamento%20pode%20ser%20de%2027%20mil%20km2%20em%202026%20-%2024%2F10%2F2022%20-%20Ambiente%20-%20Folha&amp;parentUrl=https%3A%2F%2Fwww1.folha.uol.com.br%2Fambiente%2F2022%2F10%2Freeleicao-de-bolsonaro-pode-levar-a-desmatamento-de-mais-de-27-mil-km2-em-2026.shtml\" width=\"100%\" height=\"875px\"><\/iframe><\/figure>\n\n\n\n<p>Nesse cen\u00e1rio, a taxa ao fim do segundo mandato, em 2026, pode passar de 27 mil km<sup>2<\/sup>, o equivalente \u00e0 \u00e1rea do estado de Alagoas, ou a 18 vezes \u00e0 da cidade de S\u00e3o Paulo.<\/p>\n\n\n\n<p>Esse foi o valor observado em 2004, o segundo pior da s\u00e9rie hist\u00f3rica, no&nbsp;<a href=\"https:\/\/www1.folha.uol.com.br\/ambiente\/2022\/10\/bolsonaro-ou-lula-em-qual-governo-a-taxa-de-desmatamento-na-amazonia-foi-maior.shtml\">in\u00edcio do primeiro mandato de Lula<\/a>. Naquele mesmo ano, o governo do petista p\u00f4s em a\u00e7\u00e3o um<a href=\"https:\/\/www1.folha.uol.com.br\/ambiente\/2022\/10\/o-que-foi-o-ppcdam-plano-do-pt-contra-desmatamento-desmobilizado-por-bolsonaro.shtml\">plano de combate ao desmatamento, o PPCDAm<\/a>, que derrubou as taxas nos anos subsequentes, at\u00e9 chegar \u00e0 menor j\u00e1 registrada, em 2012, de 4.600 km<sup>2<\/sup>&nbsp;\u2014uma redu\u00e7\u00e3o de 83%.<\/p>\n\n\n\n<p>&#8220;Todo o enorme esfor\u00e7o realizado pelo Brasil em proteger a floresta feito entre 2004 e 2014 ter\u00e1 sido anulado&#8221;, analisa C\u00e2mara.<\/p>\n\n\n\n<figure><iframe loading=\"lazy\" src=\"https:\/\/arte.folha.uol.com.br\/ciencia\/2022\/10\/24\/sob-bolsonaro-desmatamento-pode-disparar\/infografico2.html?initialWidth=370&amp;childId=infographic-2&amp;parentTitle=Com%20Bolsonaro%2C%20desmatamento%20pode%20ser%20de%2027%20mil%20km2%20em%202026%20-%2024%2F10%2F2022%20-%20Ambiente%20-%20Folha&amp;parentUrl=https%3A%2F%2Fwww1.folha.uol.com.br%2Fambiente%2F2022%2F10%2Freeleicao-de-bolsonaro-pode-levar-a-desmatamento-de-mais-de-27-mil-km2-em-2026.shtml\" width=\"100%\" height=\"508px\"><\/iframe><\/figure>\n\n\n\n<p>Num esfor\u00e7o de imaginar onde pode ocorrer esse crescimento, os pesquisadores tamb\u00e9m fizeram uma simula\u00e7\u00e3o no sistema de modelagem espacial din\u00e2mica LuccME\/TerraME, desenvolvido pelo Inpe, que permite projetar como pode se dar a distribui\u00e7\u00e3o desse potencial desmatamento no mapa. O sistema considera dados biof\u00edsicos e socioecon\u00f4micos \u2014por exemplo, as press\u00f5es por novas aberturas de terra para a agropecu\u00e1ria, a proximidade com \u00e1reas j\u00e1 desmatadas e tamb\u00e9m com estradas e polos madeireiros.<\/p>\n\n\n\n<p>O mapa gerado para o ano de 2026 mostra a intensifica\u00e7\u00e3o de um processo que vem ganhando for\u00e7a nos \u00faltimos dois anos: o desmatamento pela regi\u00e3o conhecida como&nbsp;<a href=\"https:\/\/www1.folha.uol.com.br\/ambiente\/2022\/09\/amazonia-queima-na-nova-fronteira-do-desmatamento.shtml\">Amacro<\/a>&nbsp;(na fronteira entre o sul do Amazonas, leste do Acre e nordeste de Rond\u00f4nia).<\/p>\n\n\n\n<p>Desde 2021&nbsp;<a href=\"https:\/\/www1.folha.uol.com.br\/ambiente\/2022\/08\/sob-bolsonaro-desmatamento-atinge-bolsoes-antes-preservados-na-amazonia-e-no-cerrado.shtml\">a motosserra vem avan\u00e7ando nessa regi\u00e3o<\/a>, tanto por influ\u00eancia da expectativa de&nbsp;<a href=\"https:\/\/www1.folha.uol.com.br\/ambiente\/2022\/05\/br-319-pode-impactar-area-da-amazonia-maior-que-estado-de-sp.shtml\">asfaltamento da BR-319<\/a>, que liga Porto Velho a Manaus, quanto por avan\u00e7o da fronteira do agroneg\u00f3cio.<\/p>\n\n\n\n<p>&#8220;Nos \u00faltimos cinco anos essa regi\u00e3o concentrou 77% do desmatamento de Rond\u00f4nia, 63% dos cortes no Acre e 82% dos cortes no Amazonas. O estado \u00e9 agora o segundo que mais desmata. Essa regi\u00e3o, relativamente preservada at\u00e9 meados da d\u00e9cada de 2010, hoje est\u00e1 sob controle de grileiros organizados, que ocupam terras p\u00fablicas n\u00e3o destinadas sem qualquer controle do Estado brasileiro&#8221;, afirma C\u00e2mara.<\/p>\n\n\n\n<p>&#8220;Caso o processo de ocupa\u00e7\u00e3o na regi\u00e3o Amacro n\u00e3o seja imediatamente contido com forte a\u00e7\u00e3o de comando e controle no pr\u00f3ximo governo, parte importante da Amaz\u00f4nia ser\u00e1 destru\u00edda&#8221;, diz.<\/p>\n\n\n\n<p>O pesquisador ressalta, por\u00e9m, que a simula\u00e7\u00e3o n\u00e3o tem como objetivo fazer uma previs\u00e3o, mas sim apoiar pol\u00edticas p\u00fablicas, indicando o que \u00e9 necess\u00e1rio fazer para cada regi\u00e3o da floresta.<\/p>\n\n\n\n<p>Um cen\u00e1rio menos pessimista tamb\u00e9m aventado \u00e9 de que possa ocorrer, num eventual segundo mandato, uma certa estabilidade do desmatamento, com uma manuten\u00e7\u00e3o da taxa m\u00e9dia dos \u00faltimos tr\u00eas anos em torno de 11 mil km<sup>2<\/sup>.<\/p>\n\n\n\n<p>Um outro grupo de pesquisadores, liderados por Aline Soterroni, que hoje atua na Universidade de Oxford e tamb\u00e9m \u00e9 filiada ao Inpe, estimou essa possibilidade frente \u00e0s expectativas futuras do mercado das commodities brasileiras, com menores taxas de crescimento na demanda global por carne e soja.<\/p>\n\n\n\n<p>A campanha de Bolsonaro foi procurada para comentar as estimativas, mas n\u00e3o se manifestou at\u00e9 a publica\u00e7\u00e3o da reportagem.<\/p>\n\n\n\n<p><sup>O projeto Planeta em Transe \u00e9 apoiado pela Open Society Foundations.<\/sup><\/p>\n","protected":false},"excerpt":{"rendered":"<p>Estimativa leva em conta crescimento linear com a mesma taxa observada nos \u00faltimos tr\u00eas anos; valor seria revers\u00e3o de todo o avan\u00e7o de combate ao desmate em gest\u00f5es anteriores.<\/p>\n","protected":false},"author":1,"featured_media":0,"comment_status":"closed","ping_status":"open","sticky":false,"template":"","format":"standard","meta":{"_exactmetrics_skip_tracking":false,"_exactmetrics_sitenote_active":false,"_exactmetrics_sitenote_note":"","_exactmetrics_sitenote_category":0,"jetpack_post_was_ever_published":false,"_jetpack_newsletter_access":"","_jetpack_dont_email_post_to_subs":false,"_jetpack_newsletter_tier_id":0,"_jetpack_memberships_contains_paywalled_content":false,"_jetpack_memberships_contains_paid_content":false,"footnotes":"","jetpack_publicize_message":"","jetpack_publicize_feature_enabled":true,"jetpack_social_post_already_shared":true,"jetpack_social_options":{"image_generator_settings":{"template":"highway","enabled":false},"version":2}},"categories":[1],"tags":[387,295,7],"class_list":["post-34265","post","type-post","status-publish","format-standard","hentry","category-notas","tag-desmatamento","tag-queimadas","tag-rondonia"],"jetpack_publicize_connections":[],"jetpack_sharing_enabled":true,"jetpack_featured_media_url":"","jetpack_shortlink":"https:\/\/wp.me\/p7wKYW-8UF","jetpack-related-posts":[],"_links":{"self":[{"href":"http:\/\/blogdalucianaoliveira.com.br\/blog\/wp-json\/wp\/v2\/posts\/34265","targetHints":{"allow":["GET"]}}],"collection":[{"href":"http:\/\/blogdalucianaoliveira.com.br\/blog\/wp-json\/wp\/v2\/posts"}],"about":[{"href":"http:\/\/blogdalucianaoliveira.com.br\/blog\/wp-json\/wp\/v2\/types\/post"}],"author":[{"embeddable":true,"href":"http:\/\/blogdalucianaoliveira.com.br\/blog\/wp-json\/wp\/v2\/users\/1"}],"replies":[{"embeddable":true,"href":"http:\/\/blogdalucianaoliveira.com.br\/blog\/wp-json\/wp\/v2\/comments?post=34265"}],"version-history":[{"count":1,"href":"http:\/\/blogdalucianaoliveira.com.br\/blog\/wp-json\/wp\/v2\/posts\/34265\/revisions"}],"predecessor-version":[{"id":34267,"href":"http:\/\/blogdalucianaoliveira.com.br\/blog\/wp-json\/wp\/v2\/posts\/34265\/revisions\/34267"}],"wp:attachment":[{"href":"http:\/\/blogdalucianaoliveira.com.br\/blog\/wp-json\/wp\/v2\/media?parent=34265"}],"wp:term":[{"taxonomy":"category","embeddable":true,"href":"http:\/\/blogdalucianaoliveira.com.br\/blog\/wp-json\/wp\/v2\/categories?post=34265"},{"taxonomy":"post_tag","embeddable":true,"href":"http:\/\/blogdalucianaoliveira.com.br\/blog\/wp-json\/wp\/v2\/tags?post=34265"}],"curies":[{"name":"wp","href":"https:\/\/api.w.org\/{rel}","templated":true}]}}