{"id":34268,"date":"2022-10-26T07:39:16","date_gmt":"2022-10-26T11:39:16","guid":{"rendered":"http:\/\/blogdalucianaoliveira.com.br\/blog\/?p=34268"},"modified":"2022-10-26T07:39:24","modified_gmt":"2022-10-26T11:39:24","slug":"por-bolsonaro-fazendeiros-reeditam-voto-de-cabresto-em-todo-o-pais","status":"publish","type":"post","link":"http:\/\/blogdalucianaoliveira.com.br\/blog\/2022\/10\/26\/por-bolsonaro-fazendeiros-reeditam-voto-de-cabresto-em-todo-o-pais\/","title":{"rendered":"Por Bolsonaro, fazendeiros reeditam voto de cabresto em todo o pa\u00eds"},"content":{"rendered":"\n<figure class=\"wp-block-image size-large\"><img loading=\"lazy\" decoding=\"async\" width=\"1055\" height=\"608\" data-attachment-id=\"34269\" data-permalink=\"http:\/\/blogdalucianaoliveira.com.br\/blog\/2022\/10\/26\/por-bolsonaro-fazendeiros-reeditam-voto-de-cabresto-em-todo-o-pais\/9224aa99-7af0-4af5-bff1-908dbe673a0d\/\" data-orig-file=\"https:\/\/i0.wp.com\/blogdalucianaoliveira.com.br\/blog\/wp-content\/uploads\/2022\/10\/9224AA99-7AF0-4AF5-BFF1-908DBE673A0D.jpeg?fit=1055%2C608\" data-orig-size=\"1055,608\" data-comments-opened=\"0\" data-image-meta=\"{&quot;aperture&quot;:&quot;0&quot;,&quot;credit&quot;:&quot;&quot;,&quot;camera&quot;:&quot;&quot;,&quot;caption&quot;:&quot;&quot;,&quot;created_timestamp&quot;:&quot;0&quot;,&quot;copyright&quot;:&quot;&quot;,&quot;focal_length&quot;:&quot;0&quot;,&quot;iso&quot;:&quot;0&quot;,&quot;shutter_speed&quot;:&quot;0&quot;,&quot;title&quot;:&quot;&quot;,&quot;orientation&quot;:&quot;0&quot;}\" data-image-title=\"9224AA99-7AF0-4AF5-BFF1-908DBE673A0D\" data-image-description=\"\" data-image-caption=\"\" data-medium-file=\"https:\/\/i0.wp.com\/blogdalucianaoliveira.com.br\/blog\/wp-content\/uploads\/2022\/10\/9224AA99-7AF0-4AF5-BFF1-908DBE673A0D.jpeg?fit=300%2C173\" data-large-file=\"https:\/\/i0.wp.com\/blogdalucianaoliveira.com.br\/blog\/wp-content\/uploads\/2022\/10\/9224AA99-7AF0-4AF5-BFF1-908DBE673A0D.jpeg?fit=600%2C346\" src=\"https:\/\/i0.wp.com\/blogdalucianaoliveira.com.br\/blog\/wp-content\/uploads\/2022\/10\/9224AA99-7AF0-4AF5-BFF1-908DBE673A0D.jpeg?fit=600%2C346\" alt=\"\" class=\"wp-image-34269\" srcset=\"https:\/\/i0.wp.com\/blogdalucianaoliveira.com.br\/blog\/wp-content\/uploads\/2022\/10\/9224AA99-7AF0-4AF5-BFF1-908DBE673A0D.jpeg?w=1055 1055w, https:\/\/i0.wp.com\/blogdalucianaoliveira.com.br\/blog\/wp-content\/uploads\/2022\/10\/9224AA99-7AF0-4AF5-BFF1-908DBE673A0D.jpeg?resize=300%2C173 300w, https:\/\/i0.wp.com\/blogdalucianaoliveira.com.br\/blog\/wp-content\/uploads\/2022\/10\/9224AA99-7AF0-4AF5-BFF1-908DBE673A0D.jpeg?resize=1024%2C590 1024w, https:\/\/i0.wp.com\/blogdalucianaoliveira.com.br\/blog\/wp-content\/uploads\/2022\/10\/9224AA99-7AF0-4AF5-BFF1-908DBE673A0D.jpeg?resize=768%2C443 768w, https:\/\/i0.wp.com\/blogdalucianaoliveira.com.br\/blog\/wp-content\/uploads\/2022\/10\/9224AA99-7AF0-4AF5-BFF1-908DBE673A0D.jpeg?resize=521%2C300 521w\" sizes=\"auto, (max-width: 600px) 100vw, 600px\" \/><\/figure>\n\n\n\n<p><strong><em>Sojeiros, pecuaristas e donos de frigor\u00edficos cometem crime eleitoral ao assediar trabalhadores para que votem no candidato \u00e0 reelei\u00e7\u00e3o; cooperativa LAR, que ajudou a espalhar Covid entre ind\u00edgenas no Paran\u00e1, \u00e9 investigada pelo MPF<br><\/em><\/strong><\/p>\n\n\n\n<!--more-->\n\n\n\n<p>Por&nbsp;<strong>Mariana Franco Ramos&nbsp;<\/strong>e<strong>&nbsp;Lu\u00eds Indriunas<\/strong><\/p>\n\n\n\n<figure class=\"wp-block-image\"><a href=\"https:\/\/deolhonosruralistas.com.br\/de-olho-nos-mil-parceiros\/\"><img decoding=\"async\" src=\"https:\/\/i0.wp.com\/deolhonosruralistas.com.br\/wp-content\/uploads\/2017\/03\/DEOLHO2017-chamada-meio-texto.png?resize=635%2C40\" alt=\"\" class=\"wp-image-3364\"\/><\/a><\/figure>\n\n\n\n<p>Ass\u00e9dio eleitoral \u00e9 crime, mas o agroneg\u00f3cio n\u00e3o quer nem saber. Para reeleger Jair Bolsonaro (PL) e defender seus pr\u00f3prios interesses, fazendeiros reeditam o voto de cabresto. Eles amea\u00e7am, mentem, fazem chantagens e tentam manter seus funcion\u00e1rios em um curral.<\/p>\n\n\n\n<p>De Olho nos Ruralistas levantou den\u00fancias de compra de votos em todas as regi\u00f5es do pa\u00eds. H\u00e1 exemplos de Rond\u00f4nia \u00e0 Bahia, do Maranh\u00e3o ao Rio Grande do Sul, passando pelo Paran\u00e1. \u00c0 medida que o segundo turno se aproxima, as irregularidades se multiplicam.<\/p>\n\n\n\n<p>Assista em v\u00eddeo e compartilhe:<\/p>\n\n\n\n<figure><iframe loading=\"lazy\" width=\"1010\" height=\"569\" src=\"https:\/\/www.youtube.com\/embed\/M1JzzSBXxhM?version=3&amp;rel=1&amp;showsearch=0&amp;showinfo=1&amp;iv_load_policy=1&amp;fs=1&amp;hl=pt-BR&amp;autohide=2&amp;wmode=transparent\" allowfullscreen=\"true\"><\/iframe><\/figure>\n\n\n\n<p>S\u00e3o casos como a da sojeira Roseli D\u2019Agostini Lins, presidente da Associa\u00e7\u00e3o de Produtores Rurais do Alto Horizonte, no oeste da Bahia. \u201cEu queria falar algo para os nossos agricultores: fa\u00e7am um levantamento, quem vai votar no Lula e demitam\u201d, disse ela, a colegas. \u201cDemitam sem d\u00f3\u201d.<\/p>\n\n\n\n<p>Segundo a Central \u00danica dos Trabalhadores (<a href=\"https:\/\/www.cut.org.br\/noticias\/empresaria-baiana-diz-a-colegas-para-demitir-sem-do-trabalhador-que-vota-em-lula-c69b\">CUT<\/a>), ap\u00f3s a divulga\u00e7\u00e3o das imagens, o Minist\u00e9rio P\u00fablico do Trabalho (MPT) na Bahia instaurou um inqu\u00e9rito civil para investigar a poss\u00edvel ocorr\u00eancia de ass\u00e9dio eleitoral nas declara\u00e7\u00f5es da fazendeira.<\/p>\n\n\n\n<p>O \u00f3rg\u00e3o tem sido acionado com frequ\u00eancia. O problema \u00e9 que Roseli \u00e9 apenas mais uma, entre tantas pessoas que passam por cima da lei para apoiar o capit\u00e3o.<\/p>\n\n\n\n<p>Tamb\u00e9m na Bahia, um fazendeiro chegou a obrigar funcion\u00e1rias a votarem com celular no suti\u00e3. O ass\u00e9dio partiu de&nbsp;<a href=\"https:\/\/www.youtube.com\/redirect?event=video_description&amp;redir_token=QUFFLUhqbkJFZHdXSTY4ejZ5QzBsV1ZVLWlpMW5leWowd3xBQ3Jtc0ttNWdQeHdYSDZPUmNMUmt1TDdkV0NKRW9JeDNTR0IySDF0OWdWajQ5Yl9qNWQ2MzRBa080RXUtS2w5TEhRUWNaRWllZDJXTGM0SmpCX1BPVENobmtKeTlrdFVDUk42OFI4cGhMbXRaVi1TNE52SldHVQ&amp;q=https%3A%2F%2Fwww1.folha.uol.com.br%2Fmercado%2F2022%2F10%2Fmtp-investiga-pressao-sobre-funcionarias-para-filmarem-voto-com-celular-no-sutia-ouca.shtml&amp;v=M1JzzSBXxhM\">Adelar Eloi Lutz<\/a>, dono de propriedades rurais em Formosa do Rio Preto, a 756 quil\u00f4metros de Salvador. H\u00e1 registro do crime eleitoral em grava\u00e7\u00f5es que circulam em aplicativos de mensagens.<\/p>\n\n\n\n<p>Cyro de Toledo Junior, ou Nelore Cyro, como \u00e9 conhecido, prometeu pagar 15\u00ba sal\u00e1rio se Bolsonaro ganhar. \u201cEu quero gente que pensa igual a mim e vista a camisa da fazenda\u201d, afirmou o pecuarista de Aragua\u00e7u, no Tocantins.<\/p>\n\n\n\n<p>Muitos desses assediadores t\u00eam a \u201cficha corrida\u201d. Cyro j\u00e1 foi multado em R$ 32 mil pelo Instituto Brasileiro do Meio Ambiente e dos Recursos Naturais Renov\u00e1veis (Ibama) por desmatamento e foi processado por um funcion\u00e1rio que precisava comprar a pr\u00f3pria \u00e1gua, como o observat\u00f3rio noticiou: \u201c<a href=\"https:\/\/deolhonosruralistas.com.br\/2022\/08\/04\/pecuarista-que-promete-15o-salario-caso-bolsonaro-venca-desmatou-area-de-cerrado\/\">Pecuarista que promete 15\u00ba sal\u00e1rio caso Bolsonaro ven\u00e7a desmatou \u00e1rea de Cerrado<\/a>\u201c.<\/p>\n\n\n\n<figure class=\"wp-block-image\"><img decoding=\"async\" src=\"https:\/\/i0.wp.com\/deolhonosruralistas.com.br\/wp-content\/uploads\/2022\/08\/Cyro.jpg?resize=960%2C720&amp;ssl=1\" alt=\"\" class=\"wp-image-26150\"\/><figcaption>Cyro e sua mulher levaram multas do Ibama por desmatamento em fazenda no Tocantins. (Foto: Reprodu\u00e7\u00e3o\/Redes Sociais)<\/figcaption><\/figure>\n\n\n\n<p>No Vale do Guapor\u00e9, nos munic\u00edpios de Rond\u00f4nia que fazem fronteira com a Bol\u00edvia, fazendeiros pedem votos pelo WhatsApp ligando a poss\u00edvel vit\u00f3ria de Luiz In\u00e1cio Lula da Silva (PT) \u00e0 perda de terra para os povos ind\u00edgenas Migueleno e Purubor\u00e1.No Maranh\u00e3o, em uma das capitais do Matopiba, a amea\u00e7a \u00e9 expl\u00edcita. Um dos irm\u00e3os da fam\u00edlia Zaltron pede a outros fazendeiros boicote a um empres\u00e1rio local que declarou voto em Lula. No mesmo munic\u00edpio, outra empresa fornece \u00e1gua pot\u00e1vel para moradores de cinco bairros. A New Agro defende em carta a reelei\u00e7\u00e3o de Bolsonaro.<\/p>\n\n\n\n<h3 class=\"wp-block-heading\">DONO DE FRIGOR\u00cdFICO QUE ESPALHOU COVID ENTRE IND\u00cdGENAS RESPONDE A DEZ DEN\u00daNCIAS<\/h3>\n\n\n\n<p>Outro caso emblem\u00e1tico \u00e9 o da Lar Cooperativa Industrial, de Matel\u00e2ndia (PR), que segundo o MPT responde a pelo menos dez den\u00fancias de ass\u00e9dio eleitoral. \u201cO caminho melhor para a nossa gera\u00e7\u00e3o, para os nossos filhos e netos \u00e9 reeleger o presidente Bolsonaro\u201d, escreveu o diretor-presidente, Irineo da Costa Rodrigues, em of\u00edcio enviado aos trabalhadores.<\/p>\n\n\n\n<p>A procuradora Cl\u00e1udia Hon\u00f3rio informou que existem provas suficientes da pr\u00e1tica ilegal. \u201cSendo graves os fatos, e diante da negativa de empregadora em ajustar sua conduta, havendo descumprimento da recomenda\u00e7\u00e3o encaminhada, viu-se o MPT compelido ao ajuizamento de a\u00e7\u00e3o civil p\u00fablica\u201d, determinou, no despacho.<\/p>\n\n\n\n<figure class=\"wp-block-image\"><img decoding=\"async\" src=\"https:\/\/i0.wp.com\/deolhonosruralistas.com.br\/wp-content\/uploads\/2022\/05\/Firefox_Screenshot_2022-05-11T15-10-00.225Z.png?resize=300%2C265&amp;ssl=1\" alt=\"\" class=\"wp-image-25111\"\/><figcaption>Atrav\u00e9s da Lar Cooperativa, soja da Bras\u00edlia do Sul chega ao mercado europeu. (Imagem: Earthsight)<\/figcaption><\/figure>\n\n\n\n<p>A LAR integra a cadeia de financiamento do Instituto Pensar Agro (IPA), motor log\u00edstico da Frente Parlamentar da Agropecu\u00e1ria (FPA), e \u00e9 mencionada no dossi\u00ea \u201cOs Financiadores da Boiada\u201d, do De Olho: \u201c<a href=\"https:\/\/deolhonosruralistas.com.br\/2022\/07\/20\/principais-financiadores-da-bancada-ruralista-faturam-mais-de-r-147-trilhao\/\">Principais financiadores da bancada ruralista faturam mais de R$ 1,47 trilh\u00e3o<\/a>\u201c.<\/p>\n\n\n\n<p>Ela tamb\u00e9m \u00e9 citada no relat\u00f3rio \u201c<a href=\"https:\/\/www.earthsight.org.uk\/therewillbeblood-pt\">Sangue ind\u00edgena: A verdade inc\u00f4moda por tr\u00e1s do frango exportado para a Europa<\/a>\u201d, que mostra o caminho percorrido pela soja produzida na Fazenda Bras\u00edlia do Sul, em Juti (MS), at\u00e9 o mercado europeu. A publica\u00e7\u00e3o \u00e9 uma parceria do observat\u00f3rio com a organiza\u00e7\u00e3o brit\u00e2nica Earthsight. O local foi palco do assassinato do cacique Marcos Veron.<\/p>\n\n\n\n<p>Durante a pandemia, a LAR foi respons\u00e1vel por espalhar a Covid entre ind\u00edgenas do oeste paranaense. Um guarani de 32 anos, que trabalha no frigor\u00edfico e mora na comunidade Ocoy, localizada em S\u00e3o Miguel do Igua\u00e7u, foi o primeiro caso registrado: \u201c<a href=\"https:\/\/deolhonosruralistas.com.br\/2020\/06\/18\/guarani-que-trabalha-em-frigorifico-contrai-covid-19-e-e-1o-caso-na-regiao-de-foz-do-iguacu\/\">Guarani que trabalha em frigor\u00edfico contrai Covid-19 e \u00e9 1\u00ba caso na regi\u00e3o de Foz do Igua\u00e7u<\/a>\u201c. Na \u00e9poca, o cacique Celso Jopoty Alves contou que a companhia decidiu n\u00e3o paralisar as atividades, colocando toda a aldeia em risco.<\/p>\n\n\n\n<h3 class=\"wp-block-heading\">EMPRES\u00c1RIOS DO SUL AMEA\u00c7AM FECHAR AS PORTAS<br><\/h3>\n\n\n\n<p>A coa\u00e7\u00e3o feita pelo dono da Stara, que vende m\u00e1quinas e implementos agr\u00edcolas, est\u00e1 igualmente&nbsp;<a href=\"https:\/\/piaui.folha.uol.com.br\/eleicoes-2022\/crescem-denuncias-de-empresarios-chantageando-empregados-e-fornecedores-votar-em-bolsonaro\">documentada<\/a>. Gilson Tennepohl mandou, assim que saiu o resultado do primeiro turno, uma carta aos funcion\u00e1rios. \u201cSe o Lula ganhar, a empresa vai cortar 30% do or\u00e7amento\u201d, amea\u00e7ou. Ele \u00e9 o vice-prefeito de N\u00e3o-Me-Toque, no Rio Grande do Sul.<\/p>\n\n\n\n<p>Filiado ao Uni\u00e3o Brasil, partido do ex-juiz Sergio Moro, o ga\u00facho doou R$ 1 milh\u00e3o ao PL de Bolsonaro. Segundo reportagem da&nbsp;<a href=\"https:\/\/apublica.org\/2022\/09\/conheca-quem-bancou-a-ida-de-tratores-no-7-de-setembro-em-brasilia\/\">Ag\u00eancia P\u00fablica<\/a>, ele tamb\u00e9m est\u00e1 entre os empres\u00e1rios que bancaram a ida de tratores do agroneg\u00f3cio ao desfile do 07 de setembro em Bras\u00edlia.<\/p>\n\n\n\n<p>Assim como a Stara, uma de suas principais concorrentes, a Extrusor, encaminhou uma carta a fornecedores afirmando que, com Lula eleito, passar\u00e1 a funcionar apenas de forma virtual, cortando contratos. Em outras palavras: amea\u00e7as de cortes e demiss\u00f5es.<\/p>\n\n\n\n<p>Enquanto isso, articuladores de grupos fascistas negociam votos em Bolsonaro por comida. O goiano Andr\u00e9 Luiz Bastos Paula Costa \u00e9 um deles, de acordo com a pol\u00edcia do Distrito Federal. O pecuarista chegou a amea\u00e7ar o governador Ibaneis Rocha (MDB), aliado de Bolsonaro. Em 2018, foi acusado de tentar esfaquear um pequeno agricultor.<\/p>\n\n\n\n<figure class=\"wp-block-image\"><img decoding=\"async\" data-attachment-id=\"25275\" data-permalink=\"http:\/\/blogdalucianaoliveira.com.br\/blog\/2019\/12\/02\/acao-da-pm-durante-baile-funk-em-paraisopolis-foi-criminosa-diz-advogado-de-direitos-humanos\/image-4-2\/\" data-orig-file=\"https:\/\/i0.wp.com\/blogdalucianaoliveira.com.br\/blog\/wp-content\/uploads\/2019\/12\/image-4.jpeg?fit=500%2C240\" data-orig-size=\"500,240\" data-comments-opened=\"0\" data-image-meta=\"{&quot;aperture&quot;:&quot;0&quot;,&quot;credit&quot;:&quot;&quot;,&quot;camera&quot;:&quot;&quot;,&quot;caption&quot;:&quot;&quot;,&quot;created_timestamp&quot;:&quot;0&quot;,&quot;copyright&quot;:&quot;&quot;,&quot;focal_length&quot;:&quot;0&quot;,&quot;iso&quot;:&quot;0&quot;,&quot;shutter_speed&quot;:&quot;0&quot;,&quot;title&quot;:&quot;&quot;,&quot;orientation&quot;:&quot;0&quot;}\" data-image-title=\"image-4\" data-image-description=\"\" data-image-caption=\"\" data-medium-file=\"https:\/\/i0.wp.com\/blogdalucianaoliveira.com.br\/blog\/wp-content\/uploads\/2019\/12\/image-4.jpeg?fit=300%2C144\" data-large-file=\"https:\/\/i0.wp.com\/blogdalucianaoliveira.com.br\/blog\/wp-content\/uploads\/2019\/12\/image-4.jpeg?fit=500%2C240\" src=\"https:\/\/i0.wp.com\/deolhonosruralistas.com.br\/wp-content\/uploads\/2022\/05\/picanhamito.jpg?resize=300%2C297&amp;ssl=1\" alt=\"\" class=\"wp-image-25275\"\/><figcaption>Frigor\u00edfico continua usando imagem de Bolsonaro. (Foto: Reprodu\u00e7\u00e3o)<\/figcaption><\/figure>\n\n\n\n<p>Em S\u00e3o Miguel do Guam\u00e1, no nordeste do Par\u00e1, o dono de cer\u00e2micas Maur\u00edcio Lopes Fernandes J\u00fanior, o \u201cDa Lua\u201d, compra votos por 200 reais. Em um v\u00eddeo, ele afirma que, na hip\u00f3tese de vit\u00f3ria do petista, teria de fechar a empresa, porque \u201cningu\u00e9m vai aguentar o pepino que vem\u201d.<\/p>\n\n\n\n<p>Fernandes J\u00fanior convoca todos os trabalhadores, independentemente do cargo, a dar o nome para, em caso de vit\u00f3ria de Bolsonaro, receber o dinheiro combinado.<\/p>\n\n\n\n<p>E em Goi\u00e1s tem liquida\u00e7\u00e3o de carne: vende-se picanha a qualquer pre\u00e7o para que o agroneg\u00f3cio mantenha seu poder. O Frigor\u00edfico Goi\u00e1s, que j\u00e1 pertenceu ao sertanejo Gusttavo Lima, garoto-propaganda da marca, anunciou a \u201cpicanha mito\u201d por R$ 22 no dia do primeiro turno.<\/p>\n\n\n\n<p>Uma mulher passou mal durante o tumulto e morreu. Em resposta a um post no Instagram, a primeira dama, Michelle Bolsonaro, elogiou a a\u00e7\u00e3o do a\u00e7ougue: \u201cMuito patriota\u201d.<\/p>\n\n\n\n<h3 class=\"wp-block-heading\">BOLSONARISTA HUMILHOU DIARISTA QUE RECEBIA CESTA B\u00c1SICA<\/h3>\n\n\n\n<p>Do outro lado do patriotismo est\u00e1 a humilha\u00e7\u00e3o.&nbsp;<a href=\"https:\/\/jornalistaslivres.org\/bolsonarista-que-se-recusou-a-dar-comida-a-mulher-e-do-agro-e-tem-dividas-na-justica\/\">C\u00e1ssio Joel Cenali<\/a>, o bolsonarista que se negou a doar cesta b\u00e1sica para uma diarista de Itapeva, interior de S\u00e3o Paulo, ap\u00f3s ela declarar voto em Lula, \u00e9 fazendeiro:<\/p>\n\n\n\n<p><em>\u2014 A partir de hoje \u00e9 a \u00faltima marmita que vem aqui. A senhora pede para o Lula agora. Est\u00e1 bom? \u00c9 a \u00faltima marmita que vem para a senhora.<\/em><\/p>\n\n\n\n<p>Coube ao Movimento dos Trabalhadores Rurais Sem Terra (MST) dar mais uma li\u00e7\u00e3o de solidariedade. A organiza\u00e7\u00e3o entregou produtos da reforma agr\u00e1ria para dona Ilza Rodrigues e, sem nada em troca, garantiu compartilhar com ela suprimentos nos pr\u00f3ximos seis meses.<\/p>\n\n\n\n<p>Mas de onde vem o dinheiro desse voto de cabresto? Em Roraima, o garimpeiro e candidato bolsonarista a deputado federal Rodrigo Cataratas (PL) foi preso em flagrante com material eleitoral, R$ 6 mil em esp\u00e9cie e uma lista com nome de pessoas e valores para distribui\u00e7\u00e3o. Cataratas declarou \u00e0 Justi\u00e7a Eleitoral R$ 4,5 milh\u00f5es em dinheiro vivo.<\/p>\n\n\n\n<p>Ele \u00e9 investigado pela Pol\u00edcia Federal por suspeita de apoiar a explora\u00e7\u00e3o ilegal de min\u00e9rios na Terra Ind\u00edgena Yanomami. J\u00e1 foi indiciado por suspeita de crime ambiental, crime contra a ordem econ\u00f4mica e posse e comercializa\u00e7\u00e3o ilegal de muni\u00e7\u00e3o de arma de fogo. Agora, compra de votos. O candidato n\u00e3o se elegeu, por\u00e9m, ele e seus amigos est\u00e3o dedicados como nunca a eleger Bolsonaro a qualquer custo.<\/p>\n\n\n\n<p>|&nbsp;<a href=\"https:\/\/twitter.com\/marifrancoramos\">Mariana Franco Ramos<\/a>&nbsp;\u00e9 jornalista. |<\/p>\n\n\n\n<p>|| Lu\u00eds Indriunas integra a equipe de editores do De Olho nos Ruralistas. ||<\/p>\n\n\n\n<p>||| Colaborou&nbsp;<a href=\"https:\/\/twitter.com\/alceucastilho\">Alceu Lu\u00eds Castilho<\/a>, diretor de reda\u00e7\u00e3o do observat\u00f3rio. |||<\/p>\n","protected":false},"excerpt":{"rendered":"<p>Sojeiros, pecuaristas e donos de frigor\u00edficos cometem crime eleitoral ao assediar trabalhadores para que votem no candidato \u00e0 reelei\u00e7\u00e3o; cooperativa LAR, que ajudou a espalhar Covid entre ind\u00edgenas no Paran\u00e1, \u00e9 investigada pelo MPF<\/p>\n","protected":false},"author":1,"featured_media":0,"comment_status":"closed","ping_status":"open","sticky":false,"template":"","format":"standard","meta":{"_exactmetrics_skip_tracking":false,"_exactmetrics_sitenote_active":false,"_exactmetrics_sitenote_note":"","_exactmetrics_sitenote_category":0,"jetpack_post_was_ever_published":false,"_jetpack_newsletter_access":"","_jetpack_dont_email_post_to_subs":false,"_jetpack_newsletter_tier_id":0,"_jetpack_memberships_contains_paywalled_content":false,"_jetpack_memberships_contains_paid_content":false,"footnotes":"","jetpack_publicize_message":"","jetpack_publicize_feature_enabled":true,"jetpack_social_post_already_shared":true,"jetpack_social_options":{"image_generator_settings":{"template":"highway","enabled":false},"version":2}},"categories":[1],"tags":[],"class_list":["post-34268","post","type-post","status-publish","format-standard","hentry","category-notas"],"jetpack_publicize_connections":[],"jetpack_sharing_enabled":true,"jetpack_featured_media_url":"","jetpack_shortlink":"https:\/\/wp.me\/p7wKYW-8UI","jetpack-related-posts":[],"_links":{"self":[{"href":"http:\/\/blogdalucianaoliveira.com.br\/blog\/wp-json\/wp\/v2\/posts\/34268","targetHints":{"allow":["GET"]}}],"collection":[{"href":"http:\/\/blogdalucianaoliveira.com.br\/blog\/wp-json\/wp\/v2\/posts"}],"about":[{"href":"http:\/\/blogdalucianaoliveira.com.br\/blog\/wp-json\/wp\/v2\/types\/post"}],"author":[{"embeddable":true,"href":"http:\/\/blogdalucianaoliveira.com.br\/blog\/wp-json\/wp\/v2\/users\/1"}],"replies":[{"embeddable":true,"href":"http:\/\/blogdalucianaoliveira.com.br\/blog\/wp-json\/wp\/v2\/comments?post=34268"}],"version-history":[{"count":1,"href":"http:\/\/blogdalucianaoliveira.com.br\/blog\/wp-json\/wp\/v2\/posts\/34268\/revisions"}],"predecessor-version":[{"id":34270,"href":"http:\/\/blogdalucianaoliveira.com.br\/blog\/wp-json\/wp\/v2\/posts\/34268\/revisions\/34270"}],"wp:attachment":[{"href":"http:\/\/blogdalucianaoliveira.com.br\/blog\/wp-json\/wp\/v2\/media?parent=34268"}],"wp:term":[{"taxonomy":"category","embeddable":true,"href":"http:\/\/blogdalucianaoliveira.com.br\/blog\/wp-json\/wp\/v2\/categories?post=34268"},{"taxonomy":"post_tag","embeddable":true,"href":"http:\/\/blogdalucianaoliveira.com.br\/blog\/wp-json\/wp\/v2\/tags?post=34268"}],"curies":[{"name":"wp","href":"https:\/\/api.w.org\/{rel}","templated":true}]}}