{"id":34271,"date":"2022-10-27T10:06:37","date_gmt":"2022-10-27T14:06:37","guid":{"rendered":"http:\/\/blogdalucianaoliveira.com.br\/blog\/?p=34271"},"modified":"2022-10-27T10:06:38","modified_gmt":"2022-10-27T14:06:38","slug":"governo-bolsonaro-foi-o-principal-causador-de-conflitos-por-terra-no-primeiro-semestre-diz-cpt","status":"publish","type":"post","link":"http:\/\/blogdalucianaoliveira.com.br\/blog\/2022\/10\/27\/governo-bolsonaro-foi-o-principal-causador-de-conflitos-por-terra-no-primeiro-semestre-diz-cpt\/","title":{"rendered":"Governo Bolsonaro foi o principal causador de conflitos por terra no primeiro semestre, diz CPT"},"content":{"rendered":"\n<figure class=\"wp-block-image size-large\"><img data-recalc-dims=\"1\" loading=\"lazy\" decoding=\"async\" width=\"600\" height=\"360\" data-attachment-id=\"34272\" data-permalink=\"http:\/\/blogdalucianaoliveira.com.br\/blog\/2022\/10\/27\/governo-bolsonaro-foi-o-principal-causador-de-conflitos-por-terra-no-primeiro-semestre-diz-cpt\/bced2e1e-c95f-4afd-b0dc-70168531c5cb\/\" data-orig-file=\"https:\/\/i0.wp.com\/blogdalucianaoliveira.com.br\/blog\/wp-content\/uploads\/2022\/10\/BCED2E1E-C95F-4AFD-B0DC-70168531C5CB.jpeg?fit=800%2C480\" data-orig-size=\"800,480\" data-comments-opened=\"0\" data-image-meta=\"{&quot;aperture&quot;:&quot;0&quot;,&quot;credit&quot;:&quot;&quot;,&quot;camera&quot;:&quot;&quot;,&quot;caption&quot;:&quot;&quot;,&quot;created_timestamp&quot;:&quot;0&quot;,&quot;copyright&quot;:&quot;&quot;,&quot;focal_length&quot;:&quot;0&quot;,&quot;iso&quot;:&quot;0&quot;,&quot;shutter_speed&quot;:&quot;0&quot;,&quot;title&quot;:&quot;&quot;,&quot;orientation&quot;:&quot;0&quot;}\" data-image-title=\"BCED2E1E-C95F-4AFD-B0DC-70168531C5CB\" data-image-description=\"\" data-image-caption=\"\" data-medium-file=\"https:\/\/i0.wp.com\/blogdalucianaoliveira.com.br\/blog\/wp-content\/uploads\/2022\/10\/BCED2E1E-C95F-4AFD-B0DC-70168531C5CB.jpeg?fit=300%2C180\" data-large-file=\"https:\/\/i0.wp.com\/blogdalucianaoliveira.com.br\/blog\/wp-content\/uploads\/2022\/10\/BCED2E1E-C95F-4AFD-B0DC-70168531C5CB.jpeg?fit=600%2C360\" src=\"https:\/\/i0.wp.com\/blogdalucianaoliveira.com.br\/blog\/wp-content\/uploads\/2022\/10\/BCED2E1E-C95F-4AFD-B0DC-70168531C5CB.jpeg?resize=600%2C360\" alt=\"\" class=\"wp-image-34272\" srcset=\"https:\/\/i0.wp.com\/blogdalucianaoliveira.com.br\/blog\/wp-content\/uploads\/2022\/10\/BCED2E1E-C95F-4AFD-B0DC-70168531C5CB.jpeg?w=800 800w, https:\/\/i0.wp.com\/blogdalucianaoliveira.com.br\/blog\/wp-content\/uploads\/2022\/10\/BCED2E1E-C95F-4AFD-B0DC-70168531C5CB.jpeg?resize=300%2C180 300w, https:\/\/i0.wp.com\/blogdalucianaoliveira.com.br\/blog\/wp-content\/uploads\/2022\/10\/BCED2E1E-C95F-4AFD-B0DC-70168531C5CB.jpeg?resize=768%2C461 768w, https:\/\/i0.wp.com\/blogdalucianaoliveira.com.br\/blog\/wp-content\/uploads\/2022\/10\/BCED2E1E-C95F-4AFD-B0DC-70168531C5CB.jpeg?resize=500%2C300 500w\" sizes=\"auto, (max-width: 600px) 100vw, 600px\" \/><\/figure>\n\n\n\n<h4 class=\"wp-block-heading\">Balan\u00e7o semestral da CPT aponta aumento de 150% nos assassinatos e crescimento de conflitos na Amaz\u00f4nia Legal em 2022<\/h4>\n\n\n\n<!--more-->\n\n\n\n<p>Murilo Pajolla\u00a0&#8211; Brasil de Fato | L\u00e1brea (AM) |<\/p>\n\n\n\n<p>O&nbsp;<a href=\"https:\/\/www.brasildefato.com.br\/2022\/10\/20\/mapa-eleitoral-inedito-comprova-alianca-entre-bolsonarismo-e-crime-ambiental-na-amazonia\" target=\"_blank\" rel=\"noreferrer noopener\">governo Bolsonaro<\/a>&nbsp;foi neste ano o principal agente causador de conflitos motivados pela posse da terra no Brasil. O Poder Executivo federal foi respons\u00e1vel por mais de um quarto dos casos, seguido por fazendeiros, empres\u00e1rios, grileiros e madeireiros.&nbsp;Os dados s\u00e3o do primeiro semestre de 2022 e est\u00e3o em um balan\u00e7o parcial da Comiss\u00e3o Pastoral da Terra (CPT) divulgado nesta semana.<\/p>\n\n\n\n<p>Segundo a CPT, o governo age como perpetrador da viol\u00eancia principalmente por coniv\u00eancia ou omiss\u00e3o. Administra\u00e7\u00f5es estaduais e municipais tamb\u00e9m aparecem como causadores desse tipo de conflitos.<\/p>\n\n\n\n<figure><iframe loading=\"lazy\" allowfullscreen=\"\" height=\"315\" src=\"https:\/\/www.youtube.com\/embed\/iSufhO3Ph6k\" width=\"560\"><\/iframe><\/figure>\n\n\n\n<p>&#8220;O governo passou a ser protagonista dessa viol\u00eancia. E no caso do governo Bolsonaro isso fica muito claro com medidas provis\u00f3rias e projetos de lei no sentido de abrir espa\u00e7o para o capital no campo&#8221;, afirma&nbsp;Carlos Lima, coordenador nacional da CPT.<\/p>\n\n\n\n<p>&#8220;Isso fica claro com o incentivo a&nbsp;a\u00e7\u00f5es ilegais como o garimpo ou ainda ao determinar que nenhuma terra ind\u00edgena ser\u00e1 demarcada, que n\u00e3o vai correr reforma agr\u00e1ria ou ainda quando facilita acesso as armas.&nbsp;Ent\u00e3o esse governo deixa de ser omisso ou conivente e se aproxima muito do protagonismo da viol\u00eancia&#8221;, completa.<\/p>\n\n\n\n<p>Segundo a CPT, no caso das viol\u00eancias provocadas por omiss\u00e3o ou coniv\u00eancia, os agentes causadores s\u00e3o quase que exclusivamente os governos federal, estaduais e municipais. Nesse tipo de conflito, o governo federal foi respons\u00e1vel por 78,65% das ocorr\u00eancias.<\/p>\n\n\n\n<p>O&nbsp;<strong>Brasil de Fato&nbsp;<\/strong>procurou a presid\u00eancia da Rep\u00fablica, mas n\u00e3o houve resposta.&nbsp;<\/p>\n\n\n\n<p>Assassinatos de crian\u00e7as preocupa&nbsp;<\/p>\n\n\n\n<p>At\u00e9 de outubro de 2022, a CPT registrou 33 mortes por conflitos no campo. 25 delas ocorreram no primeiro semestre. Em rela\u00e7\u00e3o ao mesmo per\u00edodo&nbsp;de 2021, o aumento para este ano foi de 150% no n\u00famero de assassinatos. 30,3&nbsp;% das mortes neste ano est\u00e3o relacionadas \u00e0 pistolagem, a maior porcentagem desde 2018.<\/p>\n\n\n\n<p>Entre 2019 e 2022, foram sete&nbsp;crian\u00e7as assassinadas no campo, quatro delas&nbsp;ind\u00edgenas.<\/p>\n\n\n\n<p>&#8220;N\u00f3s devemos fazer a den\u00fancia mais forte ainda para que haja uma prote\u00e7\u00e3o \u00e0 comunidades, \u00e0s mulheres e \u00e0s crian\u00e7as. Matar as nossas crian\u00e7as seria praticamente matar o futuro dessas comunidades&#8221;, diz o coordenador da CPT.<\/p>\n\n\n\n<p>No primeiro semestre deste ano, um ter\u00e7o das v\u00edtimas de todos os tipos de viol\u00eancia em conflitos por terra foram ind\u00edgenas&nbsp;e um quarto delas, quilombolas. Na sequ\u00eancia aparecem sem-terras, posseiros e assentados.<\/p>\n\n\n\n<p>Viol\u00eancia no campo se concentra na Amaz\u00f4nia Legal&nbsp;<\/p>\n\n\n\n<p>Na Amaz\u00f4nia Legal foram registrados mais da metade dos conflitos no campo nos primeiros seis meses de 2022. Nessa regi\u00e3o, o primeiro semestre&nbsp;teve um aumento de 33% de casos de viol\u00eancia&nbsp;em rela\u00e7\u00e3o ao mesmo per\u00edodo do ano passado.<\/p>\n\n\n\n<p>O Conselho Indigenista Mission\u00e1rio (Cimi) lamenta que a Amaz\u00f4nia e os povos ind\u00edgenas tenham sofrido os impactos mais violentos dos conflitos no campo. Segundo a entidade, uma das principais raz\u00f5es \u00e9 o sucateamento da Funai, que praticamente abandonou os povos origin\u00e1rios nos momentos mais cr\u00edticos da pandemia de coronav\u00edrus.<\/p>\n\n\n\n<p>Segundo o Cimi, durante a pandemia foram feitas barreiras sanit\u00e1rias para proteger os territ\u00f3rios da entrada de n\u00e3o ind\u00edgenas, que amea\u00e7avam a levar a covid-19 \u00e0s comunidades.<\/p>\n\n\n\n<p>&#8220;S\u00f3 que, a partir do momento em que essa barreira sanit\u00e1ria n\u00e3o teve mais apoio do Estado, os ind\u00edgenas passaram eles mesmos a fazer a prote\u00e7\u00e3o do seu territ\u00f3rio. Sem apoio,&nbsp;muitas lideran\u00e7as passaram a ser amea\u00e7adas ainda mais,&nbsp;porque se viam sozinhas, sem apoio do governo com recursos humanos ou financeiros para manter essas bases&#8221;, pontuou Jussara Go\u00e9s, coordenadora do Cimi.<\/p>\n\n\n\n<p>Edi\u00e7\u00e3o: Nicolau Soares<\/p>\n","protected":false},"excerpt":{"rendered":"<p>Balan\u00e7o semestral da CPT aponta aumento de 150% nos assassinatos e crescimento de conflitos na Amaz\u00f4nia Legal em 2022<\/p>\n","protected":false},"author":1,"featured_media":0,"comment_status":"closed","ping_status":"open","sticky":false,"template":"","format":"standard","meta":{"_exactmetrics_skip_tracking":false,"_exactmetrics_sitenote_active":false,"_exactmetrics_sitenote_note":"","_exactmetrics_sitenote_category":0,"jetpack_post_was_ever_published":false,"_jetpack_newsletter_access":"","_jetpack_dont_email_post_to_subs":false,"_jetpack_newsletter_tier_id":0,"_jetpack_memberships_contains_paywalled_content":false,"_jetpack_memberships_contains_paid_content":false,"footnotes":"","jetpack_publicize_message":"","jetpack_publicize_feature_enabled":true,"jetpack_social_post_already_shared":true,"jetpack_social_options":{"image_generator_settings":{"template":"highway","enabled":false},"version":2}},"categories":[1],"tags":[],"class_list":["post-34271","post","type-post","status-publish","format-standard","hentry","category-notas"],"jetpack_publicize_connections":[],"jetpack_sharing_enabled":true,"jetpack_featured_media_url":"","jetpack_shortlink":"https:\/\/wp.me\/p7wKYW-8UL","jetpack-related-posts":[],"_links":{"self":[{"href":"http:\/\/blogdalucianaoliveira.com.br\/blog\/wp-json\/wp\/v2\/posts\/34271","targetHints":{"allow":["GET"]}}],"collection":[{"href":"http:\/\/blogdalucianaoliveira.com.br\/blog\/wp-json\/wp\/v2\/posts"}],"about":[{"href":"http:\/\/blogdalucianaoliveira.com.br\/blog\/wp-json\/wp\/v2\/types\/post"}],"author":[{"embeddable":true,"href":"http:\/\/blogdalucianaoliveira.com.br\/blog\/wp-json\/wp\/v2\/users\/1"}],"replies":[{"embeddable":true,"href":"http:\/\/blogdalucianaoliveira.com.br\/blog\/wp-json\/wp\/v2\/comments?post=34271"}],"version-history":[{"count":1,"href":"http:\/\/blogdalucianaoliveira.com.br\/blog\/wp-json\/wp\/v2\/posts\/34271\/revisions"}],"predecessor-version":[{"id":34273,"href":"http:\/\/blogdalucianaoliveira.com.br\/blog\/wp-json\/wp\/v2\/posts\/34271\/revisions\/34273"}],"wp:attachment":[{"href":"http:\/\/blogdalucianaoliveira.com.br\/blog\/wp-json\/wp\/v2\/media?parent=34271"}],"wp:term":[{"taxonomy":"category","embeddable":true,"href":"http:\/\/blogdalucianaoliveira.com.br\/blog\/wp-json\/wp\/v2\/categories?post=34271"},{"taxonomy":"post_tag","embeddable":true,"href":"http:\/\/blogdalucianaoliveira.com.br\/blog\/wp-json\/wp\/v2\/tags?post=34271"}],"curies":[{"name":"wp","href":"https:\/\/api.w.org\/{rel}","templated":true}]}}