{"id":34277,"date":"2022-10-31T16:20:40","date_gmt":"2022-10-31T20:20:40","guid":{"rendered":"http:\/\/blogdalucianaoliveira.com.br\/blog\/?p=34277"},"modified":"2022-10-31T16:20:50","modified_gmt":"2022-10-31T20:20:50","slug":"fenix-do-brasil-e-derrota-da-ultradireita-veja-como-jornais-estrangeiros-reagiram-a-vitoria-de-lula","status":"publish","type":"post","link":"http:\/\/blogdalucianaoliveira.com.br\/blog\/2022\/10\/31\/fenix-do-brasil-e-derrota-da-ultradireita-veja-como-jornais-estrangeiros-reagiram-a-vitoria-de-lula\/","title":{"rendered":"&#8216;F\u00eanix do Brasil&#8217; e &#8216;derrota da ultradireita&#8217;; veja como jornais estrangeiros reagiram \u00e0 vit\u00f3ria de Lula"},"content":{"rendered":"\n<figure class=\"wp-block-image size-large\"><img data-recalc-dims=\"1\" loading=\"lazy\" decoding=\"async\" width=\"600\" height=\"400\" data-attachment-id=\"34278\" data-permalink=\"http:\/\/blogdalucianaoliveira.com.br\/blog\/2022\/10\/31\/fenix-do-brasil-e-derrota-da-ultradireita-veja-como-jornais-estrangeiros-reagiram-a-vitoria-de-lula\/931d6e0f-b009-4fb4-8d18-045705af2eee\/\" data-orig-file=\"https:\/\/i0.wp.com\/blogdalucianaoliveira.com.br\/blog\/wp-content\/uploads\/2022\/10\/931D6E0F-B009-4FB4-8D18-045705AF2EEE.jpeg?fit=768%2C512\" data-orig-size=\"768,512\" data-comments-opened=\"0\" data-image-meta=\"{&quot;aperture&quot;:&quot;0&quot;,&quot;credit&quot;:&quot;&quot;,&quot;camera&quot;:&quot;&quot;,&quot;caption&quot;:&quot;&quot;,&quot;created_timestamp&quot;:&quot;0&quot;,&quot;copyright&quot;:&quot;&quot;,&quot;focal_length&quot;:&quot;0&quot;,&quot;iso&quot;:&quot;0&quot;,&quot;shutter_speed&quot;:&quot;0&quot;,&quot;title&quot;:&quot;&quot;,&quot;orientation&quot;:&quot;0&quot;}\" data-image-title=\"931D6E0F-B009-4FB4-8D18-045705AF2EEE\" data-image-description=\"\" data-image-caption=\"\" data-medium-file=\"https:\/\/i0.wp.com\/blogdalucianaoliveira.com.br\/blog\/wp-content\/uploads\/2022\/10\/931D6E0F-B009-4FB4-8D18-045705AF2EEE.jpeg?fit=300%2C200\" data-large-file=\"https:\/\/i0.wp.com\/blogdalucianaoliveira.com.br\/blog\/wp-content\/uploads\/2022\/10\/931D6E0F-B009-4FB4-8D18-045705AF2EEE.jpeg?fit=600%2C400\" src=\"https:\/\/i0.wp.com\/blogdalucianaoliveira.com.br\/blog\/wp-content\/uploads\/2022\/10\/931D6E0F-B009-4FB4-8D18-045705AF2EEE.jpeg?resize=600%2C400\" alt=\"\" class=\"wp-image-34278\" srcset=\"https:\/\/i0.wp.com\/blogdalucianaoliveira.com.br\/blog\/wp-content\/uploads\/2022\/10\/931D6E0F-B009-4FB4-8D18-045705AF2EEE.jpeg?w=768 768w, https:\/\/i0.wp.com\/blogdalucianaoliveira.com.br\/blog\/wp-content\/uploads\/2022\/10\/931D6E0F-B009-4FB4-8D18-045705AF2EEE.jpeg?resize=300%2C200 300w, https:\/\/i0.wp.com\/blogdalucianaoliveira.com.br\/blog\/wp-content\/uploads\/2022\/10\/931D6E0F-B009-4FB4-8D18-045705AF2EEE.jpeg?resize=450%2C300 450w\" sizes=\"auto, (max-width: 600px) 100vw, 600px\" \/><\/figure>\n\n\n\n<p>Peri\u00f3dicos como Le Monde, El Pa\u00eds e NYT destacam vit\u00f3ria acirrada do petista e pa\u00eds polarizado<\/p>\n\n\n\n<!--more-->\n\n\n\n<p>Na FSP &#8211;  A vit\u00f3ria de\u00a0<a href=\"https:\/\/www1.folha.uol.com.br\/folha-topicos\/lula\/\">Luiz In\u00e1cio Lula da Silva (PT)<\/a>\u00a0nas elei\u00e7\u00f5es de domingo (31) ganhou espa\u00e7o na primeira p\u00e1gina de v\u00e1rios dos principais jornais do mundo.<\/p>\n\n\n\n<p>O portugu\u00eas P\u00fablico optou pelo editorialismo e reservou quase sua capa inteira para uma foto do presidente eleito carregando a bandeira brasileira. &#8220;Brasil escolheu a democracia e voltou a eleger Lula&#8221;, destacou.<\/p>\n\n\n\n<p>J\u00e1 o franc\u00eas Le Monde, de centro-esquerda, escreveu em sua manchete que Lula venceu &#8220;em um pa\u00eds fraturado&#8221; e lembrou da\u00a0<a href=\"https:\/\/www1.folha.uol.com.br\/poder\/2022\/10\/veja-trajetoria-pessoal-e-politica-de-luiz-inacio-lula-da-silva.shtml\">trajet\u00f3ria pol\u00edtica do petista nos \u00faltimos anos<\/a>, citando sua pris\u00e3o e absolvi\u00e7\u00e3o. Para o jornal, as margens de Lula, a &#8220;f\u00eanix do Brasil&#8221;, ser\u00e3o estreitas, &#8220;na medida em que ele enfrentar\u00e1 um Congresso hostil, uma situa\u00e7\u00e3o econ\u00f4mica incerta e um pa\u00eds violento&#8221;.<\/p>\n\n\n\n<p>Na Espanha, o El Pa\u00eds tamb\u00e9m destacou a divis\u00e3o pol\u00edtica no Brasil e afirmou que &#8220;a esquerda derrotou o ultradireitista Bolsonaro por menos de dois pontos percentuais&#8221;. A maioria dos jornais europeus, por\u00e9m, n\u00e3o menciona a vit\u00f3ria de Lula na capa \u2013o que pode ser justificado pela diferen\u00e7a entre os hor\u00e1rios do fechamento dos peri\u00f3dicos e o do an\u00fancio do TSE (Tribunal Superior Eleitoral) sobre o resultado.<\/p>\n\n\n\n<p>Nos EUA, o NYT dedicou um grande espa\u00e7o de sua capa para o pleito, sob o t\u00edtulo &#8220;Brasil rejeita Bolsonaro e traz Lula de volta&#8221;. O jornal americano destaca que a vit\u00f3ria do petista &#8220;encerra o per\u00edodo turbulento de Bolsonaro&#8221; e lembra que se trata da primeira vez que um presidente em exerc\u00edcio n\u00e3o consegue se reeleger.<strong>\u00a0<\/strong><\/p>\n\n\n\n<p>A constata\u00e7\u00e3o tamb\u00e9m foi feita pelo Wall Street Journal, que dedicou sua manchete ao tema acompanhada de uma foto de Lula ao lado de seu vice,&nbsp;<a href=\"https:\/\/www1.folha.uol.com.br\/folha-topicos\/geraldo-alckmin\/\">Geraldo Alckmin (PSB)<\/a>, e rodeado de apoiadores em S\u00e3o Paulo.<\/p>\n\n\n\n<p>Mais comedido, o Washington Post colocou as elei\u00e7\u00f5es brasileiras em um espa\u00e7o no canto da primeira p\u00e1gina e ressaltou a vit\u00f3ria de Lula contra o &#8220;trumpista brasileiro&#8221;.<\/p>\n\n\n\n<p>Na Am\u00e9rica do Sul, os argentinos Clar\u00edn e La Naci\u00f3n e o chileno El Mercurio refor\u00e7aram a vit\u00f3ria apertada de Lula. J\u00e1 o mexicano La Jornada optou por preencher quase toda sua primeira p\u00e1gina com uma fotografia do petista de pulso erguido e sorrindo.<\/p>\n","protected":false},"excerpt":{"rendered":"<p>Peri\u00f3dicos como Le Monde, El Pa\u00eds e NYT destacam vit\u00f3ria acirrada do petista e pa\u00eds polarizado<\/p>\n","protected":false},"author":1,"featured_media":0,"comment_status":"closed","ping_status":"open","sticky":false,"template":"","format":"standard","meta":{"_exactmetrics_skip_tracking":false,"_exactmetrics_sitenote_active":false,"_exactmetrics_sitenote_note":"","_exactmetrics_sitenote_category":0,"jetpack_post_was_ever_published":false,"_jetpack_newsletter_access":"","_jetpack_dont_email_post_to_subs":false,"_jetpack_newsletter_tier_id":0,"_jetpack_memberships_contains_paywalled_content":false,"_jetpack_memberships_contains_paid_content":false,"footnotes":"","jetpack_publicize_message":"","jetpack_publicize_feature_enabled":true,"jetpack_social_post_already_shared":true,"jetpack_social_options":{"image_generator_settings":{"template":"highway","enabled":false},"version":2}},"categories":[1],"tags":[],"class_list":["post-34277","post","type-post","status-publish","format-standard","hentry","category-notas"],"jetpack_publicize_connections":[],"jetpack_sharing_enabled":true,"jetpack_featured_media_url":"","jetpack_shortlink":"https:\/\/wp.me\/p7wKYW-8UR","jetpack-related-posts":[],"_links":{"self":[{"href":"http:\/\/blogdalucianaoliveira.com.br\/blog\/wp-json\/wp\/v2\/posts\/34277","targetHints":{"allow":["GET"]}}],"collection":[{"href":"http:\/\/blogdalucianaoliveira.com.br\/blog\/wp-json\/wp\/v2\/posts"}],"about":[{"href":"http:\/\/blogdalucianaoliveira.com.br\/blog\/wp-json\/wp\/v2\/types\/post"}],"author":[{"embeddable":true,"href":"http:\/\/blogdalucianaoliveira.com.br\/blog\/wp-json\/wp\/v2\/users\/1"}],"replies":[{"embeddable":true,"href":"http:\/\/blogdalucianaoliveira.com.br\/blog\/wp-json\/wp\/v2\/comments?post=34277"}],"version-history":[{"count":1,"href":"http:\/\/blogdalucianaoliveira.com.br\/blog\/wp-json\/wp\/v2\/posts\/34277\/revisions"}],"predecessor-version":[{"id":34279,"href":"http:\/\/blogdalucianaoliveira.com.br\/blog\/wp-json\/wp\/v2\/posts\/34277\/revisions\/34279"}],"wp:attachment":[{"href":"http:\/\/blogdalucianaoliveira.com.br\/blog\/wp-json\/wp\/v2\/media?parent=34277"}],"wp:term":[{"taxonomy":"category","embeddable":true,"href":"http:\/\/blogdalucianaoliveira.com.br\/blog\/wp-json\/wp\/v2\/categories?post=34277"},{"taxonomy":"post_tag","embeddable":true,"href":"http:\/\/blogdalucianaoliveira.com.br\/blog\/wp-json\/wp\/v2\/tags?post=34277"}],"curies":[{"name":"wp","href":"https:\/\/api.w.org\/{rel}","templated":true}]}}