{"id":34280,"date":"2022-10-31T16:23:21","date_gmt":"2022-10-31T20:23:21","guid":{"rendered":"http:\/\/blogdalucianaoliveira.com.br\/blog\/?p=34280"},"modified":"2022-10-31T16:23:28","modified_gmt":"2022-10-31T20:23:28","slug":"lula-noruega-retomara-ajuda-ao-brasil-contra-o-desmatamento","status":"publish","type":"post","link":"http:\/\/blogdalucianaoliveira.com.br\/blog\/2022\/10\/31\/lula-noruega-retomara-ajuda-ao-brasil-contra-o-desmatamento\/","title":{"rendered":"Lula, Noruega retomar\u00e1 ajuda ao Brasil contra o desmatamento"},"content":{"rendered":"\n<figure class=\"wp-block-image size-large\"><img loading=\"lazy\" decoding=\"async\" width=\"1250\" height=\"600\" data-attachment-id=\"34281\" data-permalink=\"http:\/\/blogdalucianaoliveira.com.br\/blog\/2022\/10\/31\/lula-noruega-retomara-ajuda-ao-brasil-contra-o-desmatamento\/3593d09b-f05e-4dcd-b752-be59b9ae6d44\/\" data-orig-file=\"https:\/\/i0.wp.com\/blogdalucianaoliveira.com.br\/blog\/wp-content\/uploads\/2022\/10\/3593D09B-F05E-4DCD-B752-BE59B9AE6D44.jpeg?fit=1250%2C600\" data-orig-size=\"1250,600\" data-comments-opened=\"0\" data-image-meta=\"{&quot;aperture&quot;:&quot;0&quot;,&quot;credit&quot;:&quot;&quot;,&quot;camera&quot;:&quot;&quot;,&quot;caption&quot;:&quot;&quot;,&quot;created_timestamp&quot;:&quot;0&quot;,&quot;copyright&quot;:&quot;&quot;,&quot;focal_length&quot;:&quot;0&quot;,&quot;iso&quot;:&quot;0&quot;,&quot;shutter_speed&quot;:&quot;0&quot;,&quot;title&quot;:&quot;&quot;,&quot;orientation&quot;:&quot;0&quot;}\" data-image-title=\"3593D09B-F05E-4DCD-B752-BE59B9AE6D44\" data-image-description=\"\" data-image-caption=\"\" data-medium-file=\"https:\/\/i0.wp.com\/blogdalucianaoliveira.com.br\/blog\/wp-content\/uploads\/2022\/10\/3593D09B-F05E-4DCD-B752-BE59B9AE6D44.jpeg?fit=300%2C144\" data-large-file=\"https:\/\/i0.wp.com\/blogdalucianaoliveira.com.br\/blog\/wp-content\/uploads\/2022\/10\/3593D09B-F05E-4DCD-B752-BE59B9AE6D44.jpeg?fit=600%2C288\" src=\"https:\/\/i0.wp.com\/blogdalucianaoliveira.com.br\/blog\/wp-content\/uploads\/2022\/10\/3593D09B-F05E-4DCD-B752-BE59B9AE6D44.jpeg?fit=600%2C288\" alt=\"\" class=\"wp-image-34281\" srcset=\"https:\/\/i0.wp.com\/blogdalucianaoliveira.com.br\/blog\/wp-content\/uploads\/2022\/10\/3593D09B-F05E-4DCD-B752-BE59B9AE6D44.jpeg?w=1250 1250w, https:\/\/i0.wp.com\/blogdalucianaoliveira.com.br\/blog\/wp-content\/uploads\/2022\/10\/3593D09B-F05E-4DCD-B752-BE59B9AE6D44.jpeg?resize=300%2C144 300w, https:\/\/i0.wp.com\/blogdalucianaoliveira.com.br\/blog\/wp-content\/uploads\/2022\/10\/3593D09B-F05E-4DCD-B752-BE59B9AE6D44.jpeg?resize=1024%2C492 1024w, https:\/\/i0.wp.com\/blogdalucianaoliveira.com.br\/blog\/wp-content\/uploads\/2022\/10\/3593D09B-F05E-4DCD-B752-BE59B9AE6D44.jpeg?resize=768%2C369 768w, https:\/\/i0.wp.com\/blogdalucianaoliveira.com.br\/blog\/wp-content\/uploads\/2022\/10\/3593D09B-F05E-4DCD-B752-BE59B9AE6D44.jpeg?resize=625%2C300 625w, https:\/\/i0.wp.com\/blogdalucianaoliveira.com.br\/blog\/wp-content\/uploads\/2022\/10\/3593D09B-F05E-4DCD-B752-BE59B9AE6D44.jpeg?w=1200 1200w\" sizes=\"auto, (max-width: 600px) 100vw, 600px\" \/><\/figure>\n\n\n\n<p><strong>247 &#8211;\u00a0<\/strong>Ap\u00f3s a elei\u00e7\u00e3o de Luiz In\u00e1cio Lula da Silva (PT) neste domingo (30), o ministro do Meio Ambiente da Noruega afirmou \u00e0 AFP que o pa\u00eds retomar\u00e1 a ajuda financeira ao Brasil contra o desmatamento da Amaz\u00f4nia.<\/p>\n\n\n\n<p>&#8220;Em rela\u00e7\u00e3o a Lula, n\u00f3s observamos que durante a campanha ele enfatizou a preserva\u00e7\u00e3o da floresta amaz\u00f4nica e a prote\u00e7\u00e3o dos povos ind\u00edgenas da Amaz\u00f4nia. Por isso, estamos ansiosos para entrar em contato com suas equipes, o mais r\u00e1pido poss\u00edvel, para preparar a retomada da colabora\u00e7\u00e3o historicamente positiva entre Brasil e Noruega\u201d, disse Espen Barth Eide.<\/p>\n","protected":false},"excerpt":{"rendered":"<p>247 &#8211;\u00a0Ap\u00f3s a elei\u00e7\u00e3o de Luiz In\u00e1cio Lula da Silva (PT) neste domingo (30), o ministro do Meio Ambiente da Noruega afirmou \u00e0 AFP que o pa\u00eds retomar\u00e1 a ajuda financeira ao Brasil contra o desmatamento da Amaz\u00f4nia. &#8220;Em rela\u00e7\u00e3o a Lula, n\u00f3s observamos que durante a campanha ele enfatizou a preserva\u00e7\u00e3o da floresta amaz\u00f4nica&#8230;<a class=\"more-link\" href=\"http:\/\/blogdalucianaoliveira.com.br\/blog\/2022\/10\/31\/lula-noruega-retomara-ajuda-ao-brasil-contra-o-desmatamento\/\">Continue a leitura <span class=\"meta-nav\">&raquo;<\/span><\/a><\/p>\n","protected":false},"author":1,"featured_media":0,"comment_status":"closed","ping_status":"open","sticky":false,"template":"","format":"standard","meta":{"_exactmetrics_skip_tracking":false,"_exactmetrics_sitenote_active":false,"_exactmetrics_sitenote_note":"","_exactmetrics_sitenote_category":0,"jetpack_post_was_ever_published":false,"_jetpack_newsletter_access":"","_jetpack_dont_email_post_to_subs":false,"_jetpack_newsletter_tier_id":0,"_jetpack_memberships_contains_paywalled_content":false,"_jetpack_memberships_contains_paid_content":false,"footnotes":"","jetpack_publicize_message":"","jetpack_publicize_feature_enabled":true,"jetpack_social_post_already_shared":true,"jetpack_social_options":{"image_generator_settings":{"template":"highway","enabled":false},"version":2}},"categories":[1],"tags":[],"class_list":["post-34280","post","type-post","status-publish","format-standard","hentry","category-notas"],"jetpack_publicize_connections":[],"jetpack_sharing_enabled":true,"jetpack_featured_media_url":"","jetpack_shortlink":"https:\/\/wp.me\/p7wKYW-8UU","jetpack-related-posts":[],"_links":{"self":[{"href":"http:\/\/blogdalucianaoliveira.com.br\/blog\/wp-json\/wp\/v2\/posts\/34280","targetHints":{"allow":["GET"]}}],"collection":[{"href":"http:\/\/blogdalucianaoliveira.com.br\/blog\/wp-json\/wp\/v2\/posts"}],"about":[{"href":"http:\/\/blogdalucianaoliveira.com.br\/blog\/wp-json\/wp\/v2\/types\/post"}],"author":[{"embeddable":true,"href":"http:\/\/blogdalucianaoliveira.com.br\/blog\/wp-json\/wp\/v2\/users\/1"}],"replies":[{"embeddable":true,"href":"http:\/\/blogdalucianaoliveira.com.br\/blog\/wp-json\/wp\/v2\/comments?post=34280"}],"version-history":[{"count":1,"href":"http:\/\/blogdalucianaoliveira.com.br\/blog\/wp-json\/wp\/v2\/posts\/34280\/revisions"}],"predecessor-version":[{"id":34282,"href":"http:\/\/blogdalucianaoliveira.com.br\/blog\/wp-json\/wp\/v2\/posts\/34280\/revisions\/34282"}],"wp:attachment":[{"href":"http:\/\/blogdalucianaoliveira.com.br\/blog\/wp-json\/wp\/v2\/media?parent=34280"}],"wp:term":[{"taxonomy":"category","embeddable":true,"href":"http:\/\/blogdalucianaoliveira.com.br\/blog\/wp-json\/wp\/v2\/categories?post=34280"},{"taxonomy":"post_tag","embeddable":true,"href":"http:\/\/blogdalucianaoliveira.com.br\/blog\/wp-json\/wp\/v2\/tags?post=34280"}],"curies":[{"name":"wp","href":"https:\/\/api.w.org\/{rel}","templated":true}]}}