{"id":34283,"date":"2022-11-01T09:29:46","date_gmt":"2022-11-01T13:29:46","guid":{"rendered":"http:\/\/blogdalucianaoliveira.com.br\/blog\/?p=34283"},"modified":"2022-11-01T09:29:54","modified_gmt":"2022-11-01T13:29:54","slug":"em-aceno-a-lula-governadores-bolsonaristas-da-amazonia-pregam-uniao-e-dialogo","status":"publish","type":"post","link":"http:\/\/blogdalucianaoliveira.com.br\/blog\/2022\/11\/01\/em-aceno-a-lula-governadores-bolsonaristas-da-amazonia-pregam-uniao-e-dialogo\/","title":{"rendered":"Em aceno a Lula, governadores bolsonaristas da Amaz\u00f4nia pregam uni\u00e3o e di\u00e1logo"},"content":{"rendered":"\n<figure class=\"wp-block-image size-large\"><img data-recalc-dims=\"1\" loading=\"lazy\" decoding=\"async\" width=\"600\" height=\"336\" data-attachment-id=\"34284\" data-permalink=\"http:\/\/blogdalucianaoliveira.com.br\/blog\/2022\/11\/01\/em-aceno-a-lula-governadores-bolsonaristas-da-amazonia-pregam-uniao-e-dialogo\/b887f27b-d335-483c-87c0-eca906901632\/\" data-orig-file=\"https:\/\/i0.wp.com\/blogdalucianaoliveira.com.br\/blog\/wp-content\/uploads\/2022\/11\/B887F27B-D335-483C-87C0-ECA906901632.jpeg?fit=800%2C448\" data-orig-size=\"800,448\" data-comments-opened=\"0\" data-image-meta=\"{&quot;aperture&quot;:&quot;0&quot;,&quot;credit&quot;:&quot;&quot;,&quot;camera&quot;:&quot;&quot;,&quot;caption&quot;:&quot;&quot;,&quot;created_timestamp&quot;:&quot;0&quot;,&quot;copyright&quot;:&quot;&quot;,&quot;focal_length&quot;:&quot;0&quot;,&quot;iso&quot;:&quot;0&quot;,&quot;shutter_speed&quot;:&quot;0&quot;,&quot;title&quot;:&quot;&quot;,&quot;orientation&quot;:&quot;1&quot;}\" data-image-title=\"B887F27B-D335-483C-87C0-ECA906901632\" data-image-description=\"\" data-image-caption=\"\" data-medium-file=\"https:\/\/i0.wp.com\/blogdalucianaoliveira.com.br\/blog\/wp-content\/uploads\/2022\/11\/B887F27B-D335-483C-87C0-ECA906901632.jpeg?fit=300%2C168\" data-large-file=\"https:\/\/i0.wp.com\/blogdalucianaoliveira.com.br\/blog\/wp-content\/uploads\/2022\/11\/B887F27B-D335-483C-87C0-ECA906901632.jpeg?fit=600%2C336\" src=\"https:\/\/i0.wp.com\/blogdalucianaoliveira.com.br\/blog\/wp-content\/uploads\/2022\/11\/B887F27B-D335-483C-87C0-ECA906901632.jpeg?resize=600%2C336\" alt=\"\" class=\"wp-image-34284\" srcset=\"https:\/\/i0.wp.com\/blogdalucianaoliveira.com.br\/blog\/wp-content\/uploads\/2022\/11\/B887F27B-D335-483C-87C0-ECA906901632.jpeg?w=800 800w, https:\/\/i0.wp.com\/blogdalucianaoliveira.com.br\/blog\/wp-content\/uploads\/2022\/11\/B887F27B-D335-483C-87C0-ECA906901632.jpeg?resize=300%2C168 300w, https:\/\/i0.wp.com\/blogdalucianaoliveira.com.br\/blog\/wp-content\/uploads\/2022\/11\/B887F27B-D335-483C-87C0-ECA906901632.jpeg?resize=768%2C430 768w, https:\/\/i0.wp.com\/blogdalucianaoliveira.com.br\/blog\/wp-content\/uploads\/2022\/11\/B887F27B-D335-483C-87C0-ECA906901632.jpeg?resize=536%2C300 536w\" sizes=\"auto, (max-width: 600px) 100vw, 600px\" \/><\/figure>\n\n\n\n<h4 class=\"wp-block-heading\">Entenda por que a colabora\u00e7\u00e3o entre governos estaduais e federal ser\u00e1 fundamental para combater o desmatamento no bioma<\/h4>\n\n\n\n<!--more-->\n\n\n\n<p>Murilo Pajolla\u00a0Brasil de Fato | L\u00e1brea (AM)<\/p>\n\n\n\n<p>Nos estados da Amaz\u00f4nia, governadores bolsonaristas declararam&nbsp;respeito ao resultado das urnas que&nbsp;<a href=\"https:\/\/www.brasildefato.com.br\/2022\/10\/30\/luiz-inacio-lula-da-silva-e-eleito-presidente-do-brasil\" target=\"_blank\" rel=\"noreferrer noopener\">devolveu<\/a>&nbsp;a Luiz In\u00e1cio Lula da Silva (PT) o cargo de presidente da Rep\u00fablica.<\/p>\n\n\n\n<p>S\u00e3o pol\u00edticos que apoiaram Jair Bolsonaro (PL) no pleito de 2022 e se elegeram gra\u00e7as \u00e0 onda bolsonarista de 2018. Agora, falam em di\u00e1logo e harmonia com a futura administra\u00e7\u00e3o petista.<\/p>\n\n\n\n<p>Com isso, sinalizam tamb\u00e9m que n\u00e3o dar\u00e3o apoio a uma poss\u00edvel ofensiva de Bolsonaro contra o resultado das urnas, isolando setores mais radicais que t\u00eam se manifestado favoravelmente a um\u00a0<a rel=\"noreferrer noopener\" href=\"https:\/\/www.brasildefato.com.br\/2022\/10\/31\/esplanada-interditada-para-conter-protesto-tem-mais-famintos-do-que-manifestantes\" target=\"_blank\">golpe militar<\/a>\u00a0contra Lula.<\/p>\n\n\n\n<p>Al\u00e9m disso, Lula ter\u00e1 que dialogar com os governadores da Amaz\u00f4nia se quiser cumprir a promessa de &#8220;desmatamento zero&#8221;&nbsp;no bioma, onde o crime ambiental e bolsonarismo&nbsp;<a href=\"https:\/\/www.brasildefato.com.br\/2022\/10\/20\/mapa-eleitoral-inedito-comprova-alianca-entre-bolsonarismo-e-crime-ambiental-na-amazonia\" target=\"_blank\" rel=\"noreferrer noopener\">andam juntos<\/a>.<\/p>\n\n\n\n<p>Confira o posicionamento dos governadores ap\u00f3s a vit\u00f3ria de Lula e entenda, mais abaixo, por que a articula\u00e7\u00e3o entre governos estaduais e federais \u00e9 fundamental para interromper a destrui\u00e7\u00e3o da Amaz\u00f4nia.<\/p>\n\n\n\n<p>Amazonas e Roraima: bolsonaristas de 1\u00ba hora querem di\u00e1logo<\/p>\n\n\n\n<p>Reeleito governador do Amazonas no 2\u00ba turno, Wilson Lima (Uni\u00e3o) frisou que segue aliado de Bolsonaro, mas que vai dialogar com &#8220;quem quer que seja&#8221; para &#8220;defender os interesses do povo do Amazonas&#8221;. A declara\u00e7\u00e3o, dada durante o pronunciamento da vit\u00f3ria, foi acompanhada de gritos de &#8220;Lula&#8221; por parte da plateia. Lima sabe que no interior amazonense boa parte de seus eleitores &#8211; principalmente os mais pobres &#8211; s\u00e3o apoiadores do petista.<\/p>\n\n\n\n<p>::&nbsp;<a href=\"https:\/\/www.brasildefato.com.br\/2022\/10\/05\/amazonia-resultado-de-eleicoes-para-governador-da-sequencia-a-tragedia-socioambiental\" target=\"_blank\" rel=\"noreferrer noopener\"><strong>Amaz\u00f4nia: resultado de elei\u00e7\u00f5es para governador d\u00e1 sequ\u00eancia a trag\u00e9dia socioambiental<\/strong><\/a>&nbsp;::<\/p>\n\n\n\n<p>Assim como Wilson Lima, o empres\u00e1rio Ant\u00f4nio Denarium (PP) ganhou proje\u00e7\u00e3o na onda bolsonarista de 2018 e acabou na cadeira de governador de Roraima, onde trabalhou ativamente para favorecer garimpeiros ilegais. Reeleito em 1\u00ba turno neste ano, o pol\u00edtico reafirmou o &#8220;desejo soberano&#8221; das urnas ap\u00f3s a vit\u00f3ria de Lula e falou em &#8220;di\u00e1logo, uni\u00e3o e trabalho pelo povo brasileiro&#8221;. &#8220;Desejo sucesso e sabedoria ao presidente eleito Luiz In\u00e1cio Lula da Silva&#8221;, escreveu nas&nbsp;<a href=\"https:\/\/www.facebook.com\/antoniodenariumrr\" target=\"_blank\" rel=\"noreferrer noopener\">redes sociais<\/a>.<\/p>\n\n\n\n<p>Acre e Tocantins: reeleitos pregam respeito \u00e0 vontade popular<\/p>\n\n\n\n<p>Outro bolsonarista reeleito em primeiro turno \u00e9 Gladson Cameli (PP) no Acre. Ao comentar a vit\u00f3ria de Lula, ele pregou respeito \u00e0 &#8220;vontade popular&#8221; e cumprimentou o petista pela vit\u00f3ria. &#8220;Estamos prontos para trabalhar em harmonia com o governo federal&#8221;, publicou no&nbsp;<a href=\"https:\/\/twitter.com\/GladsonCameli\" target=\"_blank\" rel=\"noreferrer noopener\">Twitter<\/a>. Cameli personificou a bolsonariza\u00e7\u00e3o do Acre e desbancou 20 anos de administra\u00e7\u00f5es petistas&nbsp;no estado historicamente ligado ao Partido dos Trabalhadores e a Chico Mendes.<\/p>\n\n\n\n<figure class=\"wp-block-image\"><img data-recalc-dims=\"1\" decoding=\"async\" src=\"https:\/\/i0.wp.com\/images02.brasildefato.com.br\/76eb0ca6216c67d8bafe03fb5c5944f0.jpeg?w=600&#038;ssl=1\" alt=\"\"\/><\/figure>\n\n\n\n<p><br>Wanderlei Barbosa, do TO: apoiou Bolsonaro, mas fez aceno a Lula \/ Divulga\u00e7\u00e3o\/Ascom<\/p>\n\n\n\n<p>No Tocantins,&nbsp;Wanderlei Barbosa (Republicanos) se reelegeu em 1\u00ba turno e desbancou o candidato bolsonarista oficial no estado, Ronaldo Dimas (PL). Mesmo assim, apoiou Bolsonaro no 2\u00ba turno e prometeu &#8220;hipotecar&#8221; seus votos para o presidente. Com Lula eleito, Barbosa&nbsp;parabenizou o petista e disse que as elei\u00e7\u00f5es ocorreram &#8220;de forma democr\u00e1tica e dentro das regras constitucionais&#8221;.&nbsp;<\/p>\n\n\n\n<p>::&nbsp;<a href=\"https:\/\/www.brasildefato.com.br\/2022\/08\/17\/sob-pressao-do-agro-extincao-de-reserva-extrativista-vira-bandeira-eleitoral-na-amazonia\" target=\"_blank\" rel=\"noreferrer noopener\"><strong>Sob press\u00e3o do agro, extin\u00e7\u00e3o de reserva extrativista vira bandeira eleitoral na Amaz\u00f4nia<\/strong><\/a>&nbsp;::<\/p>\n\n\n\n<p>Estados com bolsonarismo enraizado s\u00e3o exce\u00e7\u00e3o&nbsp;<\/p>\n\n\n\n<p>O aceno positivo a Lula n\u00e3o ocorreu em dois estados onde o bolsonarismo se enraizou e rendeu lucros altos ao agroneg\u00f3cio predat\u00f3rio: Mato Grosso e Rond\u00f4nia. Os respectivos governadores, Mauro Mendes (Uni\u00e3o) e Coronel Marcos Rocha (Uni\u00e3o), lamentaram a derrota de Bolsonaro sem citar Lula. &#8220;Sempre estaremos juntos [com Bolsonaro]&#8221;, publicou Rocha. Mendes declarou: &#8220;Deus aben\u00e7oe o nosso Brasil nos pr\u00f3ximos quatro anos e a todos que ir\u00e3o conduzir o pa\u00eds&#8221;.&nbsp;<\/p>\n\n\n\n<p>Governadores lulistas<\/p>\n\n\n\n<p>No Par\u00e1 e no Amap\u00e1, Helder Barbalho (MDB) e Cl\u00e9cio Lu\u00eds (Solidariedade) demonstraram alinhamento com Lula desde o in\u00edcio e celebraram a vit\u00f3ria do petista. Barbalho anunciou nesta segunda-feira (31) um convite para Lula participar da&nbsp;Confer\u00eancia das Na\u00e7\u00f5es Unidas sobre Mudan\u00e7as Clim\u00e1ticas de 2022 (COP 27), o maior e mais importante encontro mundial sobre meio ambiente e mudan\u00e7as clim\u00e1ticas.&nbsp;<\/p>\n\n\n\n<p>Qual import\u00e2ncia dos governos estaduais no combate ao desmatamento?<\/p>\n\n\n\n<p>De fato, o&nbsp;governo federal \u00e9 o respons\u00e1vel por conceber a preserva\u00e7\u00e3o socioambiental da Amaz\u00f4nia como parte de um projeto de pa\u00eds. Mas os governos estaduais e as assembleias Legislativas t\u00eam papel fundamental&nbsp;para coibir e fiscalizar crimes ambientais.<\/p>\n\n\n\n<p>No primeiro governo Lula, o Brasil implementou um plano que derrubou o desmatamento na Amaz\u00f4nia em 70%. Com base na orienta\u00e7\u00e3o do governo federal, os governos&nbsp;criaram planos estaduais e inclu\u00edram diretrizes previstas no plano nacional, como ordenamento territorial, controle ambiental e fomento \u00e0s atividades produtivas sustent\u00e1veis.<\/p>\n\n\n\n<p>::&nbsp;<a href=\"https:\/\/www.brasildefato.com.br\/2022\/10\/20\/mapa-eleitoral-inedito-comprova-alianca-entre-bolsonarismo-e-crime-ambiental-na-amazonia\" target=\"_blank\" rel=\"noreferrer noopener\"><strong>Mapa eleitoral in\u00e9dito comprova alian\u00e7a entre bolsonarismo e crime ambiental na Amaz\u00f4nia<\/strong><\/a>&nbsp;::<\/p>\n\n\n\n<p>Sob o comando de bolsonaristas, estados da Amaz\u00f4nia Legal t\u00eam estimulado a grilagem de terras por meio de leis que anistiam invas\u00f5es. \u00c9 imprescind\u00edvel tamb\u00e9m que os governos estaduais deixem de conceder t\u00edtulos de terra em \u00e1reas griladas.<\/p>\n\n\n\n<p>A invalida\u00e7\u00e3o de Cadastros Ambientais rurais (CARs) sobrepostos de maneira ilegal a \u00e1reas protegidas tamb\u00e9m \u00e9 uma a\u00e7\u00e3o concreta que as administra\u00e7\u00f5es devem priorizar no combate ao desmatamento e \u00e0 grilagem de terras.<\/p>\n\n\n\n<p>Edi\u00e7\u00e3o: Nicolau Soares<\/p>\n\n\n\n<p><\/p>\n","protected":false},"excerpt":{"rendered":"<p>Entenda por que a colabora\u00e7\u00e3o entre governos estaduais e federal ser\u00e1 fundamental para combater o desmatamento no bioma<\/p>\n","protected":false},"author":1,"featured_media":0,"comment_status":"closed","ping_status":"open","sticky":false,"template":"","format":"standard","meta":{"_exactmetrics_skip_tracking":false,"_exactmetrics_sitenote_active":false,"_exactmetrics_sitenote_note":"","_exactmetrics_sitenote_category":0,"jetpack_post_was_ever_published":false,"_jetpack_newsletter_access":"","_jetpack_dont_email_post_to_subs":false,"_jetpack_newsletter_tier_id":0,"_jetpack_memberships_contains_paywalled_content":false,"_jetpack_memberships_contains_paid_content":false,"footnotes":"","jetpack_publicize_message":"","jetpack_publicize_feature_enabled":true,"jetpack_social_post_already_shared":true,"jetpack_social_options":{"image_generator_settings":{"template":"highway","enabled":false},"version":2}},"categories":[1],"tags":[],"class_list":["post-34283","post","type-post","status-publish","format-standard","hentry","category-notas"],"jetpack_publicize_connections":[],"jetpack_sharing_enabled":true,"jetpack_featured_media_url":"","jetpack_shortlink":"https:\/\/wp.me\/p7wKYW-8UX","jetpack-related-posts":[],"_links":{"self":[{"href":"http:\/\/blogdalucianaoliveira.com.br\/blog\/wp-json\/wp\/v2\/posts\/34283","targetHints":{"allow":["GET"]}}],"collection":[{"href":"http:\/\/blogdalucianaoliveira.com.br\/blog\/wp-json\/wp\/v2\/posts"}],"about":[{"href":"http:\/\/blogdalucianaoliveira.com.br\/blog\/wp-json\/wp\/v2\/types\/post"}],"author":[{"embeddable":true,"href":"http:\/\/blogdalucianaoliveira.com.br\/blog\/wp-json\/wp\/v2\/users\/1"}],"replies":[{"embeddable":true,"href":"http:\/\/blogdalucianaoliveira.com.br\/blog\/wp-json\/wp\/v2\/comments?post=34283"}],"version-history":[{"count":1,"href":"http:\/\/blogdalucianaoliveira.com.br\/blog\/wp-json\/wp\/v2\/posts\/34283\/revisions"}],"predecessor-version":[{"id":34285,"href":"http:\/\/blogdalucianaoliveira.com.br\/blog\/wp-json\/wp\/v2\/posts\/34283\/revisions\/34285"}],"wp:attachment":[{"href":"http:\/\/blogdalucianaoliveira.com.br\/blog\/wp-json\/wp\/v2\/media?parent=34283"}],"wp:term":[{"taxonomy":"category","embeddable":true,"href":"http:\/\/blogdalucianaoliveira.com.br\/blog\/wp-json\/wp\/v2\/categories?post=34283"},{"taxonomy":"post_tag","embeddable":true,"href":"http:\/\/blogdalucianaoliveira.com.br\/blog\/wp-json\/wp\/v2\/tags?post=34283"}],"curies":[{"name":"wp","href":"https:\/\/api.w.org\/{rel}","templated":true}]}}