{"id":34289,"date":"2022-11-01T18:46:57","date_gmt":"2022-11-01T22:46:57","guid":{"rendered":"http:\/\/blogdalucianaoliveira.com.br\/blog\/?p=34289"},"modified":"2022-11-01T18:47:04","modified_gmt":"2022-11-01T22:47:04","slug":"com-mutirao-na-cop-lula-abre-primeiro-governo-climatico-do-brasil","status":"publish","type":"post","link":"http:\/\/blogdalucianaoliveira.com.br\/blog\/2022\/11\/01\/com-mutirao-na-cop-lula-abre-primeiro-governo-climatico-do-brasil\/","title":{"rendered":"Com &#8216;mutir\u00e3o&#8217; na COP, Lula abre primeiro governo clim\u00e1tico do Brasil"},"content":{"rendered":"\n<figure class=\"wp-block-image size-large\"><img loading=\"lazy\" decoding=\"async\" width=\"1200\" height=\"800\" data-attachment-id=\"34290\" data-permalink=\"http:\/\/blogdalucianaoliveira.com.br\/blog\/2022\/11\/01\/com-mutirao-na-cop-lula-abre-primeiro-governo-climatico-do-brasil\/ade72aaf-dc00-4dea-848b-cb2747b52a26\/\" data-orig-file=\"https:\/\/i0.wp.com\/blogdalucianaoliveira.com.br\/blog\/wp-content\/uploads\/2022\/11\/ADE72AAF-DC00-4DEA-848B-CB2747B52A26.jpeg?fit=1200%2C800\" data-orig-size=\"1200,800\" data-comments-opened=\"0\" data-image-meta=\"{&quot;aperture&quot;:&quot;0&quot;,&quot;credit&quot;:&quot;&quot;,&quot;camera&quot;:&quot;&quot;,&quot;caption&quot;:&quot;&quot;,&quot;created_timestamp&quot;:&quot;0&quot;,&quot;copyright&quot;:&quot;&quot;,&quot;focal_length&quot;:&quot;0&quot;,&quot;iso&quot;:&quot;0&quot;,&quot;shutter_speed&quot;:&quot;0&quot;,&quot;title&quot;:&quot;&quot;,&quot;orientation&quot;:&quot;0&quot;}\" data-image-title=\"ADE72AAF-DC00-4DEA-848B-CB2747B52A26\" data-image-description=\"\" data-image-caption=\"\" data-medium-file=\"https:\/\/i0.wp.com\/blogdalucianaoliveira.com.br\/blog\/wp-content\/uploads\/2022\/11\/ADE72AAF-DC00-4DEA-848B-CB2747B52A26.jpeg?fit=300%2C200\" data-large-file=\"https:\/\/i0.wp.com\/blogdalucianaoliveira.com.br\/blog\/wp-content\/uploads\/2022\/11\/ADE72AAF-DC00-4DEA-848B-CB2747B52A26.jpeg?fit=600%2C400\" src=\"https:\/\/i2.wp.com\/blogdalucianaoliveira.com.br\/blog\/wp-content\/uploads\/2022\/11\/ADE72AAF-DC00-4DEA-848B-CB2747B52A26.jpeg?fit=600%2C400\" alt=\"\" class=\"wp-image-34290\" srcset=\"https:\/\/i0.wp.com\/blogdalucianaoliveira.com.br\/blog\/wp-content\/uploads\/2022\/11\/ADE72AAF-DC00-4DEA-848B-CB2747B52A26.jpeg?w=1200 1200w, https:\/\/i0.wp.com\/blogdalucianaoliveira.com.br\/blog\/wp-content\/uploads\/2022\/11\/ADE72AAF-DC00-4DEA-848B-CB2747B52A26.jpeg?resize=300%2C200 300w, https:\/\/i0.wp.com\/blogdalucianaoliveira.com.br\/blog\/wp-content\/uploads\/2022\/11\/ADE72AAF-DC00-4DEA-848B-CB2747B52A26.jpeg?resize=1024%2C683 1024w, https:\/\/i0.wp.com\/blogdalucianaoliveira.com.br\/blog\/wp-content\/uploads\/2022\/11\/ADE72AAF-DC00-4DEA-848B-CB2747B52A26.jpeg?resize=768%2C512 768w, https:\/\/i0.wp.com\/blogdalucianaoliveira.com.br\/blog\/wp-content\/uploads\/2022\/11\/ADE72AAF-DC00-4DEA-848B-CB2747B52A26.jpeg?resize=450%2C300 450w\" sizes=\"auto, (max-width: 600px) 100vw, 600px\" \/><\/figure>\n\n\n\n<p>Mudan\u00e7as sociais e globais levam terceiro mandato a ver na pol\u00edtica do clima uma oportunidade para novas alian\u00e7as e reformas program\u00e1ticas.<\/p>\n\n\n\n<!--more-->\n\n\n\n<p><strong><a href=\"https:\/\/www1.folha.uol.com.br\/autores\/mathias-alencastro.shtml\">Mathias Alencastro<\/a><\/strong>, na FSP<\/p>\n\n\n\n<p>A ascens\u00e3o da<a href=\"https:\/\/www1.folha.uol.com.br\/folha-topicos\/cop27\/\">&nbsp;COP do Egito<\/a>&nbsp;a primeiro palco da<a href=\"https:\/\/www1.folha.uol.com.br\/mundo\/2022\/11\/questao-climatica-pode-ajudar-lula-a-reaver-protagonismo-internacional-do-brasil.shtml\">&nbsp;nova diplomacia do governo eleito<\/a>&nbsp;se deve a duas din\u00e2micas interdependentes. A elei\u00e7\u00e3o de<a href=\"https:\/\/www1.folha.uol.com.br\/folha-topicos\/lula\/\">&nbsp;Lula<\/a>&nbsp;encerra um ano terr\u00edvel, por\u00e9m transformador, para a pol\u00edtica clim\u00e1tica.<\/p>\n\n\n\n<p>Por um lado, a<a href=\"https:\/\/www1.folha.uol.com.br\/mundo\/guerra-da-ucrania\/\">&nbsp;Guerra da Ucr\u00e2nia<\/a>&nbsp;deu \u00edmpeto \u00e0s ind\u00fastrias f\u00f3sseis, que atravessavam um raro per\u00edodo de decl\u00ednio, enquanto as divis\u00f5es crescentes entre o Ocidente e o Oriente, mas tamb\u00e9m entre o Norte e o Sul Global, agravaram a crise da governan\u00e7a clim\u00e1tica.<\/p>\n\n\n\n<p>Por outro, a transi\u00e7\u00e3o energ\u00e9tica se tornou uma quest\u00e3o de seguran\u00e7a nacional para os pa\u00edses desenvolvidos, com implica\u00e7\u00f5es extraordin\u00e1rias para a diplomacia e os investimentos internacionais.<\/p>\n\n\n\n<p>Em seguida, a sociedade civil brasileira se fortaleceu atrav\u00e9s da emerg\u00eancia de uma gera\u00e7\u00e3o de cientistas, ativistas e pol\u00edticos de excel\u00eancia e da multiplica\u00e7\u00e3o de organiza\u00e7\u00f5es que estabeleceram a rela\u00e7\u00e3o entre democracia, clima e justi\u00e7a social. Essas mudan\u00e7as tornaram inevit\u00e1vel a metamorfose do terceiro mandato de Lula em primeiro governo clim\u00e1tico do Brasil.<\/p>\n\n\n\n<p>Na Am\u00e9rica Latina, a&nbsp;<a href=\"https:\/\/www1.folha.uol.com.br\/mundo\/2022\/10\/eleicao-de-lula-reforca-nova-onda-de-esquerda-que-renasce-pela-america-latina.shtml\">onda rosa&nbsp;<\/a>tem sido quase sempre acompanhada por uma onda verde. A plataforma clim\u00e1tica do chileno<a href=\"https:\/\/www1.folha.uol.com.br\/folha-topicos\/gabriel-boric\/\">Gabriel Boric&nbsp;<\/a>era uma exig\u00eancia do movimento de contesta\u00e7\u00e3o popular, enquanto a do colombiano<a href=\"https:\/\/www1.folha.uol.com.br\/mundo\/2022\/06\/quem-e-gustavo-petro-o-1o-presidente-de-esquerda-da-colombia.shtml\">&nbsp;Gustavo Petro&nbsp;<\/a>veio junto com a renova\u00e7\u00e3o da esquerda depois do acordo de paz.<\/p>\n\n\n\n<p>O caso brasileiro, todavia, \u00e9 excepcional, porque a pol\u00edtica clim\u00e1tica transformou de fora para dentro o Partido dos Trabalhadores, que tem na luta sindical e nacionalista das energias f\u00f3sseis uma das suas principais refer\u00eancias hist\u00f3ricas. O PT segue o caminho de outros partidos de centro-esquerda que viram na pol\u00edtica clim\u00e1tica uma oportunidade para novas alian\u00e7as e reformas program\u00e1ticas.<\/p>\n\n\n\n<p>Em agosto deste ano, o governo de&nbsp;<a href=\"https:\/\/www1.folha.uol.com.br\/folha-topicos\/joe-biden\/\">Joe&nbsp;<\/a><a href=\"https:\/\/www1.folha.uol.com.br\/folha-topicos\/joe-biden\/\">Biden<\/a>foi salvo pelos ativistas clim\u00e1ticos que&nbsp;<a href=\"https:\/\/www1.folha.uol.com.br\/mundo\/2022\/08\/senado-dos-eua-aprova-pacote-ambiental-de-us-430-bi-em-vitoria-de-biden.shtml\">obrigaram o Senado a aprovar um novo pacote econ\u00f4mico<\/a>. O governo de coaliz\u00e3o do social-democrata&nbsp;<a href=\"https:\/\/www1.folha.uol.com.br\/folha-topicos\/olaf-scholz\/\">Olaf&nbsp;<\/a><a href=\"https:\/\/www1.folha.uol.com.br\/folha-topicos\/olaf-scholz\/\">Scholz<\/a>&nbsp;depende mais do que nunca do seu vice Robert Habeck, o l\u00edder dos Verdes.<\/p>\n\n\n\n<p><a href=\"https:\/\/www1.folha.uol.com.br\/ambiente\/2022\/10\/lula-pode-ir-a-cop27-a-convite-de-helder-barbalho-governador-do-para.shtml\">Se a COP27 virar um mutir\u00e3o de lideran\u00e7as brasileiras<\/a>, ela ser\u00e1 o palco de Lula e de toda a frente ampla que derrotou a extrema direita.<\/p>\n\n\n\n<p>Al\u00e9m dos s\u00edmbolos e dos discursos, o governo Lula ser\u00e1 avaliado pela sua capacidade de superar o enfrentamento com os movimentos populistas que acomete tantas outras democracias.<\/p>\n\n\n\n<p>A pol\u00edtica clim\u00e1tica do governo de&nbsp;<a href=\"https:\/\/www1.folha.uol.com.br\/folha-topicos\/emmanuel-macron\/\">Emmanuel&nbsp;<\/a><a href=\"https:\/\/www1.folha.uol.com.br\/folha-topicos\/emmanuel-macron\/\">Macron<\/a>&nbsp;jamais se reergueu do<a href=\"https:\/\/www1.folha.uol.com.br\/mundo\/2019\/11\/apos-1-ano-coletes-amarelos-deixam-de-ser-revolta-e-viram-estilo-de-vida.shtml\">&nbsp;choque provocado pelos coletes amarelos<\/a>, um protesto desencadeado por causa de uma taxa de carbono.<\/p>\n\n\n\n<p>Na Europa e nos Estados Unidos, os oportunistas que encabe\u00e7aram os movimentos antivacinas se converteram em expoentes dos protestos contra a alta dos pre\u00e7os de energia. O pr\u00f3prio movimento de&nbsp;<a href=\"https:\/\/www1.folha.uol.com.br\/mercado\/2022\/11\/apos-discurso-de-bolsonaro-manifestantes-dizem-que-bloqueio-em-rodovia-continua.shtml\">caminhoneiros golpistas a favor de Jair Bolsonaro<\/a>&nbsp;tamb\u00e9m \u00e9 uma manifesta\u00e7\u00e3o da hiperdepend\u00eancia do Brasil do sistema rodovi\u00e1rio e da ind\u00fastria de carbono.<\/p>\n\n\n\n<p>A partir de agora, toda a pol\u00edtica \u00e9 pol\u00edtica clim\u00e1tica.<\/p>\n\n\n\n<p><sup>O projeto Planeta em Transe \u00e9 apoiado pela Open Society Foundations.<\/sup><\/p>\n","protected":false},"excerpt":{"rendered":"<p>Mudan\u00e7as sociais e globais levam terceiro mandato a ver na pol\u00edtica do clima uma oportunidade para novas alian\u00e7as e reformas program\u00e1ticas.<\/p>\n","protected":false},"author":1,"featured_media":0,"comment_status":"closed","ping_status":"open","sticky":false,"template":"","format":"standard","meta":{"_exactmetrics_skip_tracking":false,"_exactmetrics_sitenote_active":false,"_exactmetrics_sitenote_note":"","_exactmetrics_sitenote_category":0,"jetpack_post_was_ever_published":false,"_jetpack_newsletter_access":"","_jetpack_dont_email_post_to_subs":false,"_jetpack_newsletter_tier_id":0,"_jetpack_memberships_contains_paywalled_content":false,"_jetpack_memberships_contains_paid_content":false,"footnotes":"","jetpack_publicize_message":"","jetpack_publicize_feature_enabled":true,"jetpack_social_post_already_shared":true,"jetpack_social_options":{"image_generator_settings":{"template":"highway","enabled":false},"version":2}},"categories":[1],"tags":[],"class_list":["post-34289","post","type-post","status-publish","format-standard","hentry","category-notas"],"jetpack_publicize_connections":[],"jetpack_sharing_enabled":true,"jetpack_featured_media_url":"","jetpack_shortlink":"https:\/\/wp.me\/p7wKYW-8V3","jetpack-related-posts":[],"_links":{"self":[{"href":"http:\/\/blogdalucianaoliveira.com.br\/blog\/wp-json\/wp\/v2\/posts\/34289","targetHints":{"allow":["GET"]}}],"collection":[{"href":"http:\/\/blogdalucianaoliveira.com.br\/blog\/wp-json\/wp\/v2\/posts"}],"about":[{"href":"http:\/\/blogdalucianaoliveira.com.br\/blog\/wp-json\/wp\/v2\/types\/post"}],"author":[{"embeddable":true,"href":"http:\/\/blogdalucianaoliveira.com.br\/blog\/wp-json\/wp\/v2\/users\/1"}],"replies":[{"embeddable":true,"href":"http:\/\/blogdalucianaoliveira.com.br\/blog\/wp-json\/wp\/v2\/comments?post=34289"}],"version-history":[{"count":1,"href":"http:\/\/blogdalucianaoliveira.com.br\/blog\/wp-json\/wp\/v2\/posts\/34289\/revisions"}],"predecessor-version":[{"id":34291,"href":"http:\/\/blogdalucianaoliveira.com.br\/blog\/wp-json\/wp\/v2\/posts\/34289\/revisions\/34291"}],"wp:attachment":[{"href":"http:\/\/blogdalucianaoliveira.com.br\/blog\/wp-json\/wp\/v2\/media?parent=34289"}],"wp:term":[{"taxonomy":"category","embeddable":true,"href":"http:\/\/blogdalucianaoliveira.com.br\/blog\/wp-json\/wp\/v2\/categories?post=34289"},{"taxonomy":"post_tag","embeddable":true,"href":"http:\/\/blogdalucianaoliveira.com.br\/blog\/wp-json\/wp\/v2\/tags?post=34289"}],"curies":[{"name":"wp","href":"https:\/\/api.w.org\/{rel}","templated":true}]}}