{"id":34296,"date":"2022-11-04T08:47:44","date_gmt":"2022-11-04T12:47:44","guid":{"rendered":"http:\/\/blogdalucianaoliveira.com.br\/blog\/?p=34296"},"modified":"2022-11-04T08:47:52","modified_gmt":"2022-11-04T12:47:52","slug":"carta-ao-presidente-novo-governo-traz-otimismo-para-os-ambientalistas-e-indigenas","status":"publish","type":"post","link":"http:\/\/blogdalucianaoliveira.com.br\/blog\/2022\/11\/04\/carta-ao-presidente-novo-governo-traz-otimismo-para-os-ambientalistas-e-indigenas\/","title":{"rendered":"Carta ao presidente: Novo governo traz otimismo para os ambientalistas e ind\u00edgenas"},"content":{"rendered":"\n<figure class=\"wp-block-image size-large\"><img data-recalc-dims=\"1\" loading=\"lazy\" decoding=\"async\" width=\"300\" height=\"199\" data-attachment-id=\"34297\" data-permalink=\"http:\/\/blogdalucianaoliveira.com.br\/blog\/2022\/11\/04\/carta-ao-presidente-novo-governo-traz-otimismo-para-os-ambientalistas-e-indigenas\/ddd72a09-607b-4f14-b70b-445b66d77b5f\/\" data-orig-file=\"https:\/\/i0.wp.com\/blogdalucianaoliveira.com.br\/blog\/wp-content\/uploads\/2022\/11\/DDD72A09-607B-4F14-B70B-445B66D77B5F.jpeg?fit=300%2C199\" data-orig-size=\"300,199\" data-comments-opened=\"0\" data-image-meta=\"{&quot;aperture&quot;:&quot;0&quot;,&quot;credit&quot;:&quot;&quot;,&quot;camera&quot;:&quot;&quot;,&quot;caption&quot;:&quot;&quot;,&quot;created_timestamp&quot;:&quot;0&quot;,&quot;copyright&quot;:&quot;&quot;,&quot;focal_length&quot;:&quot;0&quot;,&quot;iso&quot;:&quot;0&quot;,&quot;shutter_speed&quot;:&quot;0&quot;,&quot;title&quot;:&quot;&quot;,&quot;orientation&quot;:&quot;0&quot;}\" data-image-title=\"DDD72A09-607B-4F14-B70B-445B66D77B5F\" data-image-description=\"\" data-image-caption=\"\" data-medium-file=\"https:\/\/i0.wp.com\/blogdalucianaoliveira.com.br\/blog\/wp-content\/uploads\/2022\/11\/DDD72A09-607B-4F14-B70B-445B66D77B5F.jpeg?fit=300%2C199\" data-large-file=\"https:\/\/i0.wp.com\/blogdalucianaoliveira.com.br\/blog\/wp-content\/uploads\/2022\/11\/DDD72A09-607B-4F14-B70B-445B66D77B5F.jpeg?fit=300%2C199\" src=\"https:\/\/i0.wp.com\/blogdalucianaoliveira.com.br\/blog\/wp-content\/uploads\/2022\/11\/DDD72A09-607B-4F14-B70B-445B66D77B5F.jpeg?resize=300%2C199\" alt=\"\" class=\"wp-image-34297\"\/><\/figure>\n\n\n\n<p>CNN &#8211; A vit\u00f3ria de Lula nas urnas trouxe alegria aos povos origin\u00e1rios e protetores da floresta; entre as promessas est\u00e1 zerar o desmatamento na Amaz\u00f4nia.<\/p>\n\n\n\n<!--more-->\n\n\n\n<p>Pela primeira vez o Atlas da Viol\u00eancia, elaborado a partir de uma parceria entre o F\u00f3rum Brasileiro de Seguran\u00e7a P\u00fablica (FBSP), o Instituto de Econ\u00f4mica Aplicada (Ipea) e o Instituto Jones dos Santos Neves (IJSN), traz dados sobre viol\u00eancia letal contra ind\u00edgenas. Mais de 2 mil ind\u00edgenas foram assassinados entre 2009 e 2019 no Brasil, os n\u00fameros t\u00eam como base o Sistema de Informa\u00e7\u00e3o sobre Mortalidade do Minist\u00e9rio da Sa\u00fade. Em dez anos, a taxa de mortes violentas de ind\u00edgenas aumentou 21,6%, saindo de 15 para 100 mil ind\u00edgenas, em 2009, para 18,3 mil, em 2019.<\/p>\n\n\n\n<p>Lula ter\u00e1 que enfrentar problemas de seguran\u00e7a, prote\u00e7\u00e3o ambiental e respeito aos povos origin\u00e1rios, principalmente ap\u00f3s o mundo olhar para o Brasil com a perda do indigenista Bruno Pereira e do jornalista ingl\u00eas Dom Phillips, assassinados na regi\u00e3o do Vale do Javari, em Atalaia do Norte, no Estado do Amazonas, no dia 5 de junho deste ano. O ato evidencia as anula\u00e7\u00f5es da pol\u00edtica indigenista durante o governo Bolsonaro e refor\u00e7a cr\u00edticas.<\/p>\n\n\n\n<ul class=\"wp-block-list\"><li><a href=\"https:\/\/www.cnnbrasil.com.br\/politica\/carta-ao-presidente-desafios-para-a-inclusao-de-pessoas-com-deficiencia\/\">Carta ao presidente: desafios para a inclus\u00e3o de pessoas com defici\u00eancia<\/a><\/li><li><a href=\"https:\/\/www.cnnbrasil.com.br\/politica\/carta-ao-presidente-o-que-nos-pretos-e-pardos-esperamos-de-voce-companheiro\/\">Carta ao presidente: o que (n\u00f3s, pretos e pardos) esperamos de voc\u00ea, companheiro!<\/a><\/li><li><a href=\"https:\/\/www.cnnbrasil.com.br\/politica\/lula-participa-da-cop-27-a-partir-do-dia-14-diz-gleisi-hoffmann-a-cnn\/\">Lula participa da COP27 a partir do dia 14, diz Gleisi Hoffmann \u00e0 CNN<\/a><\/li><\/ul>\n\n\n\n<p>Para Mahryan Sampaio, ativista clim\u00e1tica e diretora do Perifa Sustent\u00e1vel, a vit\u00f3ria de Lula \u00e9 para as minorias, ativistas e pessoas que lutam pelos direitos humanos uma grande vit\u00f3ria. \u201cQuando eu digo vit\u00f3ria, n\u00e3o \u00e9 s\u00f3 uma vit\u00f3ria do presidente Lula em si, ou s\u00f3 uma vit\u00f3ria do Partido dos Trabalhadores. Porque a gente j\u00e1 est\u00e1 h\u00e1 quatro anos lutando contra os retrocessos ao meio ambiente. Ent\u00e3o pra gente representa um sopro de esperan\u00e7a num Brasil em que a gente sabe, a gente tem consci\u00eancia de que n\u00e3o vai mudar de uma hora pra outra\u201d, afirma.<\/p>\n\n\n\n<p>A promessa da cria\u00e7\u00e3o de um minist\u00e9rio espec\u00edfico para tratar das quest\u00f5es dos povos origin\u00e1rios e que deve ser gerido por uma pessoa ind\u00edgena, tamb\u00e9m chama a aten\u00e7\u00e3o. \u201cN\u00e3o se trata por exemplo de convidar um preto, um amarelo para sentar-se \u00e0 mesa enquanto voc\u00ea fala, enquanto voc\u00ea legisla, enquanto voc\u00ea decide. \u00c9 a caneta, \u00e9 o poder de decis\u00e3o na m\u00e3o que mais sofre com a quest\u00e3o do meio ambiente. \u00c9 reconhecer tamb\u00e9m de forma muito clara toda a sua capacidade, porque s\u00e3o pessoas que vivem essas realidades todos os dias, que sofrem com o preconceito, com a opress\u00e3o, essas s\u00e3o as pessoas que mais precisam\u201d, destaca Mahryana.<\/p>\n\n\n\n<h2 class=\"wp-block-heading\">Proximidade com os povos origin\u00e1rios<\/h2>\n\n\n\n<p>Lula defende o fortalecimento de \u00f3rg\u00e3os como a Pol\u00edcia Federal, o Ibama e a Funai para uma atua\u00e7\u00e3o efetiva contra o desmatamento da Amaz\u00f4nia e outras regi\u00f5es e no combate ao garimpo ilegal.<\/p>\n\n\n\n<p>Em 2019, Bolsonaro assumiu a presid\u00eancia e o desmatamento j\u00e1 apresentava tend\u00eancia de alta. Mas foi durante seus quatro anos de mandato que a taxa medida anualmente pelo Inpe (Instituto Nacional de Pesquisas Espaciais) disparou de 7,5 mil km\u00b2 para 13 mil km\u00b2, uma alta de 73%.<\/p>\n\n\n\n<p>Erisvan Guajajara, comunicador ind\u00edgena da M\u00eddia \u00cdndia, ressalta que \u201cno governo Bolsonaro, ele n\u00e3o demarcou nenhum territ\u00f3rio. Alguns est\u00e3o em situa\u00e7\u00f5es de conflitos e podem ser demarcados, isso \u00e9 uma prioridade. Ent\u00e3o acho que a principal pauta mesmo \u00e9 essa da marca\u00e7\u00e3o dos territ\u00f3rios ind\u00edgenas e prote\u00e7\u00e3o do meio ambiente, a prote\u00e7\u00e3o da Amaz\u00f4nia\u201d. Erisvan tamb\u00e9m \u00e9 membro da Articula\u00e7\u00e3o dos Povos Ind\u00edgenas do Brasil (APIB), rede criada em 2005 com representa\u00e7\u00e3o em todos os estados brasileiros atrav\u00e9s das organiza\u00e7\u00f5es regionais: Coiab, Apoinme, Aty Guasu, Arpinsul, Arpinsudeste, Comiss\u00e3o Guarani Yvyrupa e o Conselho Do Povo Terena.<\/p>\n\n\n\n<p>Em seu discurso ap\u00f3s a vit\u00f3ria das elei\u00e7\u00f5es presidenciais, Lula destacou que \u201co Brasil est\u00e1 pronto para retomar o seu protagonismo na luta contra a crise clim\u00e1tica, protegendo todos os nossos biomas, sobretudo a Floresta Amaz\u00f4nica [\u2026] Agora, vamos lutar pelo desmatamento zero da Amaz\u00f4nia. O Brasil e o planeta precisam de uma Amaz\u00f4nia viva\u201d.<\/p>\n\n\n\n<p>Para Erisvan Guajajara, tudo precisa ser dialogado com as lideran\u00e7as ind\u00edgenas para escolher a melhor sa\u00edda. \u201cA gente est\u00e1 apostando que a democracia vai exercer dessa vez e n\u00f3s apostamos em dias melhores para os povos ind\u00edgenas\u201d, finaliza.<\/p>\n","protected":false},"excerpt":{"rendered":"<p>CNN &#8211; A vit\u00f3ria de Lula nas urnas trouxe alegria aos povos origin\u00e1rios e protetores da floresta; entre as promessas est\u00e1 zerar o desmatamento na Amaz\u00f4nia.<\/p>\n","protected":false},"author":1,"featured_media":0,"comment_status":"closed","ping_status":"open","sticky":false,"template":"","format":"standard","meta":{"_exactmetrics_skip_tracking":false,"_exactmetrics_sitenote_active":false,"_exactmetrics_sitenote_note":"","_exactmetrics_sitenote_category":0,"jetpack_post_was_ever_published":false,"_jetpack_newsletter_access":"","_jetpack_dont_email_post_to_subs":false,"_jetpack_newsletter_tier_id":0,"_jetpack_memberships_contains_paywalled_content":false,"_jetpack_memberships_contains_paid_content":false,"footnotes":"","jetpack_publicize_message":"","jetpack_publicize_feature_enabled":true,"jetpack_social_post_already_shared":true,"jetpack_social_options":{"image_generator_settings":{"template":"highway","enabled":false},"version":2}},"categories":[1],"tags":[],"class_list":["post-34296","post","type-post","status-publish","format-standard","hentry","category-notas"],"jetpack_publicize_connections":[],"jetpack_sharing_enabled":true,"jetpack_featured_media_url":"","jetpack_shortlink":"https:\/\/wp.me\/p7wKYW-8Va","jetpack-related-posts":[],"_links":{"self":[{"href":"http:\/\/blogdalucianaoliveira.com.br\/blog\/wp-json\/wp\/v2\/posts\/34296","targetHints":{"allow":["GET"]}}],"collection":[{"href":"http:\/\/blogdalucianaoliveira.com.br\/blog\/wp-json\/wp\/v2\/posts"}],"about":[{"href":"http:\/\/blogdalucianaoliveira.com.br\/blog\/wp-json\/wp\/v2\/types\/post"}],"author":[{"embeddable":true,"href":"http:\/\/blogdalucianaoliveira.com.br\/blog\/wp-json\/wp\/v2\/users\/1"}],"replies":[{"embeddable":true,"href":"http:\/\/blogdalucianaoliveira.com.br\/blog\/wp-json\/wp\/v2\/comments?post=34296"}],"version-history":[{"count":1,"href":"http:\/\/blogdalucianaoliveira.com.br\/blog\/wp-json\/wp\/v2\/posts\/34296\/revisions"}],"predecessor-version":[{"id":34298,"href":"http:\/\/blogdalucianaoliveira.com.br\/blog\/wp-json\/wp\/v2\/posts\/34296\/revisions\/34298"}],"wp:attachment":[{"href":"http:\/\/blogdalucianaoliveira.com.br\/blog\/wp-json\/wp\/v2\/media?parent=34296"}],"wp:term":[{"taxonomy":"category","embeddable":true,"href":"http:\/\/blogdalucianaoliveira.com.br\/blog\/wp-json\/wp\/v2\/categories?post=34296"},{"taxonomy":"post_tag","embeddable":true,"href":"http:\/\/blogdalucianaoliveira.com.br\/blog\/wp-json\/wp\/v2\/tags?post=34296"}],"curies":[{"name":"wp","href":"https:\/\/api.w.org\/{rel}","templated":true}]}}