{"id":34299,"date":"2022-11-04T08:54:40","date_gmt":"2022-11-04T12:54:40","guid":{"rendered":"http:\/\/blogdalucianaoliveira.com.br\/blog\/?p=34299"},"modified":"2022-11-04T08:54:49","modified_gmt":"2022-11-04T12:54:49","slug":"o-clima-no-centro-do-governo-lula","status":"publish","type":"post","link":"http:\/\/blogdalucianaoliveira.com.br\/blog\/2022\/11\/04\/o-clima-no-centro-do-governo-lula\/","title":{"rendered":"O CLIMA NO CENTRO DO GOVERNO LULA"},"content":{"rendered":"\n<figure class=\"wp-block-image size-large\"><img loading=\"lazy\" decoding=\"async\" width=\"1056\" height=\"726\" data-attachment-id=\"34300\" data-permalink=\"http:\/\/blogdalucianaoliveira.com.br\/blog\/2022\/11\/04\/o-clima-no-centro-do-governo-lula\/e74c9441-6154-498d-8c6a-93fd2ee1702d\/\" data-orig-file=\"https:\/\/i0.wp.com\/blogdalucianaoliveira.com.br\/blog\/wp-content\/uploads\/2022\/11\/E74C9441-6154-498D-8C6A-93FD2EE1702D.jpeg?fit=1056%2C726\" data-orig-size=\"1056,726\" data-comments-opened=\"0\" data-image-meta=\"{&quot;aperture&quot;:&quot;0&quot;,&quot;credit&quot;:&quot;&quot;,&quot;camera&quot;:&quot;&quot;,&quot;caption&quot;:&quot;&quot;,&quot;created_timestamp&quot;:&quot;0&quot;,&quot;copyright&quot;:&quot;&quot;,&quot;focal_length&quot;:&quot;0&quot;,&quot;iso&quot;:&quot;0&quot;,&quot;shutter_speed&quot;:&quot;0&quot;,&quot;title&quot;:&quot;&quot;,&quot;orientation&quot;:&quot;1&quot;}\" data-image-title=\"E74C9441-6154-498D-8C6A-93FD2EE1702D\" data-image-description=\"\" data-image-caption=\"\" data-medium-file=\"https:\/\/i0.wp.com\/blogdalucianaoliveira.com.br\/blog\/wp-content\/uploads\/2022\/11\/E74C9441-6154-498D-8C6A-93FD2EE1702D.jpeg?fit=300%2C206\" data-large-file=\"https:\/\/i0.wp.com\/blogdalucianaoliveira.com.br\/blog\/wp-content\/uploads\/2022\/11\/E74C9441-6154-498D-8C6A-93FD2EE1702D.jpeg?fit=600%2C413\" src=\"https:\/\/i0.wp.com\/blogdalucianaoliveira.com.br\/blog\/wp-content\/uploads\/2022\/11\/E74C9441-6154-498D-8C6A-93FD2EE1702D.jpeg?fit=600%2C413\" alt=\"\" class=\"wp-image-34300\" srcset=\"https:\/\/i0.wp.com\/blogdalucianaoliveira.com.br\/blog\/wp-content\/uploads\/2022\/11\/E74C9441-6154-498D-8C6A-93FD2EE1702D.jpeg?w=1056 1056w, https:\/\/i0.wp.com\/blogdalucianaoliveira.com.br\/blog\/wp-content\/uploads\/2022\/11\/E74C9441-6154-498D-8C6A-93FD2EE1702D.jpeg?resize=300%2C206 300w, https:\/\/i0.wp.com\/blogdalucianaoliveira.com.br\/blog\/wp-content\/uploads\/2022\/11\/E74C9441-6154-498D-8C6A-93FD2EE1702D.jpeg?resize=1024%2C704 1024w, https:\/\/i0.wp.com\/blogdalucianaoliveira.com.br\/blog\/wp-content\/uploads\/2022\/11\/E74C9441-6154-498D-8C6A-93FD2EE1702D.jpeg?resize=768%2C528 768w, https:\/\/i0.wp.com\/blogdalucianaoliveira.com.br\/blog\/wp-content\/uploads\/2022\/11\/E74C9441-6154-498D-8C6A-93FD2EE1702D.jpeg?resize=436%2C300 436w\" sizes=\"auto, (max-width: 600px) 100vw, 600px\" \/><\/figure>\n\n\n\n<p>Confirma\u00e7\u00e3o da ida do presidente eleito \u00e0 confer\u00eancia do Egito sinaliza a import\u00e2ncia que a crise clim\u00e1tica ter\u00e1 em seu mandatoBernardo Esteves.<\/p>\n\n\n\n<!--more-->\n\n\n\n<p>Revista Piau\u00ed &#8211; <strong>O<\/strong>presidente eleito Luiz In\u00e1cio Lula da Silva confirmou que ir\u00e1 \u00e0 COP27, a Confer\u00eancia do Clima das Na\u00e7\u00f5es Unidas, que acontece a partir de domingo, 6 de novembro, na cidade de Sharm el-Sheikh, no Egito. O gesto indica a centralidade que o debate sobre a crise clim\u00e1tica ter\u00e1 em seu governo, em contraste com\u00a0<a href=\"https:\/\/piaui.folha.uol.com.br\/materia\/o-meio-ambiente-como-estorvo\/\">o papel secund\u00e1rio que o tema vem recebendo<\/a>\u00a0durante o governo de Jair Bolsonaro.<\/p>\n\n\n\n<p>\u201cO meio ambiente e a agenda clim\u00e1tica viraram temas centrais para o futuro governo Lula, especialmente depois da ades\u00e3o de Marina Silva e Simone Tebet\u201d, disse \u00e0&nbsp;<strong>piau\u00ed&nbsp;<\/strong>Natalie Unterstell, especialista em pol\u00edtica ambiental e presidente do Instituto Talanoa. \u201cO an\u00fancio da ida \u00e0 COP \u00e9 uma sinaliza\u00e7\u00e3o excelente. A primeira visita dele a outro pa\u00eds ser\u00e1 justamente para tratar da agenda clim\u00e1tica, em uma na\u00e7\u00e3o&nbsp; em desenvolvimento no continente africano.\u201d<\/p>\n\n\n\n<p>Lula vai \u00e0 confer\u00eancia a convite tanto do presidente do Egito, Abdel Fattah al-Sisi, quanto do Cons\u00f3rcio de Governadores da Amaz\u00f4nia Legal. Ainda sem ter assumido o mandato que conquistou nas urnas, o presidente eleito vai se juntar aos cerca de noventa l\u00edderes internacionais que confirmaram presen\u00e7a na COP27, uma lista que inclui o norte-americano Joe Biden, o franc\u00eas Emmanuel Macron e o brit\u00e2nico Rishi Sunak.<\/p>\n\n\n\n<p>J\u00e1 o presidente Bolsonaro, que&nbsp;<a href=\"https:\/\/piaui.folha.uol.com.br\/materia\/o-fabulador-oculto\/\">se alinha com negacionistas da crise clim\u00e1tica<\/a>, nunca foi a uma confer\u00eancia do clima da ONU. O Brasil deveria ter sediado a COP de 2019, mas o Itamaraty alegou que o pa\u00eds n\u00e3o poderia receber o evento depois que Bolsonaro foi eleito em 2018. Durante aquela campanha, ele cogitou&nbsp;<a href=\"https:\/\/piaui.folha.uol.com.br\/e-se-o-brasil-sair-do-acordo-de-paris\/\">a sa\u00edda do Brasil do Acordo de Paris<\/a>, em que quase duzentos pa\u00edses se comprometeram a agir para frear o aquecimento global.<\/p>\n\n\n\n<p>Espera-se que Lula anuncie durante a confer\u00eancia o nome que assumir\u00e1 o Minist\u00e9rio do Meio Ambiente, pasta que tem papel central no combate ao desmatamento e \u00e0 crise clim\u00e1tica. Muitos pol\u00edticos e ambientalistas apostam que Marina Silva, que ocupou o cargo na primeira passagem do petista pelo Pal\u00e1cio do Planalto, pode voltar \u00e0 Esplanada dos Minist\u00e9rios. Eleita deputada federal pela Rede-SP, Silva esteve \u00e0 frente da implementa\u00e7\u00e3o de um plano de combate ao desmatamento na Amaz\u00f4nia que reduziu a taxa em 80% entre 2004 e 2012.<\/p>\n\n\n\n<p>Outros nomes que aparecem cotados para a pasta s\u00e3o o da bi\u00f3loga e ambientalista Izabella Teixeira, que ocupou o cargo durante seis\u00a0 anos nos governos de Lula e Dilma Rousseff, e o do senador Randolfe Rodrigues, da Rede-AP, que foi um dos coordenadores da campanha de Lula.<\/p>\n\n\n\n<p>No entorno de Lula, cogita-se tamb\u00e9m a cria\u00e7\u00e3o de uma secretaria para o enfrentamento da emerg\u00eancia clim\u00e1tica, que responderia diretamente \u00e0 Presid\u00eancia e coordenaria pol\u00edticas p\u00fablicas envolvendo v\u00e1rios minist\u00e9rios. \u201cA gente precisa de fato de uma autoridade clim\u00e1tica que olhe para a agenda do clima de forma transversal, para al\u00e9m do combate ao desmatamento, e que lide com quest\u00f5es como o pre\u00e7o do carbono\u201d, avalia Natalie Unterstell.<\/p>\n\n\n\n<p><strong>A<\/strong>quest\u00e3o ambiental foi um tema central do discurso que Lula leu ap\u00f3s ter sua vit\u00f3ria no segundo turno declarada pelo Tribunal Superior Eleitoral (TSE). \u201cO Brasil est\u00e1 pronto para retomar o seu protagonismo na luta contra a crise clim\u00e1tica, protegendo todos os nossos biomas, sobretudo a floresta amaz\u00f4nica\u201d, disse o presidente eleito. Lula comprometeu-se ainda a lutar contra o garimpo e outras atividades ilegais,&nbsp; proteger os povos ind\u00edgenas, retomar o monitoramento da Amaz\u00f4nia e lutar pelo desmatamento zero do bioma.<\/p>\n\n\n\n<p>\u201cNesse discurso Lula deu os termos de refer\u00eancia para a agenda de meio ambiente, Amaz\u00f4nia e mudan\u00e7as clim\u00e1ticas nesses pr\u00f3ximos quatro anos\u201d, disse \u00e0\u00a0<strong>piau\u00ed\u00a0<\/strong>o engenheiro florestal Tasso Azevedo. \u201cSe o que foi colocado ali for mesmo aplicado, certamente conseguiremos bater com tranquilidade a meta do Brasil no Acordo de Paris.\u201d O compromisso que o pa\u00eds assumiu prev\u00ea a redu\u00e7\u00e3o de 50% das emiss\u00f5es de gases do efeito estufa em rela\u00e7\u00e3o aos n\u00edveis de 2005, entre outras a\u00e7\u00f5es.<\/p>\n\n\n\n<p>No entanto, durante o governo Bolsonaro o Brasil se distanciou do cumprimento dessa meta, conforme mostraram dados apresentados esta semana pelo Sistema de Estimativas de Emiss\u00f5es e Remo\u00e7\u00f5es de Gases do Efeito Estufa (<a href=\"http:\/\/seeg.eco.br\/\">SEEG<\/a>), coordenado por Azevedo. Os n\u00fameros indicam que as emiss\u00f5es brasileiras de 2021 cresceram 12% em rela\u00e7\u00e3o ao ano anterior, o maior aumento em dezenove anos. \u201cDesde 1990 n\u00e3o t\u00ednhamos o aumento das emiss\u00f5es ao longo de quatro anos seguidos\u201d, disse Azevedo.<\/p>\n\n\n\n<p>O principal fator por tr\u00e1s do aumento das emiss\u00f5es brasileiras \u00e9 o aumento do desmatamento na Amaz\u00f4nia, que passou de 13 mil km2&nbsp;no ano passado, o maior valor em quinze anos. O desmatamento em todos os biomas responde por 49% dos gases do efeito estufa que o Brasil lan\u00e7ou na atmosfera em 2021. Em seguida v\u00eam a agropecu\u00e1ria, respons\u00e1vel por 25% das emiss\u00f5es, e o setor de energia, com 18% do total. Os n\u00fameros colocam o Brasil como o quinto maior emissor mundial de gases do efeito estufa, atr\u00e1s de China, Estados Unidos, \u00cdndia e R\u00fassia.<\/p>\n\n\n\n<p>Mas a alta do desmatamento n\u00e3o \u00e9 a \u00fanica raz\u00e3o por tr\u00e1s do aumento. \u201cSurpreendeu que houvesse um aumento expressivo em praticamente todos os setores\u201d, disse Azevedo. No setor de energia, por exemplo, o crescimento das emiss\u00f5es foi motivado por fatores como a crise h\u00eddrica que levou ao acionamento de usinas termel\u00e9tricas que usam combust\u00edveis f\u00f3sseis para a gera\u00e7\u00e3o de eletricidade.<\/p>\n\n\n\n<p>De acordo com os n\u00fameros do SEEG, o Brasil teve emiss\u00f5es brutas de 2 423 milh\u00f5es de toneladas de CO2&nbsp;equivalente (essa unidade \u00e9 usada para equiparar o efeito dos diferentes gases do efeito estufa). Se forem contadas apenas as emiss\u00f5es l\u00edquidas \u2013 que levam em conta o g\u00e1s carb\u00f4nico capturado da atmosfera pelas florestas \u2013, o n\u00famero chega a 1 756 milh\u00f5es de toneladas de CO2e. Esse n\u00famero \u00e9 37% maior do que a meta que o Brasil assumiu para 2030, que \u00e9 de emitir 1 281 milh\u00f5es de toneladas de CO2e.<\/p>\n\n\n\n<p>E a expectativa \u00e9 de que as emiss\u00f5es de 2022 sejam ainda maiores que as do ano passado, j\u00e1 que o desmatamento segue em tend\u00eancia de alta. \u201cTemos um governo que se revelou uma verdadeira bomba clim\u00e1tica, uma m\u00e1quina de gerar aquecimento global e de jogar carbono para a atmosfera no planeta\u201d, disse o ambientalista M\u00e1rcio Astrini no evento de lan\u00e7amento dos dados do SEEG. \u201cO governo abandonou a agenda de clima e fez tudo o que podia para destruir a governan\u00e7a ambiental do pa\u00eds, especialmente na Amaz\u00f4nia, que \u00e9 o nosso maior foco de emiss\u00f5es\u201d, continuou Astrini, que \u00e9 secret\u00e1rio executivo do Observat\u00f3rio do Clima.<\/p>\n\n\n\n<p>Os principais desafios do Brasil para o enfrentamento da crise clim\u00e1tica foram o tema da segunda temporada do podcast&nbsp;<em>A Terra \u00e9 redonda (mesmo)<\/em>. Os oito epis\u00f3dios est\u00e3o dispon\u00edveis no&nbsp;<a href=\"https:\/\/piaui.folha.uol.com.br\/radio-piaui\/terra-e-redonda\">site da&nbsp;<strong>piau\u00ed<\/strong><\/a>&nbsp;e nos principais tocadores de podcast.<\/p>\n","protected":false},"excerpt":{"rendered":"<p>Confirma\u00e7\u00e3o da ida do presidente eleito \u00e0 confer\u00eancia do Egito sinaliza a import\u00e2ncia que a crise clim\u00e1tica ter\u00e1 em seu mandatoBernardo Esteves.<\/p>\n","protected":false},"author":1,"featured_media":0,"comment_status":"closed","ping_status":"open","sticky":false,"template":"","format":"standard","meta":{"_exactmetrics_skip_tracking":false,"_exactmetrics_sitenote_active":false,"_exactmetrics_sitenote_note":"","_exactmetrics_sitenote_category":0,"jetpack_post_was_ever_published":false,"_jetpack_newsletter_access":"","_jetpack_dont_email_post_to_subs":false,"_jetpack_newsletter_tier_id":0,"_jetpack_memberships_contains_paywalled_content":false,"_jetpack_memberships_contains_paid_content":false,"footnotes":"","jetpack_publicize_message":"","jetpack_publicize_feature_enabled":true,"jetpack_social_post_already_shared":true,"jetpack_social_options":{"image_generator_settings":{"template":"highway","enabled":false},"version":2}},"categories":[1],"tags":[],"class_list":["post-34299","post","type-post","status-publish","format-standard","hentry","category-notas"],"jetpack_publicize_connections":[],"jetpack_sharing_enabled":true,"jetpack_featured_media_url":"","jetpack_shortlink":"https:\/\/wp.me\/p7wKYW-8Vd","jetpack-related-posts":[],"_links":{"self":[{"href":"http:\/\/blogdalucianaoliveira.com.br\/blog\/wp-json\/wp\/v2\/posts\/34299","targetHints":{"allow":["GET"]}}],"collection":[{"href":"http:\/\/blogdalucianaoliveira.com.br\/blog\/wp-json\/wp\/v2\/posts"}],"about":[{"href":"http:\/\/blogdalucianaoliveira.com.br\/blog\/wp-json\/wp\/v2\/types\/post"}],"author":[{"embeddable":true,"href":"http:\/\/blogdalucianaoliveira.com.br\/blog\/wp-json\/wp\/v2\/users\/1"}],"replies":[{"embeddable":true,"href":"http:\/\/blogdalucianaoliveira.com.br\/blog\/wp-json\/wp\/v2\/comments?post=34299"}],"version-history":[{"count":1,"href":"http:\/\/blogdalucianaoliveira.com.br\/blog\/wp-json\/wp\/v2\/posts\/34299\/revisions"}],"predecessor-version":[{"id":34301,"href":"http:\/\/blogdalucianaoliveira.com.br\/blog\/wp-json\/wp\/v2\/posts\/34299\/revisions\/34301"}],"wp:attachment":[{"href":"http:\/\/blogdalucianaoliveira.com.br\/blog\/wp-json\/wp\/v2\/media?parent=34299"}],"wp:term":[{"taxonomy":"category","embeddable":true,"href":"http:\/\/blogdalucianaoliveira.com.br\/blog\/wp-json\/wp\/v2\/categories?post=34299"},{"taxonomy":"post_tag","embeddable":true,"href":"http:\/\/blogdalucianaoliveira.com.br\/blog\/wp-json\/wp\/v2\/tags?post=34299"}],"curies":[{"name":"wp","href":"https:\/\/api.w.org\/{rel}","templated":true}]}}