{"id":34305,"date":"2022-11-06T20:44:14","date_gmt":"2022-11-07T00:44:14","guid":{"rendered":"http:\/\/blogdalucianaoliveira.com.br\/blog\/?p=34305"},"modified":"2022-11-06T20:44:20","modified_gmt":"2022-11-07T00:44:20","slug":"eleito-ha-uma-semana-lula-ja-fez-mais-pela-amazonia-do-que-bolsonaro-em-4-anos","status":"publish","type":"post","link":"http:\/\/blogdalucianaoliveira.com.br\/blog\/2022\/11\/06\/eleito-ha-uma-semana-lula-ja-fez-mais-pela-amazonia-do-que-bolsonaro-em-4-anos\/","title":{"rendered":"Eleito h\u00e1 uma semana, Lula j\u00e1 fez mais pela Amaz\u00f4nia do que Bolsonaro em 4 anos"},"content":{"rendered":"\n<figure class=\"wp-block-image size-large\"><img data-recalc-dims=\"1\" loading=\"lazy\" decoding=\"async\" width=\"600\" height=\"394\" data-attachment-id=\"34306\" data-permalink=\"http:\/\/blogdalucianaoliveira.com.br\/blog\/2022\/11\/06\/eleito-ha-uma-semana-lula-ja-fez-mais-pela-amazonia-do-que-bolsonaro-em-4-anos\/64396a89-b720-48fc-8646-69faa53e00c3\/\" data-orig-file=\"https:\/\/i0.wp.com\/blogdalucianaoliveira.com.br\/blog\/wp-content\/uploads\/2022\/11\/64396A89-B720-48FC-8646-69FAA53E00C3.jpeg?fit=800%2C525\" data-orig-size=\"800,525\" data-comments-opened=\"0\" data-image-meta=\"{&quot;aperture&quot;:&quot;0&quot;,&quot;credit&quot;:&quot;&quot;,&quot;camera&quot;:&quot;&quot;,&quot;caption&quot;:&quot;&quot;,&quot;created_timestamp&quot;:&quot;0&quot;,&quot;copyright&quot;:&quot;&quot;,&quot;focal_length&quot;:&quot;0&quot;,&quot;iso&quot;:&quot;0&quot;,&quot;shutter_speed&quot;:&quot;0&quot;,&quot;title&quot;:&quot;&quot;,&quot;orientation&quot;:&quot;0&quot;}\" data-image-title=\"64396A89-B720-48FC-8646-69FAA53E00C3\" data-image-description=\"\" data-image-caption=\"\" data-medium-file=\"https:\/\/i0.wp.com\/blogdalucianaoliveira.com.br\/blog\/wp-content\/uploads\/2022\/11\/64396A89-B720-48FC-8646-69FAA53E00C3.jpeg?fit=300%2C197\" data-large-file=\"https:\/\/i0.wp.com\/blogdalucianaoliveira.com.br\/blog\/wp-content\/uploads\/2022\/11\/64396A89-B720-48FC-8646-69FAA53E00C3.jpeg?fit=600%2C394\" src=\"https:\/\/i0.wp.com\/blogdalucianaoliveira.com.br\/blog\/wp-content\/uploads\/2022\/11\/64396A89-B720-48FC-8646-69FAA53E00C3.jpeg?resize=600%2C394\" alt=\"\" class=\"wp-image-34306\" srcset=\"https:\/\/i0.wp.com\/blogdalucianaoliveira.com.br\/blog\/wp-content\/uploads\/2022\/11\/64396A89-B720-48FC-8646-69FAA53E00C3.jpeg?w=800 800w, https:\/\/i0.wp.com\/blogdalucianaoliveira.com.br\/blog\/wp-content\/uploads\/2022\/11\/64396A89-B720-48FC-8646-69FAA53E00C3.jpeg?resize=300%2C197 300w, https:\/\/i0.wp.com\/blogdalucianaoliveira.com.br\/blog\/wp-content\/uploads\/2022\/11\/64396A89-B720-48FC-8646-69FAA53E00C3.jpeg?resize=768%2C504 768w, https:\/\/i0.wp.com\/blogdalucianaoliveira.com.br\/blog\/wp-content\/uploads\/2022\/11\/64396A89-B720-48FC-8646-69FAA53E00C3.jpeg?resize=457%2C300 457w\" sizes=\"auto, (max-width: 600px) 100vw, 600px\" \/><\/figure>\n\n\n\n<h4 class=\"wp-block-heading\">Semana foi marcada por volta do Fundo Amaz\u00f4nia, convite para Lula ir \u00e0 C\u00fapula do Clima e otimismo dentro e fora do pa\u00eds<\/h4>\n\n\n\n<!--more-->\n\n\n\n<p>Murilo Pajolla\u00a0&#8211; Brasil de Fato | L\u00e1brea (AM)<\/p>\n\n\n\n<p>O governo de Luiz In\u00e1cio Lula da Silva (PT) nem come\u00e7ou, mas os reflexos de sua elei\u00e7\u00e3o&nbsp;na \u00e1rea ambiental j\u00e1 come\u00e7aram a aparecer. Durante a campanha, o petista j\u00e1 havia se comprometido em desfazer o desmonte da pol\u00edtica ambiental promovido pelo governo de Jair Bolsonaro (PL).<\/p>\n\n\n\n<p>A semana seguinte ao resultado eleitoral foi marcada por sinaliza\u00e7\u00f5es positivas de pa\u00edses parceiros na preserva\u00e7\u00e3o ambiental. Houve ainda manifesta\u00e7\u00f5es de organiza\u00e7\u00f5es dos povos ind\u00edgenas e de ONGs que atuam na preserva\u00e7\u00e3o da Amaz\u00f4nia. As entidades preveem uma virada positiva no combate ao desmatamento, mas prometem cobrar a\u00e7\u00f5es efetivas do novo governo.<\/p>\n\n\n\n<p>Fundo Amaz\u00f4nia reativado&nbsp;<\/p>\n\n\n\n<p>Do ponto de vista pr\u00e1tico, o principal efeito do resultado das urnas \u00e9 a reativa\u00e7\u00e3o do Fundo Amaz\u00f4nia, a maior pol\u00edtica financeira de preserva\u00e7\u00e3o ambiental do mundo. H\u00e1 R$ 3,2 bilh\u00f5es parados \u00e0 espera de um governo que queira investir na preserva\u00e7\u00e3o do bioma. Os projetos incluem&nbsp;regulariza\u00e7\u00e3o de im\u00f3veis rurais, aperfei\u00e7oamento de monitoramento por sat\u00e9lite, combate a inc\u00eandios e est\u00edmulo \u00e0 economia sustent\u00e1vel. O dinheiro financia projetos conduzidos ONGs, governos municipais e estaduais, al\u00e9m de \u00f3rg\u00e3os federais, como Funai e Ibama.<\/p>\n\n\n\n<p>Agora, tudo indica que o Fundo Amaz\u00f4nia voltar\u00e1 a receber recursos. Um dia ap\u00f3s a vit\u00f3ria de Lula, a Noruega, maior doador do Fundo, afirmou que vai reativar os repasses. No dia seguinte, foi a vez da Alemanha sinalizar que deve desbloquear as verbas a partir de 2023. Os pa\u00edses, \u00fanicos financiadores da iniciativa, est\u00e3o preocupados com o papel das queimadas no agravamento da crise clim\u00e1tica.&nbsp;<\/p>\n\n\n\n<p>O Fundo Amaz\u00f4nia foi sabotado em 2019 pelo ent\u00e3o ministro do Meio Ambiente Ricardo Salles, que extinguiu os comit\u00eas gestores respons\u00e1veis por definir a destina\u00e7\u00e3o dos recursos. O governo Bolsonaro queria passe livre para usar o dinheiro para indenizar propriet\u00e1rios de terras englobadas por unidades de conserva\u00e7\u00e3o, mas os pa\u00edses financiadores n\u00e3o concordaram.&nbsp;<\/p>\n\n\n\n<p>&#8220;Tivemos uma colabora\u00e7\u00e3o muito boa e pr\u00f3xima com o governo antes de Bolsonaro, e o desmatamento no Brasil caiu muito sob a presid\u00eancia de Lula. Depois tivemos a colis\u00e3o frontal com Bolsonaro, cuja abordagem era diametralmente oposta em termos de desmatamento&#8221;, explicou o ministro noruegu\u00eas do Meio Ambiente, Espen Barth Eide.<\/p>\n\n\n\n<p>Os mais de R$ 3 bilh\u00f5es que j\u00e1 est\u00e3o parados no Fundo Amaz\u00f4nia poder\u00e3o ser destravados ainda em 2022, caso o governo Bolsonaro cumpra a determina\u00e7\u00e3o do Supremo Tribunal Federal (STF) expedida na quinta-feira (3). Por 10 votos a 1, os ministros acataram uma a\u00e7\u00e3o proposta por partidos do campo democr\u00e1tico e ordenaram que o governo federal reative o Fundo em 60 dias. Apenas o ministro K\u00e1ssio Nunes Marques, indicado por Bolsonaro, divergiu do teor da a\u00e7\u00e3o, que considera a administra\u00e7\u00e3o Bolsonaro omissa por engavetar os recursos.&nbsp;<\/p>\n\n\n\n<p>&#8220;\u00c9 muito bom que a Justi\u00e7a tenha determinado a recomposi\u00e7\u00e3o dos comit\u00eas, mas esse \u00e9 apenas um dos pilares. N\u00e3o \u00e9 suficiente, porque \u00e9 preciso reduzir o desmatamento. Mas este governo est\u00e1 acabando, espero que o pr\u00f3ximo retome os princ\u00edpios originais&#8221;, disse Carlos Minc, ent\u00e3o ministro do Meio Ambiente em 2008, quando o Fundo foi lan\u00e7ado.<\/p>\n\n\n\n<p>Ind\u00edgenas celebram&nbsp;<\/p>\n\n\n\n<p>O entusiasmo com a vit\u00f3ria de Lula apareceu tamb\u00e9m nas manifesta\u00e7\u00f5es de organiza\u00e7\u00f5es ind\u00edgenas. &#8220;Vamos reconstruir o Brasil!&#8221;, publicou no Twitter a Articula\u00e7\u00e3o dos Povos Ind\u00edgenas do Brasil (Apib), que apoiou formalmente a candidatura do petista. Na linha de frente da preserva\u00e7\u00e3o ambiental, os povos origin\u00e1rios pagaram com as vidas pelo desmonte das pol\u00edticas ambientais do governo Bolsonaro.<\/p>\n\n\n\n<p>&nbsp;A Apib tem em sua base centenas de organiza\u00e7\u00f5es ind\u00edgenas regionais e locais espalhadas pelo territ\u00f3rio brasileiro. O apoio deu legitimidade a Lula para representar os anseios dos mais de 1 milh\u00e3o de ind\u00edgenas de todo o Brasil. O petista prometeu durante a campanha criar um minist\u00e9rio dos povos origin\u00e1rios, e uma das cotadas seria a primeira deputada estadual ind\u00edgena eleita por S\u00e3o Paulo, S\u00f4nia Guajajara (Psol), coordenadora executiva da Apib.&nbsp;<\/p>\n\n\n\n<p>No exterior, Lula j\u00e1 \u00e9 presidente&nbsp;<\/p>\n\n\n\n<p>O hist\u00f3rico e as inten\u00e7\u00f5es de Lula o levaram a ser convidado, mesmo antes de assumir a presid\u00eancia, a participar da tradicional C\u00fapula do Clima, cuja 27\u00aa edi\u00e7\u00e3o ser\u00e1 realizada em novembro, no Egito. O convite para a COP27&nbsp;foi feito pelo pa\u00eds anfitri\u00e3o e pelo Cons\u00f3rcio de Governadores da Amaz\u00f4nia Legal.<\/p>\n\n\n\n<p>Com isso, Lula poder\u00e1 come\u00e7ar desde j\u00e1 a articular acordos internacionais de combate ao desmatamento e redu\u00e7\u00e3o na emiss\u00e3o de gases que causam as mudan\u00e7as clim\u00e1ticas, isolando ainda mais Bolsonaro. Durante o evento, o petista ser\u00e1, na pr\u00e1tica, o presidente do Brasil.<\/p>\n\n\n\n<p>As passagens de Bolsonaro pelo evento, que ocorre anualmente, foram desastrosas, marcadas por mentiras sobre os \u00edndices de desmatamento e promessas n\u00e3o cumpridas.<\/p>\n\n\n\n<p>Brasil voltar\u00e1 ao protagonismo na agenda clim\u00e1tica&nbsp;<\/p>\n\n\n\n<p>A reaproxima\u00e7\u00e3o entre Lula e a ex-ministra do Meio Ambiente Marina Silva (Rede), s\u00edmbolo da luta socioambiental no pa\u00eds, serviu para consolidar o apoio de especialistas, pesquisadores e ONGs. Marina comandou o Minist\u00e9rio do Meio Ambiente no per\u00edodo do governo petista em que o desmatamento caiu 70% na Amaz\u00f4nia. N\u00e3o foi apenas a maior queda j\u00e1 registrada na devasta\u00e7\u00e3o ambiental, mas tamb\u00e9m uma das maiores redu\u00e7\u00f5es de emiss\u00f5es de gases do efeito estufa j\u00e1 operadas na hist\u00f3ria recente, o que levou o Brasil a se transformar em um protagonista na agenda clim\u00e1tica. No governo Lula, o Brasil foi o primeiro pa\u00eds em desenvolvimento a assumir voluntariamente uma meta de redu\u00e7\u00e3o de emiss\u00f5es.<\/p>\n\n\n\n<p>&#8220;E essa atitude do governo Lula acabou mobilizando a China para essa posi\u00e7\u00e3o. Ela tamb\u00e9m apresentou uma meta de redu\u00e7\u00e3o. E a postura desses pa\u00edses, com o peso que eles t\u00eam, elevou o patamar de consenso internacional sobre o enfrentamento \u00e0s mudan\u00e7as clim\u00e1ticas para o acordo de Paris, que foi uma mudan\u00e7a muito importante&#8221;, explica o s\u00f3cio-fundador do Instituto Socioambiental (ISA), M\u00e1rcio Santilli.<\/p>\n\n\n\n<p>Otimismo das principais ONGs ambientais&nbsp;<\/p>\n\n\n\n<p>O Greenpeace, uma das organiza\u00e7\u00f5es pioneiras na quest\u00e3o socioambiental, afirmou que o governo Lula ter\u00e1 que promover uma profunda reconstru\u00e7\u00e3o de todas as pol\u00edticas ambientais sabotadas por Bolsonaro. &#8220;Tamb\u00e9m sabemos que a composi\u00e7\u00e3o do Congresso Nacional continua representando amea\u00e7as \u00e0 pauta social e ambiental, e, para mudarmos os rumos do pa\u00eds, ser\u00e1 preciso que os compromissos assumidos por Lula saiam do campo das promessas e sejam concretizados&#8221;, publicou a ONG.<\/p>\n\n\n\n<p>Outra ONG de relev\u00e2ncia mundial, a WWF declarou que o resultado das urnas prova que os brasileiros querem a prote\u00e7\u00e3o da natureza. A entidade reconheceu que os esfor\u00e7os do futuro governo devem se concentrar no combate \u00e0 fome, mas frisou que a quest\u00e3o socioambiental \u00e9 t\u00e3o urgente quanto a inseguran\u00e7a alimentar.&nbsp;<\/p>\n\n\n\n<p>\u201cO duplo desafio de combater a fome de hoje e a fome de amanh\u00e3 exigem a converg\u00eancia do desenvolvimento econ\u00f4mico com a sustentabilidade e a preserva\u00e7\u00e3o ambiental, motivo pelo qual acreditamos que Lula liderar\u00e1 essa agenda, podendo deixar um valioso legado para o pa\u00eds\u201d, escreveu a WWF.&nbsp;&nbsp;<\/p>\n\n\n\n<p>Desmatamento zero \u00e9 poss\u00edvel, diz Marina<\/p>\n\n\n\n<p>Uma das propostas mais ambiciosas de Lula \u00e9 atingir o &#8220;desmatamento zero&#8221;&nbsp;na Amaz\u00f4nia. O ex-metal\u00fargico falou em retomar o monitoramento e a vigil\u00e2ncia no bioma, al\u00e9m de combater toda e qualquer atividade ilegal. &#8220;Seja garimpo, minera\u00e7\u00e3o, extra\u00e7\u00e3o de madeira ou ocupa\u00e7\u00e3o agropecu\u00e1ria indevida&#8221;, disse. A proposta \u00e9 ousada, mas fact\u00edvel, segundo Marina Silva. &#8220;N\u00f3s sabemos como fazer [diminuir o desmatamento]&#8221;,&nbsp;garantiu a ex-ministra de Lula ao programa&nbsp;<a href=\"https:\/\/www.youtube.com\/watch?v=RfdLvSFz7iI&amp;t=3241s\" target=\"_blank\" rel=\"noreferrer noopener\">BdF Entrevista&nbsp;<\/a>exibido no come\u00e7o de outubro.&nbsp;<\/p>\n\n\n\n<figure><iframe loading=\"lazy\" allowfullscreen=\"\" height=\"315\" src=\"https:\/\/www.youtube.com\/embed\/eGBwk2TFo6Q\" width=\"560\"><\/iframe><\/figure>\n","protected":false},"excerpt":{"rendered":"<p>Semana foi marcada por volta do Fundo Amaz\u00f4nia, convite para Lula ir \u00e0 C\u00fapula do Clima e otimismo dentro e fora do pa\u00eds<\/p>\n","protected":false},"author":1,"featured_media":0,"comment_status":"closed","ping_status":"open","sticky":false,"template":"","format":"standard","meta":{"_exactmetrics_skip_tracking":false,"_exactmetrics_sitenote_active":false,"_exactmetrics_sitenote_note":"","_exactmetrics_sitenote_category":0,"jetpack_post_was_ever_published":false,"_jetpack_newsletter_access":"","_jetpack_dont_email_post_to_subs":false,"_jetpack_newsletter_tier_id":0,"_jetpack_memberships_contains_paywalled_content":false,"_jetpack_memberships_contains_paid_content":false,"footnotes":"","jetpack_publicize_message":"","jetpack_publicize_feature_enabled":true,"jetpack_social_post_already_shared":true,"jetpack_social_options":{"image_generator_settings":{"template":"highway","enabled":false},"version":2}},"categories":[1],"tags":[],"class_list":["post-34305","post","type-post","status-publish","format-standard","hentry","category-notas"],"jetpack_publicize_connections":[],"jetpack_sharing_enabled":true,"jetpack_featured_media_url":"","jetpack_shortlink":"https:\/\/wp.me\/p7wKYW-8Vj","jetpack-related-posts":[],"_links":{"self":[{"href":"http:\/\/blogdalucianaoliveira.com.br\/blog\/wp-json\/wp\/v2\/posts\/34305","targetHints":{"allow":["GET"]}}],"collection":[{"href":"http:\/\/blogdalucianaoliveira.com.br\/blog\/wp-json\/wp\/v2\/posts"}],"about":[{"href":"http:\/\/blogdalucianaoliveira.com.br\/blog\/wp-json\/wp\/v2\/types\/post"}],"author":[{"embeddable":true,"href":"http:\/\/blogdalucianaoliveira.com.br\/blog\/wp-json\/wp\/v2\/users\/1"}],"replies":[{"embeddable":true,"href":"http:\/\/blogdalucianaoliveira.com.br\/blog\/wp-json\/wp\/v2\/comments?post=34305"}],"version-history":[{"count":1,"href":"http:\/\/blogdalucianaoliveira.com.br\/blog\/wp-json\/wp\/v2\/posts\/34305\/revisions"}],"predecessor-version":[{"id":34307,"href":"http:\/\/blogdalucianaoliveira.com.br\/blog\/wp-json\/wp\/v2\/posts\/34305\/revisions\/34307"}],"wp:attachment":[{"href":"http:\/\/blogdalucianaoliveira.com.br\/blog\/wp-json\/wp\/v2\/media?parent=34305"}],"wp:term":[{"taxonomy":"category","embeddable":true,"href":"http:\/\/blogdalucianaoliveira.com.br\/blog\/wp-json\/wp\/v2\/categories?post=34305"},{"taxonomy":"post_tag","embeddable":true,"href":"http:\/\/blogdalucianaoliveira.com.br\/blog\/wp-json\/wp\/v2\/tags?post=34305"}],"curies":[{"name":"wp","href":"https:\/\/api.w.org\/{rel}","templated":true}]}}