{"id":34308,"date":"2022-11-07T14:03:25","date_gmt":"2022-11-07T18:03:25","guid":{"rendered":"http:\/\/blogdalucianaoliveira.com.br\/blog\/?p=34308"},"modified":"2022-11-07T14:03:27","modified_gmt":"2022-11-07T18:03:27","slug":"anpr-emite-nota-publica-%ef%bb%bfem-solidariedade-a-procuradora-atacada-por-bolsonaristas-nas-redes-sociais","status":"publish","type":"post","link":"http:\/\/blogdalucianaoliveira.com.br\/blog\/2022\/11\/07\/anpr-emite-nota-publica-%ef%bb%bfem-solidariedade-a-procuradora-atacada-por-bolsonaristas-nas-redes-sociais\/","title":{"rendered":"ANPR emite Nota P\u00fablica \ufeffem solidariedade a procuradora atacada por bolsonaristas nas redes sociais"},"content":{"rendered":"\n<figure class=\"wp-block-image size-large\"><img data-recalc-dims=\"1\" loading=\"lazy\" decoding=\"async\" width=\"499\" height=\"479\" data-attachment-id=\"34309\" data-permalink=\"http:\/\/blogdalucianaoliveira.com.br\/blog\/2022\/11\/07\/anpr-emite-nota-publica-%ef%bb%bfem-solidariedade-a-procuradora-atacada-por-bolsonaristas-nas-redes-sociais\/078652ef-dcb4-4132-85c5-d642ab621440\/\" data-orig-file=\"https:\/\/i0.wp.com\/blogdalucianaoliveira.com.br\/blog\/wp-content\/uploads\/2022\/11\/078652EF-DCB4-4132-85C5-D642AB621440.jpeg?fit=499%2C479\" data-orig-size=\"499,479\" data-comments-opened=\"0\" data-image-meta=\"{&quot;aperture&quot;:&quot;0&quot;,&quot;credit&quot;:&quot;&quot;,&quot;camera&quot;:&quot;&quot;,&quot;caption&quot;:&quot;&quot;,&quot;created_timestamp&quot;:&quot;0&quot;,&quot;copyright&quot;:&quot;&quot;,&quot;focal_length&quot;:&quot;0&quot;,&quot;iso&quot;:&quot;0&quot;,&quot;shutter_speed&quot;:&quot;0&quot;,&quot;title&quot;:&quot;&quot;,&quot;orientation&quot;:&quot;1&quot;}\" data-image-title=\"078652EF-DCB4-4132-85C5-D642AB621440\" data-image-description=\"\" data-image-caption=\"\" data-medium-file=\"https:\/\/i0.wp.com\/blogdalucianaoliveira.com.br\/blog\/wp-content\/uploads\/2022\/11\/078652EF-DCB4-4132-85C5-D642AB621440.jpeg?fit=300%2C288\" data-large-file=\"https:\/\/i0.wp.com\/blogdalucianaoliveira.com.br\/blog\/wp-content\/uploads\/2022\/11\/078652EF-DCB4-4132-85C5-D642AB621440.jpeg?fit=499%2C479\" src=\"https:\/\/i0.wp.com\/blogdalucianaoliveira.com.br\/blog\/wp-content\/uploads\/2022\/11\/078652EF-DCB4-4132-85C5-D642AB621440.jpeg?resize=499%2C479\" alt=\"\" class=\"wp-image-34309\" srcset=\"https:\/\/i0.wp.com\/blogdalucianaoliveira.com.br\/blog\/wp-content\/uploads\/2022\/11\/078652EF-DCB4-4132-85C5-D642AB621440.jpeg?w=499 499w, https:\/\/i0.wp.com\/blogdalucianaoliveira.com.br\/blog\/wp-content\/uploads\/2022\/11\/078652EF-DCB4-4132-85C5-D642AB621440.jpeg?resize=300%2C288 300w, https:\/\/i0.wp.com\/blogdalucianaoliveira.com.br\/blog\/wp-content\/uploads\/2022\/11\/078652EF-DCB4-4132-85C5-D642AB621440.jpeg?resize=313%2C300 313w\" sizes=\"auto, (max-width: 499px) 100vw, 499px\" \/><\/figure>\n\n\n\n<p>A Associa\u00e7\u00e3o Nacional dos Procuradores da Rep\u00fablica (ANPR) manifesta solidariedade \u00e0 colega Gisele Dias de Oliveira Bleggi Cunha, alvo de ofensas pessoais, sexistas e discriminat\u00f3rias no exerc\u00edcio regular de sua atua\u00e7\u00e3o funcional, inclusive mediante a divulga\u00e7\u00e3o de not\u00edcias falsas sobre a sua trajet\u00f3ria profissional.<\/p>\n\n\n\n<!--more-->\n\n\n\n<p>O refor\u00e7o de estere\u00f3tipos \u00e9 um expediente utilizado para diminuir e invisibilizar os relevantes trabalhos desenvolvidos pelas procuradoras da Rep\u00fablica. Nesse sentido, a ofensa pessoal e a dissemina\u00e7\u00e3o de mentiras acerca da atua\u00e7\u00e3o profissional s\u00e3o utilizadas para desqualificar o trabalho e desvalorizar seus posicionamentos.<\/p>\n\n\n\n<p>A ANPR repudia os ataques sofridos pela Procuradora e destaca a necessidade de responsabiliza\u00e7\u00e3o dos envolvidos.<\/p>\n\n\n\n<p><\/p>\n","protected":false},"excerpt":{"rendered":"<p>A Associa\u00e7\u00e3o Nacional dos Procuradores da Rep\u00fablica (ANPR) manifesta solidariedade \u00e0 colega Gisele Dias de Oliveira Bleggi Cunha, alvo de ofensas pessoais, sexistas e discriminat\u00f3rias no exerc\u00edcio regular de sua atua\u00e7\u00e3o funcional, inclusive mediante a divulga\u00e7\u00e3o de not\u00edcias falsas sobre a sua trajet\u00f3ria profissional.<\/p>\n","protected":false},"author":1,"featured_media":0,"comment_status":"closed","ping_status":"open","sticky":false,"template":"","format":"standard","meta":{"_exactmetrics_skip_tracking":false,"_exactmetrics_sitenote_active":false,"_exactmetrics_sitenote_note":"","_exactmetrics_sitenote_category":0,"jetpack_post_was_ever_published":false,"_jetpack_newsletter_access":"","_jetpack_dont_email_post_to_subs":false,"_jetpack_newsletter_tier_id":0,"_jetpack_memberships_contains_paywalled_content":false,"_jetpack_memberships_contains_paid_content":false,"footnotes":"","jetpack_publicize_message":"","jetpack_publicize_feature_enabled":true,"jetpack_social_post_already_shared":true,"jetpack_social_options":{"image_generator_settings":{"template":"highway","enabled":false},"version":2}},"categories":[1],"tags":[807,806],"class_list":["post-34308","post","type-post","status-publish","format-standard","hentry","category-notas","tag-gisele-bleggi","tag-mpf-ro"],"jetpack_publicize_connections":[],"jetpack_sharing_enabled":true,"jetpack_featured_media_url":"","jetpack_shortlink":"https:\/\/wp.me\/p7wKYW-8Vm","jetpack-related-posts":[],"_links":{"self":[{"href":"http:\/\/blogdalucianaoliveira.com.br\/blog\/wp-json\/wp\/v2\/posts\/34308","targetHints":{"allow":["GET"]}}],"collection":[{"href":"http:\/\/blogdalucianaoliveira.com.br\/blog\/wp-json\/wp\/v2\/posts"}],"about":[{"href":"http:\/\/blogdalucianaoliveira.com.br\/blog\/wp-json\/wp\/v2\/types\/post"}],"author":[{"embeddable":true,"href":"http:\/\/blogdalucianaoliveira.com.br\/blog\/wp-json\/wp\/v2\/users\/1"}],"replies":[{"embeddable":true,"href":"http:\/\/blogdalucianaoliveira.com.br\/blog\/wp-json\/wp\/v2\/comments?post=34308"}],"version-history":[{"count":1,"href":"http:\/\/blogdalucianaoliveira.com.br\/blog\/wp-json\/wp\/v2\/posts\/34308\/revisions"}],"predecessor-version":[{"id":34310,"href":"http:\/\/blogdalucianaoliveira.com.br\/blog\/wp-json\/wp\/v2\/posts\/34308\/revisions\/34310"}],"wp:attachment":[{"href":"http:\/\/blogdalucianaoliveira.com.br\/blog\/wp-json\/wp\/v2\/media?parent=34308"}],"wp:term":[{"taxonomy":"category","embeddable":true,"href":"http:\/\/blogdalucianaoliveira.com.br\/blog\/wp-json\/wp\/v2\/categories?post=34308"},{"taxonomy":"post_tag","embeddable":true,"href":"http:\/\/blogdalucianaoliveira.com.br\/blog\/wp-json\/wp\/v2\/tags?post=34308"}],"curies":[{"name":"wp","href":"https:\/\/api.w.org\/{rel}","templated":true}]}}