{"id":34311,"date":"2022-11-07T14:58:16","date_gmt":"2022-11-07T18:58:16","guid":{"rendered":"http:\/\/blogdalucianaoliveira.com.br\/blog\/?p=34311"},"modified":"2022-11-07T14:58:23","modified_gmt":"2022-11-07T18:58:23","slug":"associacoes-e-liderancas-indigenas-se-solidarizam-com-procuradora-atacada-por-bolsonaristas","status":"publish","type":"post","link":"http:\/\/blogdalucianaoliveira.com.br\/blog\/2022\/11\/07\/associacoes-e-liderancas-indigenas-se-solidarizam-com-procuradora-atacada-por-bolsonaristas\/","title":{"rendered":"Associa\u00e7\u00f5es e lideran\u00e7as ind\u00edgenas se solidarizam com procuradora atacada por bolsonaristas"},"content":{"rendered":"\n<figure class=\"wp-block-image size-large\"><img loading=\"lazy\" decoding=\"async\" width=\"901\" height=\"1127\" data-attachment-id=\"34312\" data-permalink=\"http:\/\/blogdalucianaoliveira.com.br\/blog\/2022\/11\/07\/associacoes-e-liderancas-indigenas-se-solidarizam-com-procuradora-atacada-por-bolsonaristas\/c76ddff4-88a4-4b70-a71e-5657b4c716d1\/\" data-orig-file=\"https:\/\/i0.wp.com\/blogdalucianaoliveira.com.br\/blog\/wp-content\/uploads\/2022\/11\/C76DDFF4-88A4-4B70-A71E-5657B4C716D1.jpeg?fit=901%2C1127\" data-orig-size=\"901,1127\" data-comments-opened=\"0\" data-image-meta=\"{&quot;aperture&quot;:&quot;0&quot;,&quot;credit&quot;:&quot;&quot;,&quot;camera&quot;:&quot;&quot;,&quot;caption&quot;:&quot;&quot;,&quot;created_timestamp&quot;:&quot;0&quot;,&quot;copyright&quot;:&quot;&quot;,&quot;focal_length&quot;:&quot;0&quot;,&quot;iso&quot;:&quot;0&quot;,&quot;shutter_speed&quot;:&quot;0&quot;,&quot;title&quot;:&quot;&quot;,&quot;orientation&quot;:&quot;1&quot;}\" data-image-title=\"C76DDFF4-88A4-4B70-A71E-5657B4C716D1\" data-image-description=\"\" data-image-caption=\"\" data-medium-file=\"https:\/\/i0.wp.com\/blogdalucianaoliveira.com.br\/blog\/wp-content\/uploads\/2022\/11\/C76DDFF4-88A4-4B70-A71E-5657B4C716D1.jpeg?fit=240%2C300\" data-large-file=\"https:\/\/i0.wp.com\/blogdalucianaoliveira.com.br\/blog\/wp-content\/uploads\/2022\/11\/C76DDFF4-88A4-4B70-A71E-5657B4C716D1.jpeg?fit=600%2C750\" src=\"https:\/\/i0.wp.com\/blogdalucianaoliveira.com.br\/blog\/wp-content\/uploads\/2022\/11\/C76DDFF4-88A4-4B70-A71E-5657B4C716D1.jpeg?fit=600%2C750\" alt=\"\" class=\"wp-image-34312\" srcset=\"https:\/\/i0.wp.com\/blogdalucianaoliveira.com.br\/blog\/wp-content\/uploads\/2022\/11\/C76DDFF4-88A4-4B70-A71E-5657B4C716D1.jpeg?w=901 901w, https:\/\/i0.wp.com\/blogdalucianaoliveira.com.br\/blog\/wp-content\/uploads\/2022\/11\/C76DDFF4-88A4-4B70-A71E-5657B4C716D1.jpeg?resize=240%2C300 240w, https:\/\/i0.wp.com\/blogdalucianaoliveira.com.br\/blog\/wp-content\/uploads\/2022\/11\/C76DDFF4-88A4-4B70-A71E-5657B4C716D1.jpeg?resize=819%2C1024 819w, https:\/\/i0.wp.com\/blogdalucianaoliveira.com.br\/blog\/wp-content\/uploads\/2022\/11\/C76DDFF4-88A4-4B70-A71E-5657B4C716D1.jpeg?resize=768%2C961 768w\" sizes=\"auto, (max-width: 600px) 100vw, 600px\" \/><\/figure>\n\n\n\n<p>Organiza\u00e7\u00e3o dos Povos Ind\u00edgenas de Rond\u00f4nia e Noroeste do Mato Grosso \u2013 OPIROMA. Expressamos nossa solidariedade a Dra. Gisele, procuradora do MPF\/RO, que tem defendido e garantido o nosso direito no estado de Rond\u00f4nia e sempre esteve \u00e0 frente para a defesa de nossos territ\u00f3rios sagrado.<br>Reafirmamos nosso REPUDIO contra a manifesta\u00e7\u00e3o que ocorre na BR 364 em Vilhena e Regi\u00e3o n\u00e3o pactuamos com as atitudes de \u201clideran\u00e7as que atua na ilegalidade,\u201d n\u00e3o obedecendo o direito de Ir e vir do cidad\u00e3o Rondoniense, causando a desordem social. <br><\/p>\n\n\n\n<!--more-->\n\n\n\n<p>Esta manifesta\u00e7\u00e3o \u00e9 mais um ato antidemocr\u00e1tico para tentar burlar a Elei\u00e7\u00e3o Eleitoral de 2022 e ferir a Constitui\u00e7\u00e3o Federal e a Democracia de escolher os nossos representantes legislativos e executivo dos estados e de nosso pa\u00eds Brasil.<\/p>\n\n\n\n<p><br> N\u00f3s, lideran\u00e7as Ind\u00edgenas e Presidentes das Associa\u00e7\u00f5es Ind\u00edgenas dos Territ\u00f3rios Ind\u00edgenas em Rond\u00f4nia, afirmamos que os ind\u00edgenas que est\u00e3o nesta manifesta\u00e7\u00e3o n\u00e3o representa os povos ind\u00edgenas origin\u00e1rios de Rond\u00f4nia e n\u00e3o nos representa.<\/p>\n\n\n\n<p><br> Assinam a Nota:<br> AIXX \u2013 Associa\u00e7\u00e3o Ind\u00edgena Terena \u2013 Xyry Xyri Ant\u00f4nio Purubor\u00e1 \u2013 Lideran\u00e7a do Povo Puburor\u00e1 Andr\u00e9 Jabuti \u2013 Lideran\u00e7a do Povo Jabuti<br> Iliandro Saban\u00ea \u2013 Lideran\u00e7a Jovem<br> Associa\u00e7\u00e3o do Povo Cinta Larga \u2013 PATJAMAAJ<br> Rozilene Magipo dos Santos \u2013 Representante do Povo Sakirabiar Nimon Oro Eu \u2013 Lideran\u00e7a do Povo Oro Eu<br> Associa\u00e7\u00e3o dos Povos Ind\u00edgenas Aikan\u00e3, Latund\u00ea e Kwas\u00e1 Associa\u00e7\u00e3o do Povo Karitiana<br> Rosa Maria Guarassugw\u00ea \u2013 Lideran\u00e7a do Povo Guarassugw\u00ea Almir Suru\u00ed \u2013 Cacique Geral do Povo Paiter\/Suru\u00ed<br> Associa\u00e7\u00e3o Ind\u00edgena Map\u00e3y Pay\u00fb Karo<br> Associa\u00e7\u00e3o Ind\u00edgena Ma\u2019payrap Karorap<br> Associa\u00e7\u00e3o Ind\u00edgena Karo Paygap<\/p>\n\n\n\n<p>Associa\u00e7\u00e3o Metareil\u00e1 do Povo Ind\u00edgena Suru\u00ed<br>\nAssocia\u00e7\u00e3o do Povo Uru Eu Wau Wau \u2013 JUPA\u00da Organiza\u00e7\u00e3o do Povo Cassup\u00e1 e Salam\u00e1i \u2013 OPICS Anderson Suru\u00ed \u2013 Cacique do Povo Paiter\/Suru\u00ed Associa\u00e7\u00e3o Ind\u00edgena MAXAJ\u00c3 do Povo Purubor\u00e1<br>\nEzequiel Cinta Larga \u2013 Lideran\u00e7a do Povo Cinta Larga Ronaldo Oro Waram Xijein &#8211; Lideran\u00e7a Oro Waram Xijein Edimilson Oro Waram Xijein \u2013 Lideran\u00e7a Oro Waram Xijein Delson Gavi\u00e3o \u2013 Lideran\u00e7a do Povo Gavi\u00e3o<br>\nH\u00e9liton Tinhawamba Gavi\u00e3o \u2013 Cacique Geral do Povo Ikolo\u2019ehj &#8211; Gavi\u00e3o Silmara Kaxarari \u2013 Lideran\u00e7a Kaxarari<br>\nCleidaiana de Freitas Leite \u2013 Lideran\u00e7a do Povo Migueleno<br>\nAssocia\u00e7\u00e3o dos Povos Ind\u00edgenas Karipuna<br>\nPorto Velho-RO, 05 de Outubro de 2022.<\/p>\n","protected":false},"excerpt":{"rendered":"<p>Organiza\u00e7\u00e3o dos Povos Ind\u00edgenas de Rond\u00f4nia e Noroeste do Mato Grosso \u2013 OPIROMA. Expressamos nossa solidariedade a Dra. Gisele, procuradora do MPF\/RO, que tem defendido e garantido o nosso direito no estado de Rond\u00f4nia e sempre esteve \u00e0 frente para a defesa de nossos territ\u00f3rios sagrado.Reafirmamos nosso REPUDIO contra a manifesta\u00e7\u00e3o que ocorre na BR&#8230;<a class=\"more-link\" href=\"http:\/\/blogdalucianaoliveira.com.br\/blog\/2022\/11\/07\/associacoes-e-liderancas-indigenas-se-solidarizam-com-procuradora-atacada-por-bolsonaristas\/\">Continue a leitura <span class=\"meta-nav\">&raquo;<\/span><\/a><\/p>\n","protected":false},"author":1,"featured_media":0,"comment_status":"closed","ping_status":"open","sticky":false,"template":"","format":"standard","meta":{"_exactmetrics_skip_tracking":false,"_exactmetrics_sitenote_active":false,"_exactmetrics_sitenote_note":"","_exactmetrics_sitenote_category":0,"jetpack_post_was_ever_published":false,"_jetpack_newsletter_access":"","_jetpack_dont_email_post_to_subs":false,"_jetpack_newsletter_tier_id":0,"_jetpack_memberships_contains_paywalled_content":false,"_jetpack_memberships_contains_paid_content":false,"footnotes":"","jetpack_publicize_message":"","jetpack_publicize_feature_enabled":true,"jetpack_social_post_already_shared":true,"jetpack_social_options":{"image_generator_settings":{"template":"highway","enabled":false},"version":2}},"categories":[1],"tags":[806],"class_list":["post-34311","post","type-post","status-publish","format-standard","hentry","category-notas","tag-mpf-ro"],"jetpack_publicize_connections":[],"jetpack_sharing_enabled":true,"jetpack_featured_media_url":"","jetpack_shortlink":"https:\/\/wp.me\/p7wKYW-8Vp","jetpack-related-posts":[],"_links":{"self":[{"href":"http:\/\/blogdalucianaoliveira.com.br\/blog\/wp-json\/wp\/v2\/posts\/34311","targetHints":{"allow":["GET"]}}],"collection":[{"href":"http:\/\/blogdalucianaoliveira.com.br\/blog\/wp-json\/wp\/v2\/posts"}],"about":[{"href":"http:\/\/blogdalucianaoliveira.com.br\/blog\/wp-json\/wp\/v2\/types\/post"}],"author":[{"embeddable":true,"href":"http:\/\/blogdalucianaoliveira.com.br\/blog\/wp-json\/wp\/v2\/users\/1"}],"replies":[{"embeddable":true,"href":"http:\/\/blogdalucianaoliveira.com.br\/blog\/wp-json\/wp\/v2\/comments?post=34311"}],"version-history":[{"count":1,"href":"http:\/\/blogdalucianaoliveira.com.br\/blog\/wp-json\/wp\/v2\/posts\/34311\/revisions"}],"predecessor-version":[{"id":34313,"href":"http:\/\/blogdalucianaoliveira.com.br\/blog\/wp-json\/wp\/v2\/posts\/34311\/revisions\/34313"}],"wp:attachment":[{"href":"http:\/\/blogdalucianaoliveira.com.br\/blog\/wp-json\/wp\/v2\/media?parent=34311"}],"wp:term":[{"taxonomy":"category","embeddable":true,"href":"http:\/\/blogdalucianaoliveira.com.br\/blog\/wp-json\/wp\/v2\/categories?post=34311"},{"taxonomy":"post_tag","embeddable":true,"href":"http:\/\/blogdalucianaoliveira.com.br\/blog\/wp-json\/wp\/v2\/tags?post=34311"}],"curies":[{"name":"wp","href":"https:\/\/api.w.org\/{rel}","templated":true}]}}