{"id":34314,"date":"2022-11-08T12:12:43","date_gmt":"2022-11-08T16:12:43","guid":{"rendered":"http:\/\/blogdalucianaoliveira.com.br\/blog\/?p=34314"},"modified":"2022-11-08T12:12:45","modified_gmt":"2022-11-08T16:12:45","slug":"quem-sao-os-poucos-jogadores-progressistas-na-lista-de-convocados-de-tite-para-a-copa","status":"publish","type":"post","link":"http:\/\/blogdalucianaoliveira.com.br\/blog\/2022\/11\/08\/quem-sao-os-poucos-jogadores-progressistas-na-lista-de-convocados-de-tite-para-a-copa\/","title":{"rendered":"Quem s\u00e3o os (poucos) jogadores progressistas na lista de convocados de Tite para a Copa?"},"content":{"rendered":"\n<figure class=\"wp-block-image size-large\"><img data-recalc-dims=\"1\" loading=\"lazy\" decoding=\"async\" width=\"600\" height=\"359\" data-attachment-id=\"34315\" data-permalink=\"http:\/\/blogdalucianaoliveira.com.br\/blog\/2022\/11\/08\/quem-sao-os-poucos-jogadores-progressistas-na-lista-de-convocados-de-tite-para-a-copa\/de649e2d-53cb-4b57-8551-e48d84cc0df3\/\" data-orig-file=\"https:\/\/i0.wp.com\/blogdalucianaoliveira.com.br\/blog\/wp-content\/uploads\/2022\/11\/DE649E2D-53CB-4B57-8551-E48D84CC0DF3.jpeg?fit=800%2C479\" data-orig-size=\"800,479\" data-comments-opened=\"0\" data-image-meta=\"{&quot;aperture&quot;:&quot;0&quot;,&quot;credit&quot;:&quot;Lucas Figueiredo\\\/CBF&quot;,&quot;camera&quot;:&quot;&quot;,&quot;caption&quot;:&quot;&quot;,&quot;created_timestamp&quot;:&quot;0&quot;,&quot;copyright&quot;:&quot;&quot;,&quot;focal_length&quot;:&quot;0&quot;,&quot;iso&quot;:&quot;0&quot;,&quot;shutter_speed&quot;:&quot;0&quot;,&quot;title&quot;:&quot;&quot;,&quot;orientation&quot;:&quot;0&quot;}\" data-image-title=\"DE649E2D-53CB-4B57-8551-E48D84CC0DF3\" data-image-description=\"\" data-image-caption=\"\" data-medium-file=\"https:\/\/i0.wp.com\/blogdalucianaoliveira.com.br\/blog\/wp-content\/uploads\/2022\/11\/DE649E2D-53CB-4B57-8551-E48D84CC0DF3.jpeg?fit=300%2C180\" data-large-file=\"https:\/\/i0.wp.com\/blogdalucianaoliveira.com.br\/blog\/wp-content\/uploads\/2022\/11\/DE649E2D-53CB-4B57-8551-E48D84CC0DF3.jpeg?fit=600%2C359\" src=\"https:\/\/i0.wp.com\/blogdalucianaoliveira.com.br\/blog\/wp-content\/uploads\/2022\/11\/DE649E2D-53CB-4B57-8551-E48D84CC0DF3.jpeg?resize=600%2C359\" alt=\"\" class=\"wp-image-34315\" srcset=\"https:\/\/i0.wp.com\/blogdalucianaoliveira.com.br\/blog\/wp-content\/uploads\/2022\/11\/DE649E2D-53CB-4B57-8551-E48D84CC0DF3.jpeg?w=800 800w, https:\/\/i0.wp.com\/blogdalucianaoliveira.com.br\/blog\/wp-content\/uploads\/2022\/11\/DE649E2D-53CB-4B57-8551-E48D84CC0DF3.jpeg?resize=300%2C180 300w, https:\/\/i0.wp.com\/blogdalucianaoliveira.com.br\/blog\/wp-content\/uploads\/2022\/11\/DE649E2D-53CB-4B57-8551-E48D84CC0DF3.jpeg?resize=768%2C460 768w, https:\/\/i0.wp.com\/blogdalucianaoliveira.com.br\/blog\/wp-content\/uploads\/2022\/11\/DE649E2D-53CB-4B57-8551-E48D84CC0DF3.jpeg?resize=501%2C300 501w\" sizes=\"auto, (max-width: 600px) 100vw, 600px\" \/><\/figure>\n\n\n\n<h4 class=\"wp-block-heading\">Em um meio tradicionalmente composto por atletas com posicionamentos de direita, exemplos s\u00e3o raros<\/h4>\n\n\n\n<!--more-->\n\n\n\n<p>Felipe Mendes &#8211; Brasil de Fato | Rio de Janeiro (RJ)<\/p>\n\n\n\n<p><a href=\"https:\/\/www.brasildefato.com.br\/2022\/10\/30\/luiz-inacio-lula-da-silva-e-eleito-presidente-do-brasil\" target=\"_blank\" rel=\"noreferrer noopener\">Passadas as elei\u00e7\u00f5es<\/a>, o notici\u00e1rio come\u00e7a, aos poucos, a dar espa\u00e7o a outros assuntos de maior ou menor relev\u00e2ncia. Entre eles, a Copa do Mundo do Catar, que come\u00e7a em menos de duas semanas. Nesta segunda-feira (7) o treinador Tite anunciou a lista de convocados da Sele\u00e7\u00e3o Brasileira. E, como pol\u00edtica e futebol se discutem, o&nbsp;<strong>Brasil de Fato<\/strong>&nbsp;buscou juntar as duas coisas: quem s\u00e3o os jogadores progressistas chamados para a Copa?<\/p>\n\n\n\n<p>Uma certeza: s\u00e3o poucos. A minoria entre os 26 convocados.<\/p>\n\n\n\n<p>Entre eles, o mais engajado provavelmente \u00e9 o atacante Richarlison, atacante do Tottenham, clube da Inglaterra. Campe\u00e3o ol\u00edmpico, ele chega \u00e0 Copa com moral. E quando o assunto \u00e9 pol\u00edtica, ele marca posi\u00e7\u00e3o.<\/p>\n\n\n\n<p>Capixaba de Nova Ven\u00e9cia, Richarlison tem hist\u00f3ria de vida comum a muitos jogadores: inf\u00e2ncia pobre, ascens\u00e3o social r\u00e1pida por causa da bola. Sem esquecer do passado, ele procura colaborar em diversas causas sociais e pol\u00edticas.<\/p>\n\n\n\n<p>&#8220;Cara, eu j\u00e1 passei muito perrengue na minha vida. Eu acho que \u00e9 s\u00f3 uma quest\u00e3o de se colocar no lugar de quem t\u00e1 passando por uma situa\u00e7\u00e3o dif\u00edcil, ter empatia.&nbsp;E quem sou eu pra medir a dor dos outros? Mas acredito que, no momento, o que mais tem me chocado s\u00e3o os casos de racismo, al\u00e9m da causa ambiental&#8221;, disse, em&nbsp;<a href=\"https:\/\/www.uol.com.br\/ecoa\/reportagens-especiais\/richarlison\/\" target=\"_blank\" rel=\"noreferrer noopener\">entrevista recente<\/a>&nbsp;ao portal&nbsp;<em>UOL<\/em>.<\/p>\n\n\n\n<p>No auge da pandemia de&nbsp;<a href=\"https:\/\/www.brasildefato.com.br\/2022\/11\/06\/covid-pode-voltar-a-crescer-boa-noticia-e-que-ja-sabemos-o-que-fazer-e-temos-mais-protecao\" target=\"_blank\" rel=\"noreferrer noopener\">covid-19<\/a>, por exemplo, o jogador se aliou \u00e0 Universidade de S\u00e3o Paulo (USP) e ajudou a arrecadar recursos para desenvolvimento de pesquisas cient\u00edficas.&nbsp;<\/p>\n\n\n\n<p>&#8220;Quando a pandemia come\u00e7ou a gente tinha pouca informa\u00e7\u00e3o e n\u00e3o sabia muito bem o que estava acontecendo. Eu fiquei muito inquieto preso dentro de casa sem saber direito o que fazer. A\u00ed junto com meu&nbsp;<em>staff&nbsp;<\/em>resolvi concentrar as a\u00e7\u00f5es em um s\u00f3 lugar e na divulga\u00e7\u00e3o de informa\u00e7\u00e3o correta e \u00fatil para o povo, usando minhas redes sociais e as minhas apari\u00e7\u00f5es na imprensa tamb\u00e9m&#8221;, contou ao&nbsp;<em>UOL<\/em>.<\/p>\n\n\n\n<p>Na mesma entrevista, Richarlison deixou claras&nbsp;algumas de suas refer\u00eancias. Atletas como o piloto de f\u00f3rmula 1 brit\u00e2nico Lewis Hamilton e o jogador de basquete estadounidense LeBron James, que tamb\u00e9m se dedicam a causas sociais e pol\u00edticas.<\/p>\n\n\n\n<p>Hora certa para&nbsp;votar<\/p>\n\n\n\n<p>A entrevista que Richarlison deu ao&nbsp;<em>UOL<\/em>, citada neste texto, tem o t\u00edtulo &#8220;Fora da curva&#8221;. Nada mais justo. Posicionamentos progressistas entre jogadores brasileiros s\u00e3o minoria.<\/p>\n\n\n\n<p>Entre os 26 convocados por Tite, s\u00e3o raros os que ao menos deixam escapar alguma tend\u00eancia \u00e0 esquerda.<\/p>\n\n\n\n<p>O meia Everton Ribeiro, jogador do Flamengo, \u00e9 discreto de maneira geral. Na fam\u00edlia, quem costuma se expressar bastante nas redes sociais \u00e9 a esposa, a publicit\u00e1ria Mar\u00edlia Nery, com quem \u00e9 casado h\u00e1 15 anos.<\/p>\n\n\n\n<p>Em v\u00e1rios momentos, Nery j\u00e1 deixou claro o posicionamento contra o presidente&nbsp;<a href=\"https:\/\/www.brasildefato.com.br\/2022\/11\/05\/fuga-do-pais-prisao-ou-isolamento-politico-o-que-o-futuro-reserva-para-jair-bolsonaro\" target=\"_blank\" rel=\"noreferrer noopener\">Jair Bolsonaro (PL)<\/a>: &#8220;Gente, eu nunca escondi que sou contra esse governo desde que vi a primeira entrevista do atual presidente no extinto&nbsp;<em>CQC<\/em>&#8220;, postou no Twitter em 2020. Se n\u00e3o confirma o apoio \u00e0s posi\u00e7\u00f5es pol\u00edticas da esposa, o jogador ao menos n\u00e3o foge de estar ao lado dela em algumas manifesta\u00e7\u00f5es.<\/p>\n\n\n\n<p>No \u00faltimo dia 30, dia da vota\u00e7\u00e3o em segundo turno que elegeu&nbsp;<a href=\"https:\/\/www.brasildefato.com.br\/2022\/10\/30\/artistas-e-politicos-comemoram-vitoria-de-lula-nas-redes-sociais\" target=\"_blank\" rel=\"noreferrer noopener\">Luiz In\u00e1cio Lula da Silva (PT)<\/a>&nbsp;para o terceiro mandato \u00e0 presid\u00eancia, o casal apareceu junto em imagem no Instagram comemorando o terceiro t\u00edtulo flamenguista na Ta\u00e7a Libertadores. Ela fez quest\u00e3o de dizer que precisavam &#8220;correr para votar&#8221;, e deixou registrado o hor\u00e1rio: &#8220;10:03&#8221;. Os torcedores progressistas mais atentos identificaram (ou desejaram ver) uma refer\u00eancia ao 13 de Lula.<\/p>\n\n\n\n<p>No mesmo dia, Ribeiro foi um dos poucos jogadores do Flamengo que n\u00e3o posou ao lado de Bolsonaro, que foi \u00e0 base a\u00e9rea do Gale\u00e3o, no Rio de Janeiro, recepcionar o time ap\u00f3s a conquista da Libertadores. O jogo decisivo, contra o Athletico-PR, foi realizado no Equador.<\/p>\n\n\n\n<figure class=\"wp-block-image\"><img data-recalc-dims=\"1\" decoding=\"async\" src=\"https:\/\/i0.wp.com\/images01.brasildefato.com.br\/bcb9106e24114cabb39fce04030398b8.jpeg?w=600&#038;ssl=1\" alt=\"\"\/><\/figure>\n\n\n\n<p><br>Esposa de Everton Ribeiro, Mar\u00edlia Nery posa com o jogador e diz que quer &#8220;correr para votar&#8221; \/ Reprodu\u00e7\u00e3o\/Instagram<\/p>\n\n\n\n<p>Se os (poss\u00edveis) votos em Lula entre os jogadores foram envergonhados, muitos atletas bolsonaristas n\u00e3o tiveram o mesmo pudor. Basta falar de Neymar, que se engajou na campanha \u00e0 reelei\u00e7\u00e3o do hoje candidato derrotado, tendo feito postagens com dancinhas e participado de&nbsp;<em>lives<\/em>&nbsp;com o ainda presidente.<\/p>\n\n\n\n<p>Outros jogadores da sele\u00e7\u00e3o, como o zagueiro Thiago Silva, tamb\u00e9m declararam voto no candidato que viria a ser derrotado. Companheiro de time de Everton Ribeiro, o atacante Pedro, tamb\u00e9m chamado \u00e0 Copa, foi um dos jogadores do Flamengo que embarcaram com Bolsonaro em um passeio de helic\u00f3ptero pelos c\u00e9us do Rio de Janeiro ap\u00f3s a chegada ao Brasil do elenco campe\u00e3o da Libertadores no dia do segundo turno da elei\u00e7\u00e3o.<\/p>\n\n\n\n<p>E Tite?<\/p>\n\n\n\n<p>O treinador da Sele\u00e7\u00e3o, que vai para sua segunda Copa, j\u00e1 falou mais de uma vez que n\u00e3o pretende se encontrar com Bolsonaro &#8220;nem se ganhar, nem se perder&#8221; o Mundial. O treinador afirma que n\u00e3o gosta de misturar futebol e pol\u00edtica, e procura postrar postura isenta.<\/p>\n\n\n\n<p>Uma imagem gravada ap\u00f3s a final da Copa Am\u00e9rica de 2019, por\u00e9m, deixou alguns ind\u00edcios. O presidente tentou dar um abra\u00e7o efusivo no treinador, que recebia premia\u00e7\u00e3o pela conquista no est\u00e1dio do Maracan\u00e3. Tite permitiu apenas um cumprimento protocolar, que contrastou com o caloroso abra\u00e7o que teve na sequ\u00eancia com o ent\u00e3o presidente da Confedera\u00e7\u00e3o Brasileira de Futebol (CBF), Rog\u00e9rio Caboclo.<\/p>\n\n\n\n<p>Pode n\u00e3o dizer nada, mas tamb\u00e9m pode dizer alguma coisa.<\/p>\n\n\n\n<figure><iframe loading=\"lazy\" allowfullscreen=\"\" height=\"315\" src=\"https:\/\/www.youtube.com\/embed\/8NMeiYOYmu8\" width=\"560\"><\/iframe><\/figure>\n\n\n\n<p><strong>Confira abaixo a lista completa de jogadores brasileiros convocados para a Copa do Mundo do Catar:<\/strong><\/p>\n\n\n\n<p><strong>GOLEIROS<\/strong><\/p>\n\n\n\n<p>Alisson &#8211; Liverpool (ING)<\/p>\n\n\n\n<p>Ederson &#8211; Manchester City (ING)<\/p>\n\n\n\n<p>Weverton \u2013 Palmeiras (BRA)<\/p>\n\n\n\n<p><strong>LATERAIS<\/strong><\/p>\n\n\n\n<p>Alex Sandro &#8211; Juventus (ITA)<\/p>\n\n\n\n<p>Alex Telles &#8211; Sevilla (ESP)<\/p>\n\n\n\n<p>Dani Alves \u2013 Pumas (MEX)<\/p>\n\n\n\n<p>Danilo &#8211; Juventus (ITA)<\/p>\n\n\n\n<p><strong>ZAGUEIROS<\/strong><\/p>\n\n\n\n<p>Bremer &#8211; Juventus (ITA)<\/p>\n\n\n\n<p>\u00c9der Milit\u00e3o &#8211; Real Madrid (ESP)<\/p>\n\n\n\n<p>Marquinhos &#8211; Paris Saint Germain (FRA)<\/p>\n\n\n\n<p>Thiago Silva &#8211; Chelsea (ING)<\/p>\n\n\n\n<p><strong>MEIAS<\/strong><\/p>\n\n\n\n<p>Bruno Guimar\u00e3es &#8211; Newcastle (ING)<\/p>\n\n\n\n<p>Casemiro &#8211; Manchester United (ING)<\/p>\n\n\n\n<p>Everton Ribeiro &#8211; Flamengo (BRA)<\/p>\n\n\n\n<p>Fabinho &#8211; Liverpool (ING)<\/p>\n\n\n\n<p>Fred &#8211; Manchester United (ING)<\/p>\n\n\n\n<p>Lucas Paquet\u00e1 &#8211; West Ham United (ING)<\/p>\n\n\n\n<p><strong>ATACANTES<\/strong><\/p>\n\n\n\n<p>Antony &#8211; Manchester United (ING)<\/p>\n\n\n\n<p>Gabriel Jesus \u2013 Arsenal (ING)<\/p>\n\n\n\n<p>Gabriel Martinelli \u2013 Arsenal (ING)<\/p>\n\n\n\n<p>Neymar Jr. &#8211; Paris Saint Germain (FRA)<\/p>\n\n\n\n<p>Pedro \u2013 Flamengo (BRA)<\/p>\n\n\n\n<p>Raphinha &#8211; Barcelona (ESP)<\/p>\n\n\n\n<p>Richarlison &#8211; Tottenham (ING)<\/p>\n\n\n\n<p>Rodrygo &#8211; Real Madrid (ESP)<\/p>\n\n\n\n<p>Vinicius Jr. &#8211; Real Madrid (ESP)<\/p>\n\n\n\n<p>Edi\u00e7\u00e3o: Nicolau Soares<\/p>\n","protected":false},"excerpt":{"rendered":"<p>Em um meio tradicionalmente composto por atletas com posicionamentos de direita, exemplos s\u00e3o raros<\/p>\n","protected":false},"author":1,"featured_media":0,"comment_status":"closed","ping_status":"open","sticky":false,"template":"","format":"standard","meta":{"_exactmetrics_skip_tracking":false,"_exactmetrics_sitenote_active":false,"_exactmetrics_sitenote_note":"","_exactmetrics_sitenote_category":0,"jetpack_post_was_ever_published":false,"_jetpack_newsletter_access":"","_jetpack_dont_email_post_to_subs":false,"_jetpack_newsletter_tier_id":0,"_jetpack_memberships_contains_paywalled_content":false,"_jetpack_memberships_contains_paid_content":false,"footnotes":"","jetpack_publicize_message":"","jetpack_publicize_feature_enabled":true,"jetpack_social_post_already_shared":true,"jetpack_social_options":{"image_generator_settings":{"template":"highway","enabled":false},"version":2}},"categories":[1],"tags":[],"class_list":["post-34314","post","type-post","status-publish","format-standard","hentry","category-notas"],"jetpack_publicize_connections":[],"jetpack_sharing_enabled":true,"jetpack_featured_media_url":"","jetpack_shortlink":"https:\/\/wp.me\/p7wKYW-8Vs","jetpack-related-posts":[],"_links":{"self":[{"href":"http:\/\/blogdalucianaoliveira.com.br\/blog\/wp-json\/wp\/v2\/posts\/34314","targetHints":{"allow":["GET"]}}],"collection":[{"href":"http:\/\/blogdalucianaoliveira.com.br\/blog\/wp-json\/wp\/v2\/posts"}],"about":[{"href":"http:\/\/blogdalucianaoliveira.com.br\/blog\/wp-json\/wp\/v2\/types\/post"}],"author":[{"embeddable":true,"href":"http:\/\/blogdalucianaoliveira.com.br\/blog\/wp-json\/wp\/v2\/users\/1"}],"replies":[{"embeddable":true,"href":"http:\/\/blogdalucianaoliveira.com.br\/blog\/wp-json\/wp\/v2\/comments?post=34314"}],"version-history":[{"count":1,"href":"http:\/\/blogdalucianaoliveira.com.br\/blog\/wp-json\/wp\/v2\/posts\/34314\/revisions"}],"predecessor-version":[{"id":34316,"href":"http:\/\/blogdalucianaoliveira.com.br\/blog\/wp-json\/wp\/v2\/posts\/34314\/revisions\/34316"}],"wp:attachment":[{"href":"http:\/\/blogdalucianaoliveira.com.br\/blog\/wp-json\/wp\/v2\/media?parent=34314"}],"wp:term":[{"taxonomy":"category","embeddable":true,"href":"http:\/\/blogdalucianaoliveira.com.br\/blog\/wp-json\/wp\/v2\/categories?post=34314"},{"taxonomy":"post_tag","embeddable":true,"href":"http:\/\/blogdalucianaoliveira.com.br\/blog\/wp-json\/wp\/v2\/tags?post=34314"}],"curies":[{"name":"wp","href":"https:\/\/api.w.org\/{rel}","templated":true}]}}