{"id":34317,"date":"2022-11-08T12:16:32","date_gmt":"2022-11-08T16:16:32","guid":{"rendered":"http:\/\/blogdalucianaoliveira.com.br\/blog\/?p=34317"},"modified":"2022-11-08T12:16:40","modified_gmt":"2022-11-08T16:16:40","slug":"fundadora-da-agencia-lupa-defende-silencio-estrategico-contra-fake-news","status":"publish","type":"post","link":"http:\/\/blogdalucianaoliveira.com.br\/blog\/2022\/11\/08\/fundadora-da-agencia-lupa-defende-silencio-estrategico-contra-fake-news\/","title":{"rendered":"Fundadora da Ag\u00eancia Lupa defende &#8216;sil\u00eancio estrat\u00e9gico&#8217; contra fake news"},"content":{"rendered":"\n<figure class=\"wp-block-image size-large\"><img data-recalc-dims=\"1\" loading=\"lazy\" decoding=\"async\" width=\"600\" height=\"400\" data-attachment-id=\"34318\" data-permalink=\"http:\/\/blogdalucianaoliveira.com.br\/blog\/2022\/11\/08\/fundadora-da-agencia-lupa-defende-silencio-estrategico-contra-fake-news\/3f42de11-43fc-4126-8acb-cbb199ffccf1\/\" data-orig-file=\"https:\/\/i0.wp.com\/blogdalucianaoliveira.com.br\/blog\/wp-content\/uploads\/2022\/11\/3F42DE11-43FC-4126-8ACB-CBB199FFCCF1.jpeg?fit=768%2C512\" data-orig-size=\"768,512\" data-comments-opened=\"0\" data-image-meta=\"{&quot;aperture&quot;:&quot;0&quot;,&quot;credit&quot;:&quot;&quot;,&quot;camera&quot;:&quot;&quot;,&quot;caption&quot;:&quot;&quot;,&quot;created_timestamp&quot;:&quot;0&quot;,&quot;copyright&quot;:&quot;&quot;,&quot;focal_length&quot;:&quot;0&quot;,&quot;iso&quot;:&quot;0&quot;,&quot;shutter_speed&quot;:&quot;0&quot;,&quot;title&quot;:&quot;&quot;,&quot;orientation&quot;:&quot;0&quot;}\" data-image-title=\"3F42DE11-43FC-4126-8ACB-CBB199FFCCF1\" data-image-description=\"\" data-image-caption=\"\" data-medium-file=\"https:\/\/i0.wp.com\/blogdalucianaoliveira.com.br\/blog\/wp-content\/uploads\/2022\/11\/3F42DE11-43FC-4126-8ACB-CBB199FFCCF1.jpeg?fit=300%2C200\" data-large-file=\"https:\/\/i0.wp.com\/blogdalucianaoliveira.com.br\/blog\/wp-content\/uploads\/2022\/11\/3F42DE11-43FC-4126-8ACB-CBB199FFCCF1.jpeg?fit=600%2C400\" src=\"https:\/\/i0.wp.com\/blogdalucianaoliveira.com.br\/blog\/wp-content\/uploads\/2022\/11\/3F42DE11-43FC-4126-8ACB-CBB199FFCCF1.jpeg?resize=600%2C400\" alt=\"\" class=\"wp-image-34318\" srcset=\"https:\/\/i0.wp.com\/blogdalucianaoliveira.com.br\/blog\/wp-content\/uploads\/2022\/11\/3F42DE11-43FC-4126-8ACB-CBB199FFCCF1.jpeg?w=768 768w, https:\/\/i0.wp.com\/blogdalucianaoliveira.com.br\/blog\/wp-content\/uploads\/2022\/11\/3F42DE11-43FC-4126-8ACB-CBB199FFCCF1.jpeg?resize=300%2C200 300w, https:\/\/i0.wp.com\/blogdalucianaoliveira.com.br\/blog\/wp-content\/uploads\/2022\/11\/3F42DE11-43FC-4126-8ACB-CBB199FFCCF1.jpeg?resize=450%2C300 450w\" sizes=\"auto, (max-width: 600px) 100vw, 600px\" \/><\/figure>\n\n\n\n<p>FSP, <strong>S\u00c3O PAULO <\/strong>&#8211; O sil\u00eancio estrat\u00e9gico \u00e9 a melhor forma de combater a desinforma\u00e7\u00e3o, de acordo com Cristina Tard\u00e1guila, diretora do ICFJ (International Center for Journalists) e fundadora da Ag\u00eancia Lupa.<\/p>\n\n\n\n<!--more-->\n\n\n\n<p>Para ela, a imprensa deve aprender a ficar &#8220;tranquila&#8221; com a possibilidade de enterrar um assunto falso. &#8220;Antes de esclarecer sobre desinforma\u00e7\u00e3o, a gente precisa saber o tamanho dessa not\u00edcia, porque a gente corre o risco de estar sendo usada para amplificar uma narrativa falsa.&#8221;<\/p>\n\n\n\n<figure><iframe src=\"https:\/\/www.youtube.com\/embed\/bfutdf951TQ?enablejsapi=1\" allowfullscreen=\"\"><\/iframe><\/figure>\n\n\n\n<p>No \u00faltimo epis\u00f3dio de\u00a0<a href=\"https:\/\/www1.folha.uol.com.br\/folha-topicos\/eleicoes-na-internet\/\">Elei\u00e7\u00f5es na Internet<\/a>, Tard\u00e1guila tamb\u00e9m fala sobre a dificuldade das ag\u00eancias de checagem de levar a informa\u00e7\u00e3o ver\u00eddica a quem recebe a desinforma\u00e7\u00e3o. &#8220;Outro desafio \u00e9 vencer campanhas de intimida\u00e7\u00e3o feitas por quem quer deslegitimar a corre\u00e7\u00e3o das informa\u00e7\u00f5es&#8221;, aponta a jornalista \u2013que j\u00e1 foi amea\u00e7ada de morte por causa do seu trabalho.<\/p>\n\n\n\n<p>No m\u00eas passado, Alex Jones, empres\u00e1rio milion\u00e1rio com vasta presen\u00e7a digital dedicada ao conspiracionismo de extrema direita,&nbsp;<a href=\"https:\/\/www1.folha.uol.com.br\/mundo\/2022\/10\/teorico-da-conspiracao-e-condenado-a-pagar-us-1-bi-a-atingidos-por-fake-news-nos-eua.shtml\">foi condenado a pagar US$ 1 bilh\u00e3o a fam\u00edlias<\/a>&nbsp;de crian\u00e7as mortas no massacre da escola Sandy Hook, em Connecticut, em 2012.<\/p>\n\n\n\n<figure class=\"wp-block-image\"><img data-recalc-dims=\"1\" decoding=\"async\" src=\"https:\/\/i0.wp.com\/f.i.uol.com.br\/fotografia\/2022\/11\/04\/1667569629636517dd78889_1667569629_3x2_md.jpg?w=600&#038;ssl=1\" alt=\"Patr\u00edcia Campos Mello conversa com Cristina Tard\u00e1guila via zoom, ambas s\u00e3o mulheres brancas\"\/><figcaption>A rep\u00f3rter Patr\u00edcia Campos Mello conversa com Cristina Tard\u00e1guila em Elei\u00e7\u00f5es na Internet &#8211;&nbsp;Folhapress<\/figcaption><\/figure>\n\n\n\n<p>Jones faturou uma fortuna com a&nbsp;<a href=\"https:\/\/www1.folha.uol.com.br\/mundo\/2019\/03\/familias-de-vitimas-do-massacre-em-sandy-hook-podem-processar-fabricante-de-armas.shtml\">mentira de que o massacre nunca ocorreu<\/a>, n\u00e3o passou de encena\u00e7\u00e3o.<\/p>\n\n\n\n<p>Para Tard\u00e1guila, o sistema de controle da distribui\u00e7\u00e3o de an\u00fancios realizado no Brasil \u00e9 muito prec\u00e1rio. &#8220;Existem grandes movimentos mundo afora para ajudar os marqueteiros a saberem onde colocar seus an\u00fancios. Enquanto isso, pessoas como Alex Jones e v\u00e1rios desinformadores travestidos de jornalistas no Brasil continuam enchendo o bolso com AdSense [servi\u00e7o de publicidade do Google].<\/p>\n\n\n\n<p>Apresentada pela&nbsp;<a href=\"https:\/\/www1.folha.uol.com.br\/autores\/patricia-campos-mello.shtml\">rep\u00f3rter especial Patr\u00edcia Campos Mello<\/a>, a s\u00e9rie Elei\u00e7\u00f5es na Internet tamb\u00e9m conta com a participa\u00e7\u00e3o de Carlos Affonso Souza, diretor do ITS (Instituto de Tecnologia e Sociedade).<\/p>\n\n\n\n<p>O projeto \u00e9 uma parceria da&nbsp;<strong>Folha<\/strong>&nbsp;com o ITS (Instituto de Tecnologia e Sociedade) com apoio do YouTube. Os epis\u00f3dios tamb\u00e9m est\u00e3o dispon\u00edveis nos principais tocadores de podcast.<\/p>\n\n\n\n<figure><iframe loading=\"lazy\" src=\"https:\/\/omny.fm\/shows\/eleicoes-na-internet\/o-sil-ncio-estrat-gico-contra-as-fake-news\/embed\" height=\"100%\" width=\"100%\" allowfullscreen=\"\"><\/iframe><\/figure>\n\n\n\n<p><\/p>\n","protected":false},"excerpt":{"rendered":"<p>FSP, S\u00c3O PAULO &#8211; O sil\u00eancio estrat\u00e9gico \u00e9 a melhor forma de combater a desinforma\u00e7\u00e3o, de acordo com Cristina Tard\u00e1guila, diretora do ICFJ (International Center for Journalists) e fundadora da Ag\u00eancia Lupa.<\/p>\n","protected":false},"author":1,"featured_media":0,"comment_status":"closed","ping_status":"open","sticky":false,"template":"","format":"standard","meta":{"_exactmetrics_skip_tracking":false,"_exactmetrics_sitenote_active":false,"_exactmetrics_sitenote_note":"","_exactmetrics_sitenote_category":0,"jetpack_post_was_ever_published":false,"_jetpack_newsletter_access":"","_jetpack_dont_email_post_to_subs":false,"_jetpack_newsletter_tier_id":0,"_jetpack_memberships_contains_paywalled_content":false,"_jetpack_memberships_contains_paid_content":false,"footnotes":"","jetpack_publicize_message":"","jetpack_publicize_feature_enabled":true,"jetpack_social_post_already_shared":true,"jetpack_social_options":{"image_generator_settings":{"template":"highway","enabled":false},"version":2}},"categories":[1],"tags":[],"class_list":["post-34317","post","type-post","status-publish","format-standard","hentry","category-notas"],"jetpack_publicize_connections":[],"jetpack_sharing_enabled":true,"jetpack_featured_media_url":"","jetpack_shortlink":"https:\/\/wp.me\/p7wKYW-8Vv","jetpack-related-posts":[],"_links":{"self":[{"href":"http:\/\/blogdalucianaoliveira.com.br\/blog\/wp-json\/wp\/v2\/posts\/34317","targetHints":{"allow":["GET"]}}],"collection":[{"href":"http:\/\/blogdalucianaoliveira.com.br\/blog\/wp-json\/wp\/v2\/posts"}],"about":[{"href":"http:\/\/blogdalucianaoliveira.com.br\/blog\/wp-json\/wp\/v2\/types\/post"}],"author":[{"embeddable":true,"href":"http:\/\/blogdalucianaoliveira.com.br\/blog\/wp-json\/wp\/v2\/users\/1"}],"replies":[{"embeddable":true,"href":"http:\/\/blogdalucianaoliveira.com.br\/blog\/wp-json\/wp\/v2\/comments?post=34317"}],"version-history":[{"count":1,"href":"http:\/\/blogdalucianaoliveira.com.br\/blog\/wp-json\/wp\/v2\/posts\/34317\/revisions"}],"predecessor-version":[{"id":34319,"href":"http:\/\/blogdalucianaoliveira.com.br\/blog\/wp-json\/wp\/v2\/posts\/34317\/revisions\/34319"}],"wp:attachment":[{"href":"http:\/\/blogdalucianaoliveira.com.br\/blog\/wp-json\/wp\/v2\/media?parent=34317"}],"wp:term":[{"taxonomy":"category","embeddable":true,"href":"http:\/\/blogdalucianaoliveira.com.br\/blog\/wp-json\/wp\/v2\/categories?post=34317"},{"taxonomy":"post_tag","embeddable":true,"href":"http:\/\/blogdalucianaoliveira.com.br\/blog\/wp-json\/wp\/v2\/tags?post=34317"}],"curies":[{"name":"wp","href":"https:\/\/api.w.org\/{rel}","templated":true}]}}