{"id":34320,"date":"2022-11-08T16:51:47","date_gmt":"2022-11-08T20:51:47","guid":{"rendered":"http:\/\/blogdalucianaoliveira.com.br\/blog\/?p=34320"},"modified":"2022-11-08T16:51:55","modified_gmt":"2022-11-08T20:51:55","slug":"como-a-democracia-deve-lidar-com-manifestacoes-contra-a-democracia","status":"publish","type":"post","link":"http:\/\/blogdalucianaoliveira.com.br\/blog\/2022\/11\/08\/como-a-democracia-deve-lidar-com-manifestacoes-contra-a-democracia\/","title":{"rendered":"Como a democracia deve lidar com manifesta\u00e7\u00f5es contra a democracia?"},"content":{"rendered":"\n<figure class=\"wp-block-image size-large\"><img loading=\"lazy\" decoding=\"async\" width=\"1200\" height=\"800\" data-attachment-id=\"34321\" data-permalink=\"http:\/\/blogdalucianaoliveira.com.br\/blog\/2022\/11\/08\/como-a-democracia-deve-lidar-com-manifestacoes-contra-a-democracia\/78ca55c9-9ec0-4a0d-af5e-41ade70fb6ca\/\" data-orig-file=\"https:\/\/i0.wp.com\/blogdalucianaoliveira.com.br\/blog\/wp-content\/uploads\/2022\/11\/78CA55C9-9EC0-4A0D-AF5E-41ADE70FB6CA.jpeg?fit=1200%2C800\" data-orig-size=\"1200,800\" data-comments-opened=\"0\" data-image-meta=\"{&quot;aperture&quot;:&quot;0&quot;,&quot;credit&quot;:&quot;&quot;,&quot;camera&quot;:&quot;&quot;,&quot;caption&quot;:&quot;&quot;,&quot;created_timestamp&quot;:&quot;0&quot;,&quot;copyright&quot;:&quot;&quot;,&quot;focal_length&quot;:&quot;0&quot;,&quot;iso&quot;:&quot;0&quot;,&quot;shutter_speed&quot;:&quot;0&quot;,&quot;title&quot;:&quot;&quot;,&quot;orientation&quot;:&quot;0&quot;}\" data-image-title=\"78CA55C9-9EC0-4A0D-AF5E-41ADE70FB6CA\" data-image-description=\"\" data-image-caption=\"\" data-medium-file=\"https:\/\/i0.wp.com\/blogdalucianaoliveira.com.br\/blog\/wp-content\/uploads\/2022\/11\/78CA55C9-9EC0-4A0D-AF5E-41ADE70FB6CA.jpeg?fit=300%2C200\" data-large-file=\"https:\/\/i0.wp.com\/blogdalucianaoliveira.com.br\/blog\/wp-content\/uploads\/2022\/11\/78CA55C9-9EC0-4A0D-AF5E-41ADE70FB6CA.jpeg?fit=600%2C400\" src=\"https:\/\/i0.wp.com\/blogdalucianaoliveira.com.br\/blog\/wp-content\/uploads\/2022\/11\/78CA55C9-9EC0-4A0D-AF5E-41ADE70FB6CA.jpeg?fit=600%2C400\" alt=\"\" class=\"wp-image-34321\" srcset=\"https:\/\/i0.wp.com\/blogdalucianaoliveira.com.br\/blog\/wp-content\/uploads\/2022\/11\/78CA55C9-9EC0-4A0D-AF5E-41ADE70FB6CA.jpeg?w=1200 1200w, https:\/\/i0.wp.com\/blogdalucianaoliveira.com.br\/blog\/wp-content\/uploads\/2022\/11\/78CA55C9-9EC0-4A0D-AF5E-41ADE70FB6CA.jpeg?resize=300%2C200 300w, https:\/\/i0.wp.com\/blogdalucianaoliveira.com.br\/blog\/wp-content\/uploads\/2022\/11\/78CA55C9-9EC0-4A0D-AF5E-41ADE70FB6CA.jpeg?resize=1024%2C683 1024w, https:\/\/i0.wp.com\/blogdalucianaoliveira.com.br\/blog\/wp-content\/uploads\/2022\/11\/78CA55C9-9EC0-4A0D-AF5E-41ADE70FB6CA.jpeg?resize=768%2C512 768w, https:\/\/i0.wp.com\/blogdalucianaoliveira.com.br\/blog\/wp-content\/uploads\/2022\/11\/78CA55C9-9EC0-4A0D-AF5E-41ADE70FB6CA.jpeg?resize=450%2C300 450w\" sizes=\"auto, (max-width: 600px) 100vw, 600px\" \/><\/figure>\n\n\n\n<p><br>Na FSP, <a href=\"https:\/\/www1.folha.uol.com.br\/colunas\/helioschwartsman\/\">H\u00e9lio Schwartsman<\/a> &#8211; A\u00a0<a rel=\"noreferrer noopener\" href=\"https:\/\/www1.folha.uol.com.br\/mundo\/2022\/09\/democracia-enfrenta-paradoxo-de-ser-ameacada-por-ideal-de-liberdade.shtml\" target=\"_blank\">democracia pode tolerar<\/a>\u00a0protestos contra a democracia? A pergunta tem interesse acad\u00eamico, mas, no mundo real, nem \u00e9 preciso ter uma resposta a ela para mandar reprimir\u00a0<a rel=\"noreferrer noopener\" href=\"https:\/\/www1.folha.uol.com.br\/poder\/2022\/11\/atos-antidemocraticos-sao-chefiados-e-financiados-por-empresarios-dizem-procuradores-a-moraes.shtml\" target=\"_blank\">manifesta\u00e7\u00f5es de bolsonaristas<\/a>\u00a0que ainda pipocam a\u00ed. Os manifestantes, afinal, v\u00eam cometendo uma s\u00e9rie de delitos, como constrangimento ilegal e desobedi\u00eancia, que independem de uma an\u00e1lise das motiva\u00e7\u00f5es para justificar a a\u00e7\u00e3o policial.<\/p>\n\n\n\n<!--more-->\n\n\n\n<p>A quest\u00e3o te\u00f3rica, por\u00e9m, \u00e9 das mais interessantes. O reflexo autom\u00e1tico do autoritarismo sempre foi classificar qualquer manifesta\u00e7\u00e3o que envolva mudan\u00e7as mais radicais como apologia de algum crime e proibi-la\/reprimi-la. Era o mecanismo utilizado, por exemplo, contra as marchas da maconha. Mas, em 2011, o Supremo entendeu, acertadamente, que defender mudan\u00e7as na legisla\u00e7\u00e3o \u00e9 comportamento coberto pela liberdade de express\u00e3o, n\u00e3o podendo ser criminalizado.<\/p>\n\n\n\n<p>N\u00e3o espero muita sofistica\u00e7\u00e3o intelectual dos baderneiros bolsonaristas, mas, seguindo essa mesma l\u00f3gica, eles se livrariam de parte dos problemas jur\u00eddicos se parassem de pedir uma interven\u00e7\u00e3o dos militares contra o resultado das elei\u00e7\u00f5es e passassem a defender uma mudan\u00e7a na Carta que desse aos generais o poder de atuar como \u00e1rbitros finais em disputas pol\u00edticas. Sim, \u00e9 trocar seis por meia d\u00fazia, mas bastaria para afastar o enquadramento de apologia, o que nos leva a uma aporia.<\/p>\n\n\n\n<p>Existe um continuum entre pensamentos, palavras e a\u00e7\u00f5es. Proibir o pensamento \u00e9 uma impossibilidade; proibir palavras \u00e9 fact\u00edvel, mas geralmente indesej\u00e1vel. Inova\u00e7\u00f5es positivas muitas vezes surgem indistingu\u00edveis de uma subvers\u00e3o da ordem estabelecida. Isso significa que medidas de defesa do Estado se tornam leg\u00edtimas em algum ponto entre as palavras e as a\u00e7\u00f5es, n\u00e3o antes. Na pr\u00e1tica, criticar ou mesmo desprezar a democracia \u00e9 parte do jogo. Dar passos concretos para derrub\u00e1-la \u00e9 que deve ser considerado crime \u2014 e dos mais graves.\u00a0<\/p>\n","protected":false},"excerpt":{"rendered":"<p>Na FSP, H\u00e9lio Schwartsman &#8211; A\u00a0democracia pode tolerar\u00a0protestos contra a democracia? A pergunta tem interesse acad\u00eamico, mas, no mundo real, nem \u00e9 preciso ter uma resposta a ela para mandar reprimir\u00a0manifesta\u00e7\u00f5es de bolsonaristas\u00a0que ainda pipocam a\u00ed. Os manifestantes, afinal, v\u00eam cometendo uma s\u00e9rie de delitos, como constrangimento ilegal e desobedi\u00eancia, que independem de uma an\u00e1lise&#8230;<a class=\"more-link\" href=\"http:\/\/blogdalucianaoliveira.com.br\/blog\/2022\/11\/08\/como-a-democracia-deve-lidar-com-manifestacoes-contra-a-democracia\/\">Continue a leitura <span class=\"meta-nav\">&raquo;<\/span><\/a><\/p>\n","protected":false},"author":1,"featured_media":0,"comment_status":"closed","ping_status":"open","sticky":false,"template":"","format":"standard","meta":{"_exactmetrics_skip_tracking":false,"_exactmetrics_sitenote_active":false,"_exactmetrics_sitenote_note":"","_exactmetrics_sitenote_category":0,"jetpack_post_was_ever_published":false,"_jetpack_newsletter_access":"","_jetpack_dont_email_post_to_subs":false,"_jetpack_newsletter_tier_id":0,"_jetpack_memberships_contains_paywalled_content":false,"_jetpack_memberships_contains_paid_content":false,"footnotes":"","jetpack_publicize_message":"","jetpack_publicize_feature_enabled":true,"jetpack_social_post_already_shared":true,"jetpack_social_options":{"image_generator_settings":{"template":"highway","enabled":false},"version":2}},"categories":[1],"tags":[],"class_list":["post-34320","post","type-post","status-publish","format-standard","hentry","category-notas"],"jetpack_publicize_connections":[],"jetpack_sharing_enabled":true,"jetpack_featured_media_url":"","jetpack_shortlink":"https:\/\/wp.me\/p7wKYW-8Vy","jetpack-related-posts":[],"_links":{"self":[{"href":"http:\/\/blogdalucianaoliveira.com.br\/blog\/wp-json\/wp\/v2\/posts\/34320","targetHints":{"allow":["GET"]}}],"collection":[{"href":"http:\/\/blogdalucianaoliveira.com.br\/blog\/wp-json\/wp\/v2\/posts"}],"about":[{"href":"http:\/\/blogdalucianaoliveira.com.br\/blog\/wp-json\/wp\/v2\/types\/post"}],"author":[{"embeddable":true,"href":"http:\/\/blogdalucianaoliveira.com.br\/blog\/wp-json\/wp\/v2\/users\/1"}],"replies":[{"embeddable":true,"href":"http:\/\/blogdalucianaoliveira.com.br\/blog\/wp-json\/wp\/v2\/comments?post=34320"}],"version-history":[{"count":1,"href":"http:\/\/blogdalucianaoliveira.com.br\/blog\/wp-json\/wp\/v2\/posts\/34320\/revisions"}],"predecessor-version":[{"id":34322,"href":"http:\/\/blogdalucianaoliveira.com.br\/blog\/wp-json\/wp\/v2\/posts\/34320\/revisions\/34322"}],"wp:attachment":[{"href":"http:\/\/blogdalucianaoliveira.com.br\/blog\/wp-json\/wp\/v2\/media?parent=34320"}],"wp:term":[{"taxonomy":"category","embeddable":true,"href":"http:\/\/blogdalucianaoliveira.com.br\/blog\/wp-json\/wp\/v2\/categories?post=34320"},{"taxonomy":"post_tag","embeddable":true,"href":"http:\/\/blogdalucianaoliveira.com.br\/blog\/wp-json\/wp\/v2\/tags?post=34320"}],"curies":[{"name":"wp","href":"https:\/\/api.w.org\/{rel}","templated":true}]}}