{"id":34323,"date":"2022-11-08T16:58:33","date_gmt":"2022-11-08T20:58:33","guid":{"rendered":"http:\/\/blogdalucianaoliveira.com.br\/blog\/?p=34323"},"modified":"2022-11-08T16:58:42","modified_gmt":"2022-11-08T20:58:42","slug":"o-fracasso-do-neoliberalismo","status":"publish","type":"post","link":"http:\/\/blogdalucianaoliveira.com.br\/blog\/2022\/11\/08\/o-fracasso-do-neoliberalismo\/","title":{"rendered":"O FRACASSO DO NEOLIBERALISMO"},"content":{"rendered":"\n<figure class=\"wp-block-image size-large\"><img data-recalc-dims=\"1\" loading=\"lazy\" decoding=\"async\" width=\"600\" height=\"400\" data-attachment-id=\"34324\" data-permalink=\"http:\/\/blogdalucianaoliveira.com.br\/blog\/2022\/11\/08\/o-fracasso-do-neoliberalismo\/o-ministro-da-economia-paulo-guedes-faz-palestra-na-associacao-comercial-do-rio-de-janeiro-acrj-centro-da-cidade\/\" data-orig-file=\"https:\/\/i0.wp.com\/blogdalucianaoliveira.com.br\/blog\/wp-content\/uploads\/2022\/11\/353789C6-6205-49DD-870D-5153764CA909.jpeg?fit=740%2C493\" data-orig-size=\"740,493\" data-comments-opened=\"0\" data-image-meta=\"{&quot;aperture&quot;:&quot;2.8&quot;,&quot;credit&quot;:&quot;T\\u00e2nia R\\u00eago\\\/Ag\\u00eancia Brasil&quot;,&quot;camera&quot;:&quot;Canon EOS 7D Mark II&quot;,&quot;caption&quot;:&quot;O ministro da Economia, Paulo Guedes. faz palestra na Associa\\u00e7\\u00e3o Comercial do Rio de Janeiro (ACRJ), centro da cidade.&quot;,&quot;created_timestamp&quot;:&quot;1663113600&quot;,&quot;copyright&quot;:&quot;Ag\\u00eancia Brasil\\\/EBC&quot;,&quot;focal_length&quot;:&quot;200&quot;,&quot;iso&quot;:&quot;2500&quot;,&quot;shutter_speed&quot;:&quot;0.004&quot;,&quot;title&quot;:&quot;O ministro da Economia, Paulo Guedes. faz palestra na Associa\\u00e7\\u00e3o Comercial do Rio de Janeiro (ACRJ), centro da cidade.&quot;,&quot;orientation&quot;:&quot;1&quot;}\" data-image-title=\"O ministro da Economia, Paulo Guedes. faz palestra na Associa\u00e7\u00e3o Comercial do Rio de Janeiro (ACRJ), centro da cidade.\" data-image-description=\"\" data-image-caption=\"&lt;p&gt;O ministro da Economia, Paulo Guedes. faz palestra na Associa\u00e7\u00e3o Comercial do Rio de Janeiro (ACRJ), centro da cidade.&lt;\/p&gt;\n\" data-medium-file=\"https:\/\/i0.wp.com\/blogdalucianaoliveira.com.br\/blog\/wp-content\/uploads\/2022\/11\/353789C6-6205-49DD-870D-5153764CA909.jpeg?fit=300%2C200\" data-large-file=\"https:\/\/i0.wp.com\/blogdalucianaoliveira.com.br\/blog\/wp-content\/uploads\/2022\/11\/353789C6-6205-49DD-870D-5153764CA909.jpeg?fit=600%2C400\" src=\"https:\/\/i0.wp.com\/blogdalucianaoliveira.com.br\/blog\/wp-content\/uploads\/2022\/11\/353789C6-6205-49DD-870D-5153764CA909.jpeg?resize=600%2C400\" alt=\"\" class=\"wp-image-34324\" srcset=\"https:\/\/i0.wp.com\/blogdalucianaoliveira.com.br\/blog\/wp-content\/uploads\/2022\/11\/353789C6-6205-49DD-870D-5153764CA909.jpeg?w=740 740w, https:\/\/i0.wp.com\/blogdalucianaoliveira.com.br\/blog\/wp-content\/uploads\/2022\/11\/353789C6-6205-49DD-870D-5153764CA909.jpeg?resize=300%2C200 300w, https:\/\/i0.wp.com\/blogdalucianaoliveira.com.br\/blog\/wp-content\/uploads\/2022\/11\/353789C6-6205-49DD-870D-5153764CA909.jpeg?resize=450%2C300 450w\" sizes=\"auto, (max-width: 600px) 100vw, 600px\" \/><\/figure>\n\n\n\n<p>O Cafezinho, por <a href=\"https:\/\/www.ocafezinho.com\/author\/pbreier\/\">Por Pedro Breier<\/a> &#8211; Entra governo, sai governo e o samba de uma nota s\u00f3 de incont\u00e1veis comentaristas pol\u00edticos, amadores e profissionais, segue tocando: \u201ccuidado com o rombo fiscal!\u201d. Para sermos justos, h\u00e1 uma varia\u00e7\u00e3o importante no samba, j\u00e1 que a grita sobre os gastos p\u00fablicos costuma ser maior quando o governo da vez est\u00e1 \u00e0 esquerda no espectro pol\u00edtico.<\/p>\n\n\n\n<!--more-->\n\n\n\n<p>O momento, contudo, \u00e9 prop\u00edcio para ouvirmos uma m\u00fasica mais sofisticada.&nbsp;<\/p>\n\n\n\n<p>O monoc\u00f3rdio receitu\u00e1rio neoliberal \u2013 corte de gastos e privatiza\u00e7\u00f5es \u2013 \u00e9 um rotundo fracasso. Paulo Guedes, o mago do liberalismo tropical, vai entregar um pa\u00eds em que mais de 60 milh\u00f5es de pessoas sofrem com&nbsp;<a href=\"https:\/\/g1.globo.com\/economia\/noticia\/2022\/07\/06\/mais-de-60-milhoes-de-brasileiros-sofrem-com-inseguranca-alimentar-diz-fao.ghtml\" target=\"_blank\" rel=\"noreferrer noopener\">inseguran\u00e7a alimentar<\/a>.&nbsp;<\/p>\n\n\n\n<p>De 2014 a 2016, 18,3% da popula\u00e7\u00e3o brasileira estava nessa situa\u00e7\u00e3o; de 2019 a 2021 esse percentual avan\u00e7ou para 28,9%. A inseguran\u00e7a alimentar grave, que \u00e9 quando as pessoas provavelmente ficaram sem comida, passaram fome ou ficaram dias sem comer, atingia 3,9 milh\u00f5es de brasileiros de 2014 a 2016 (1,9%) e passou a atingir 15,4 milh\u00f5es de 2019 a 2021 (7,3%).\u00a0<a rel=\"noreferrer noopener\" href=\"https:\/\/www.cnnbrasil.com.br\/nacional\/inseguranca-alimentar-grave-afeta-154-milhoes-de-brasileiros\/#:~:text=Os%20dados%20mostram%20um%20crescimento,%2C%20ou%201%2C9%25.\" target=\"_blank\">S\u00e3o dados da FAO<\/a>, setor das Na\u00e7\u00f5es Unidas respons\u00e1vel pela alimenta\u00e7\u00e3o e agricultura no mundo.<\/p>\n\n\n\n<p>Se voc\u00ea duvida, como os negacionistas Jair Bolsonaro e Paulo Guedes dizem duvidar, basta andar pela \u00e1rea central de uma grande cidade brasileira para perceber a multiplica\u00e7\u00e3o espantosa de moradores de rua nos \u00faltimos anos.&nbsp;<\/p>\n\n\n\n<p>Sal\u00e1rio m\u00ednimo congelado, aus\u00eancia de investimentos p\u00fablicos que gerem empregos e dinamizem a economia, destrui\u00e7\u00e3o dos direitos trabalhistas e consequente migra\u00e7\u00e3o de milh\u00f5es de pessoas para a informalidade foram algumas das \u201cobras\u201d de Temer, depois Guedes e Bolsonaro. Resultado: a renda m\u00e9dia do brasileiro caiu, em 2021, ao menor valor da s\u00e9rie hist\u00f3rica, iniciada em 2012,&nbsp;<a href=\"https:\/\/www.cartacapital.com.br\/economia\/renda-media-do-brasileiro-atinge-o-menor-valor-da-serie-historica-diz-ibge\/\" target=\"_blank\" rel=\"noreferrer noopener\">conforme o IBGE<\/a>.&nbsp;<\/p>\n\n\n\n<p>Para completar temos a infla\u00e7\u00e3o galopante, em especial nos alimentos, o que atinge em cheio exatamente o bolso das pessoas que viram sua renda ser corro\u00edda pelas pol\u00edticas do governo federal.<\/p>\n\n\n\n<p>Diante desse estado de coisas \u00e9 escandoloso que se grite \u201crombo fiscal!\u201d quando Lula e sua equipe d\u00e3o sinais de que v\u00e3o retomar as pol\u00edticas que tiraram o brasil do mapa da fome e fizeram o pa\u00eds crescer&nbsp;<em>incluindo o pobre na economia<\/em>, como costuma repetir o presidente eleito.&nbsp;<\/p>\n\n\n\n<p>A sacralidade do super\u00e1vit em um pa\u00eds estagnado e com milh\u00f5es de famintos \u00e9, al\u00e9m de desumana, burra.&nbsp;<\/p>\n\n\n\n<p>Muitos economistas t\u00eam defendido a tese de que a emiss\u00e3o de moeda n\u00e3o necessariamente gera infla\u00e7\u00e3o. Emitir moeda para investir pode ter, na verdade, um efeito positivo: como a infla\u00e7\u00e3o brasileira evidentemente n\u00e3o vem da alta demanda, j\u00e1 que a economia est\u00e1 deprimida, \u00e9 de se esperar que uma inje\u00e7\u00e3o de investimentos p\u00fablicos \u2013 retomando obras paradas, por exemplo \u2013 aque\u00e7a a economia ao gerar empregos e, combinada com o aumento real do sal\u00e1rio m\u00ednimo, d\u00ea mais poder de compra \u00e0 popula\u00e7\u00e3o.<\/p>\n\n\n\n<p>Com mais pessoas empregadas temos mais consumidores, o que gera mais vendas para as pequenas e grandes empresas, o que aquece tamb\u00e9m a produ\u00e7\u00e3o das f\u00e1bricas. Eis o ciclo virtuoso que pode ser impulsionado por investimentos p\u00fablicos.<\/p>\n\n\n\n<p>Investimento \u00e9 a palavra, e n\u00e3o gasto. Lula falou durante a campanha que n\u00e3o considera que gasto com educa\u00e7\u00e3o \u00e9 gasto, mas sim investimento. E n\u00e3o \u00e9 verdade? Qualquer pa\u00eds do mundo que pretenda crescer e avan\u00e7ar nos seus indicadores sociais e econ\u00f4micos precisa investir pesadamente em educa\u00e7\u00e3o, ci\u00eancia, tecnologia, infraestrutura, etc. Parece uma obviedade, mas d\u00e9cadas de propaganda massiva neoliberal turvaram nossa vista e \u00e0s vezes nos impedem de enxergar o \u00f3bvio.<\/p>\n\n\n\n<p>Mas o momento \u00e9 prop\u00edcio para que se d\u00ea \u00e0 economia brasileira um outro rumo. \u00c9 cada vez mais evidente que os pa\u00edses desenvolvidos empurram o neoliberalismo para a periferia do mundo enquanto investem com for\u00e7a nos setores estrat\u00e9gicos das suas economias. A velha m\u00eddia e os suspeitos de sempre v\u00e3o seguir no seu samba de uma nota s\u00f3, mas \u00e9 ineg\u00e1vel que a economia precisa desesperadamente de uma inje\u00e7\u00e3o de \u00e2nimo \u2013 ou seja, de investimento p\u00fablico pesado.<\/p>\n\n\n\n<p>Os sinais que Lula deu durante a campanha e os movimentos de sua equipe de transi\u00e7\u00e3o s\u00e3o animadores. Enquanto houver um m\u00edsero cidad\u00e3o com fome, que \u201crombo fiscal\u201d passe bem longe do nosso vocabul\u00e1rio.<\/p>\n","protected":false},"excerpt":{"rendered":"<p>O Cafezinho, por Por Pedro Breier &#8211; Entra governo, sai governo e o samba de uma nota s\u00f3 de incont\u00e1veis comentaristas pol\u00edticos, amadores e profissionais, segue tocando: \u201ccuidado com o rombo fiscal!\u201d. Para sermos justos, h\u00e1 uma varia\u00e7\u00e3o importante no samba, j\u00e1 que a grita sobre os gastos p\u00fablicos costuma ser maior quando o governo&#8230;<a class=\"more-link\" href=\"http:\/\/blogdalucianaoliveira.com.br\/blog\/2022\/11\/08\/o-fracasso-do-neoliberalismo\/\">Continue a leitura <span class=\"meta-nav\">&raquo;<\/span><\/a><\/p>\n","protected":false},"author":1,"featured_media":0,"comment_status":"closed","ping_status":"open","sticky":false,"template":"","format":"standard","meta":{"_exactmetrics_skip_tracking":false,"_exactmetrics_sitenote_active":false,"_exactmetrics_sitenote_note":"","_exactmetrics_sitenote_category":0,"jetpack_post_was_ever_published":false,"_jetpack_newsletter_access":"","_jetpack_dont_email_post_to_subs":false,"_jetpack_newsletter_tier_id":0,"_jetpack_memberships_contains_paywalled_content":false,"_jetpack_memberships_contains_paid_content":false,"footnotes":"","jetpack_publicize_message":"","jetpack_publicize_feature_enabled":true,"jetpack_social_post_already_shared":true,"jetpack_social_options":{"image_generator_settings":{"template":"highway","enabled":false},"version":2}},"categories":[1],"tags":[],"class_list":["post-34323","post","type-post","status-publish","format-standard","hentry","category-notas"],"jetpack_publicize_connections":[],"jetpack_sharing_enabled":true,"jetpack_featured_media_url":"","jetpack_shortlink":"https:\/\/wp.me\/p7wKYW-8VB","jetpack-related-posts":[],"_links":{"self":[{"href":"http:\/\/blogdalucianaoliveira.com.br\/blog\/wp-json\/wp\/v2\/posts\/34323","targetHints":{"allow":["GET"]}}],"collection":[{"href":"http:\/\/blogdalucianaoliveira.com.br\/blog\/wp-json\/wp\/v2\/posts"}],"about":[{"href":"http:\/\/blogdalucianaoliveira.com.br\/blog\/wp-json\/wp\/v2\/types\/post"}],"author":[{"embeddable":true,"href":"http:\/\/blogdalucianaoliveira.com.br\/blog\/wp-json\/wp\/v2\/users\/1"}],"replies":[{"embeddable":true,"href":"http:\/\/blogdalucianaoliveira.com.br\/blog\/wp-json\/wp\/v2\/comments?post=34323"}],"version-history":[{"count":1,"href":"http:\/\/blogdalucianaoliveira.com.br\/blog\/wp-json\/wp\/v2\/posts\/34323\/revisions"}],"predecessor-version":[{"id":34325,"href":"http:\/\/blogdalucianaoliveira.com.br\/blog\/wp-json\/wp\/v2\/posts\/34323\/revisions\/34325"}],"wp:attachment":[{"href":"http:\/\/blogdalucianaoliveira.com.br\/blog\/wp-json\/wp\/v2\/media?parent=34323"}],"wp:term":[{"taxonomy":"category","embeddable":true,"href":"http:\/\/blogdalucianaoliveira.com.br\/blog\/wp-json\/wp\/v2\/categories?post=34323"},{"taxonomy":"post_tag","embeddable":true,"href":"http:\/\/blogdalucianaoliveira.com.br\/blog\/wp-json\/wp\/v2\/tags?post=34323"}],"curies":[{"name":"wp","href":"https:\/\/api.w.org\/{rel}","templated":true}]}}