{"id":34326,"date":"2022-11-08T18:13:14","date_gmt":"2022-11-08T22:13:14","guid":{"rendered":"http:\/\/blogdalucianaoliveira.com.br\/blog\/?p=34326"},"modified":"2022-11-08T18:13:16","modified_gmt":"2022-11-08T22:13:16","slug":"clipe-da-copa-do-mundo-tem-ritmo-do-norte","status":"publish","type":"post","link":"http:\/\/blogdalucianaoliveira.com.br\/blog\/2022\/11\/08\/clipe-da-copa-do-mundo-tem-ritmo-do-norte\/","title":{"rendered":"Clipe da Copa do Mundo tem ritmo do Norte"},"content":{"rendered":"\n<figure class=\"wp-block-image size-large\"><img loading=\"lazy\" decoding=\"async\" width=\"1280\" height=\"720\" data-attachment-id=\"34327\" data-permalink=\"http:\/\/blogdalucianaoliveira.com.br\/blog\/2022\/11\/08\/clipe-da-copa-do-mundo-tem-ritmo-do-norte\/9948ecb5-213f-4efd-a62a-ce61655bc71a\/\" data-orig-file=\"https:\/\/i0.wp.com\/blogdalucianaoliveira.com.br\/blog\/wp-content\/uploads\/2022\/11\/9948ECB5-213F-4EFD-A62A-CE61655BC71A.jpeg?fit=1280%2C720\" data-orig-size=\"1280,720\" data-comments-opened=\"0\" data-image-meta=\"{&quot;aperture&quot;:&quot;0&quot;,&quot;credit&quot;:&quot;&quot;,&quot;camera&quot;:&quot;&quot;,&quot;caption&quot;:&quot;&quot;,&quot;created_timestamp&quot;:&quot;0&quot;,&quot;copyright&quot;:&quot;&quot;,&quot;focal_length&quot;:&quot;0&quot;,&quot;iso&quot;:&quot;0&quot;,&quot;shutter_speed&quot;:&quot;0&quot;,&quot;title&quot;:&quot;&quot;,&quot;orientation&quot;:&quot;0&quot;}\" data-image-title=\"9948ECB5-213F-4EFD-A62A-CE61655BC71A\" data-image-description=\"\" data-image-caption=\"\" data-medium-file=\"https:\/\/i0.wp.com\/blogdalucianaoliveira.com.br\/blog\/wp-content\/uploads\/2022\/11\/9948ECB5-213F-4EFD-A62A-CE61655BC71A.jpeg?fit=300%2C169\" data-large-file=\"https:\/\/i0.wp.com\/blogdalucianaoliveira.com.br\/blog\/wp-content\/uploads\/2022\/11\/9948ECB5-213F-4EFD-A62A-CE61655BC71A.jpeg?fit=600%2C338\" src=\"https:\/\/i0.wp.com\/blogdalucianaoliveira.com.br\/blog\/wp-content\/uploads\/2022\/11\/9948ECB5-213F-4EFD-A62A-CE61655BC71A.jpeg?fit=600%2C338\" alt=\"\" class=\"wp-image-34327\" srcset=\"https:\/\/i0.wp.com\/blogdalucianaoliveira.com.br\/blog\/wp-content\/uploads\/2022\/11\/9948ECB5-213F-4EFD-A62A-CE61655BC71A.jpeg?w=1280 1280w, https:\/\/i0.wp.com\/blogdalucianaoliveira.com.br\/blog\/wp-content\/uploads\/2022\/11\/9948ECB5-213F-4EFD-A62A-CE61655BC71A.jpeg?resize=300%2C169 300w, https:\/\/i0.wp.com\/blogdalucianaoliveira.com.br\/blog\/wp-content\/uploads\/2022\/11\/9948ECB5-213F-4EFD-A62A-CE61655BC71A.jpeg?resize=1024%2C576 1024w, https:\/\/i0.wp.com\/blogdalucianaoliveira.com.br\/blog\/wp-content\/uploads\/2022\/11\/9948ECB5-213F-4EFD-A62A-CE61655BC71A.jpeg?resize=768%2C432 768w, https:\/\/i0.wp.com\/blogdalucianaoliveira.com.br\/blog\/wp-content\/uploads\/2022\/11\/9948ECB5-213F-4EFD-A62A-CE61655BC71A.jpeg?resize=533%2C300 533w, https:\/\/i0.wp.com\/blogdalucianaoliveira.com.br\/blog\/wp-content\/uploads\/2022\/11\/9948ECB5-213F-4EFD-A62A-CE61655BC71A.jpeg?w=1200 1200w\" sizes=\"auto, (max-width: 600px) 100vw, 600px\" \/><\/figure>\n\n\n\n<p>Clipe de \u201cTa\u00e7a na M\u00e3o\u201d, a aposta musical dos artistas rondonienses Mariadri, Mc Karlo e Luan Moreira para embalar a torcida brasileira durante os jogos da copa, \u00e9 lan\u00e7ado neste dia 08 de outubro.<\/p>\n\n\n\n<!--more-->\n\n\n\n<p><br> \u00c0s v\u00e9speras do in\u00edcio da Copa do Mundo de Futebol os artistas lan\u00e7am um clipe com cenas que nos provoca nostalgia. Envoltos da atmosfera da comunidade onde mora o cantor Mariadri, assistimos os artistas e seus colegas pintarem muros com a bandeira do Brasil, estender varal de bandeirolas verde e amarela, jogarem pelada, assistirem ao ic\u00f4nico jogo do Brasil contra a Alemanha na final da copa de 2002, dentre outras cenas onde muita coisa acontece.<\/p>\n\n\n\n<p>ASSISTA AO CLIPE: https:\/\/youtu.be\/Va6dKfQcQIk<\/p>\n\n\n\n<p>Depois de assistir ao clipe, ficamos com aquela vontade de voltar no tempo quando torc\u00edamos pelo Brasil vestidos de verde e amarelo sem que isso estivesse ligado \u00e0 quest\u00f5es pol\u00edticas.<br>\nPara o diretor do clipe, \u00c9dier William \u201cTa\u00e7a na M\u00e3o \u00e9 uma profecia dan\u00e7ante de uni\u00e3o em tempos de separa\u00e7\u00e3o, somos todos brasileiros, amamos nosso pa\u00eds e espero que torcer pela Sele\u00e7\u00e3o Brasileira, fa\u00e7a as pessoas seguirem em frente. Tem uma cena r\u00e1pida no clipe que eu amo que \u00e9 de dois meninos de costas pintando o muro do campo onde a molecada joga pelada, um dos meninos est\u00e1 de verde e amarelo e o outro de vermelho. \u00c9 isso, vamos juntos torcer pelo Brasil\u201d.<br>\nO clipe foi filmado no campo da Associa\u00e7\u00e3o de Amigos de Futebol do Campo do Tucuru\u00ed, na Zona Sul de Porto Velho e na Triton Hookah Lounge, na Zona Leste.<br>\nSegundo Mariadri \u201cneste clipe nos concentramos em lembrar como \u00e9 torcer pelo Brasil, como \u00e9 reunir amigos para decorar a rua, a casa, a fazenda, lembrar como \u00e9 reunir os amigos para tomar um drink e assistir aos jogos. N\u00f3s quer\u00edamos mostrar como \u00e9 divertido torcer pelo Brasil e creio que conseguimos. Em v\u00e1rios momentos durante a grava\u00e7\u00e3o assistindo ao jogo da final de 2002 me arrepiei porque assistir o Brasil em campo, seja ao vivo ou em uma grava\u00e7\u00e3o \u00e9 emocionante\u201d.<\/p>\n\n\n\n<p>A M\u00daSICA EM RITMO DE NOIADANCE<\/p>\n\n\n\n<p>O Noiandance \u00e9 um ritmo que surgiu em Rond\u00f4nia e os artistas Funk com Noiadance para a cria\u00e7\u00e3o de uma m\u00fasica que tem tudo para embalar n\u00e3o apenas as festas de comemora\u00e7\u00e3o p\u00f3s jogos, mas tamb\u00e9m as revoadas da capital e do interior e quem sabe do Brasil.<br>\nSegundo Luan Moreira, beatmaker da m\u00fasica e um dos grandes nome da produ\u00e7\u00e3o de Noiadance de Porto Velho \u201cproduzir o Dutch, o Noiadance, \u00e9 algo que fa\u00e7o h\u00e1 muito tempo e amo porque \u00e9 um ritmo nosso, \u00e9 algo que foi criado aqui em Rond\u00f4nia e quando o \u00c9dier, que \u00e9 um dos produtores da m\u00fasica, me pediu para misturar o Funk com Dutch e ainda com tema da copa, topei o desafio na hora, pois esse tema nesse momento, pode fazer nosso ritmo ultrapassar nossas fronteiras e viajar o mundo\u201d.<\/p>\n\n\n\n<p>A PRODU\u00c7\u00c3O DO CLIPE<\/p>\n\n\n\n<p>Produzir qualquer produto audiovisual tem um custo muito alto, deste modo, seria f\u00e1cil deduzir que os artistas tiveram um grande or\u00e7amento para produzir o clipe, mas, segundo Mc Karlo, o clipe s\u00f3 foi poss\u00edvel pois \u201ctodas as pessoas que aparecem no clipe foram pela amizade. A equipe de filmagem foi trabalhar na amizade. A produ\u00e7\u00e3o, dire\u00e7\u00e3o e montagem do clipe foi feita pelo \u00c9dier que \u00e9 quem empresaria nossa carreira. E gastos com cen\u00e1rios e alimenta\u00e7\u00e3o da equipe cobrimos com o patroc\u00ednio do Aplicativo DuMob e Farm\u00e1cias FTR\u201d<br>\n\u201c\u00c9 importante que as empresas cada vez mais estejam atentas ao mercado cultural, que invistam em arte e cultura, pois investir nesse segmento \u00e9 investir no futuro. A arte tem um poder transformador gigante que associada a educa\u00e7\u00e3o pode nos garantir um mundo melhor. Por isso nossa gratid\u00e3o as empresas que patrocinaram e apoiaram de algum modo, da forma que podiam, a produ\u00e7\u00e3o do clipe\u201d complementa \u00c9dier William.<\/p>\n\n\n\n<p>ASSISTA AO CLIPE: https:\/\/youtu.be\/Va6dKfQcQIk<\/p>\n\n\n\n<p>OU\u00c7A A M\u00daSICA: https:\/\/ditto.fm\/taca-na-mao<\/p>\n\n\n\n<p>SERVI\u00c7O:<br>\nProdu\u00e7\u00e3o Audiovisual: Zenital Produ\u00e7\u00f5es<br>\nPatroc\u00ednio: Aplicativo DuMob e Farm\u00e1cias FTR<br>\nApoio: Onda, Triton, Fogos da Amaz\u00f4nia, A.A.F.T, Cust\u00f3dio Barbearia<\/p>\n","protected":false},"excerpt":{"rendered":"<p>Clipe de \u201cTa\u00e7a na M\u00e3o\u201d, a aposta musical dos artistas rondonienses Mariadri, Mc Karlo e Luan Moreira para embalar a torcida brasileira durante os jogos da copa, \u00e9 lan\u00e7ado neste dia 08 de outubro.<\/p>\n","protected":false},"author":1,"featured_media":0,"comment_status":"closed","ping_status":"open","sticky":false,"template":"","format":"standard","meta":{"_exactmetrics_skip_tracking":false,"_exactmetrics_sitenote_active":false,"_exactmetrics_sitenote_note":"","_exactmetrics_sitenote_category":0,"jetpack_post_was_ever_published":false,"_jetpack_newsletter_access":"","_jetpack_dont_email_post_to_subs":false,"_jetpack_newsletter_tier_id":0,"_jetpack_memberships_contains_paywalled_content":false,"_jetpack_memberships_contains_paid_content":false,"footnotes":"","jetpack_publicize_message":"","jetpack_publicize_feature_enabled":true,"jetpack_social_post_already_shared":true,"jetpack_social_options":{"image_generator_settings":{"template":"highway","enabled":false},"version":2}},"categories":[1],"tags":[808,810,809],"class_list":["post-34326","post","type-post","status-publish","format-standard","hentry","category-notas","tag-clipe","tag-copa","tag-taca-na-mao"],"jetpack_publicize_connections":[],"jetpack_sharing_enabled":true,"jetpack_featured_media_url":"","jetpack_shortlink":"https:\/\/wp.me\/p7wKYW-8VE","jetpack-related-posts":[],"_links":{"self":[{"href":"http:\/\/blogdalucianaoliveira.com.br\/blog\/wp-json\/wp\/v2\/posts\/34326","targetHints":{"allow":["GET"]}}],"collection":[{"href":"http:\/\/blogdalucianaoliveira.com.br\/blog\/wp-json\/wp\/v2\/posts"}],"about":[{"href":"http:\/\/blogdalucianaoliveira.com.br\/blog\/wp-json\/wp\/v2\/types\/post"}],"author":[{"embeddable":true,"href":"http:\/\/blogdalucianaoliveira.com.br\/blog\/wp-json\/wp\/v2\/users\/1"}],"replies":[{"embeddable":true,"href":"http:\/\/blogdalucianaoliveira.com.br\/blog\/wp-json\/wp\/v2\/comments?post=34326"}],"version-history":[{"count":1,"href":"http:\/\/blogdalucianaoliveira.com.br\/blog\/wp-json\/wp\/v2\/posts\/34326\/revisions"}],"predecessor-version":[{"id":34328,"href":"http:\/\/blogdalucianaoliveira.com.br\/blog\/wp-json\/wp\/v2\/posts\/34326\/revisions\/34328"}],"wp:attachment":[{"href":"http:\/\/blogdalucianaoliveira.com.br\/blog\/wp-json\/wp\/v2\/media?parent=34326"}],"wp:term":[{"taxonomy":"category","embeddable":true,"href":"http:\/\/blogdalucianaoliveira.com.br\/blog\/wp-json\/wp\/v2\/categories?post=34326"},{"taxonomy":"post_tag","embeddable":true,"href":"http:\/\/blogdalucianaoliveira.com.br\/blog\/wp-json\/wp\/v2\/tags?post=34326"}],"curies":[{"name":"wp","href":"https:\/\/api.w.org\/{rel}","templated":true}]}}