{"id":34330,"date":"2022-11-14T15:32:47","date_gmt":"2022-11-14T19:32:47","guid":{"rendered":"http:\/\/blogdalucianaoliveira.com.br\/blog\/?p=34330"},"modified":"2022-11-14T15:32:56","modified_gmt":"2022-11-14T19:32:56","slug":"nestes-50-anos-violencia-contra-indigenas-tornou-se-um-combate-cotidiano-diz-cimi","status":"publish","type":"post","link":"http:\/\/blogdalucianaoliveira.com.br\/blog\/2022\/11\/14\/nestes-50-anos-violencia-contra-indigenas-tornou-se-um-combate-cotidiano-diz-cimi\/","title":{"rendered":"Nestes 50 anos, viol\u00eancia contra ind\u00edgenas tornou-se um combate cotidiano, diz Cimi"},"content":{"rendered":"\n<figure class=\"wp-block-image\"><img data-recalc-dims=\"1\" decoding=\"async\" src=\"https:\/\/i0.wp.com\/images01.brasildefato.com.br\/4d668f4ea7024e40fe963888e529a6a3.jpeg?w=600&#038;ssl=1\" alt=\"\"\/><\/figure>\n\n\n\n<h2 class=\"wp-block-heading\">Conselho criado em 1972 no combate \u00e0 ditadura pede perd\u00e3o aos povos ind\u00edgenas pelos &#8220;pecados da coloniza\u00e7\u00e3o&#8221;<\/h2>\n\n\n\n<!--more-->\n\n\n\n<p>Cida de Oliveira\u00a0<a rel=\"noreferrer noopener\" target=\"_blank\" href=\"https:\/\/www.redebrasilatual.com.br\/cidadania\/50-anos-violencia-contra-indigenas-tornou-se-um-combate-cotidiano-diz-cimi\/\">Rede Brasil Atual<\/a><br><\/p>\n\n\n\n<p>A viol\u00eancia contra os povos ind\u00edgenas intensificou-se e tornou-se um combate cotidiano contra seus espa\u00e7os, terras, florestas que as recobrem, a vida que pulsa em todas as suas express\u00f5es. Em nome de um projeto desenvolvimentista e de uma acumula\u00e7\u00e3o sem precedentes, devastam-se os territ\u00f3rios. Incendeiam-se as matas, exterminam-se os animais, contaminam-se as fontes de \u00e1gua. Profanam-se os espa\u00e7os sagrados, perfura-se o corpo da terra-m\u00e3e em&nbsp;<a href=\"https:\/\/www.redebrasilatual.com.br\/cidadania\/indigenas-marcham-contra-projeto-de-bolsonaro-que-abre-suas-terras-a-mineracao\/\" target=\"_blank\" rel=\"noreferrer noopener\">busca de min\u00e9rios<\/a>.<\/p>\n\n\n\n<p>Essa situa\u00e7\u00e3o que chama aten\u00e7\u00e3o do mundo e se agravou nos \u00faltimos quatro anos, com o governo de Jair Bolsonaro (PL), est\u00e1 no balan\u00e7o do Conselho Indigenista Mission\u00e1rio (Cimi). O \u00f3rg\u00e3o celebrou seus 50 anos em evento em Luzi\u00e2nia (GO), na \u00faltima semana.<br><\/p>\n\n\n\n<p>&#8220;Depois de 50 anos, o horror n\u00e3o passou. Lembramos do ocorrido na \u00e1rea ind\u00edgena Tanar\u00fa, onde o seu \u00faltimo sobrevivente, depois de encontrado morto, teve seu corpo vilipendiado. Que sua terra seja demarcada e protegida, em mem\u00f3ria do mart\u00edrio desse povo&#8221;, diz trecho do manifesto.<\/p>\n\n\n\n<p>O conselho se refere ao \u00cdndio Tanaru, visto pela primeira vez por homens brancos em Rond\u00f4nia, em 1996. E que em agosto, ap\u00f3s 26 anos, foi encontrado morto em seu territ\u00f3rio, em sua rede de dormir. Vivia sozinho e isolado na floresta. Morreu como o \u00faltimo homem de seu povo. As buscas por ele come\u00e7aram ap\u00f3s madeireiros relatarem sua exist\u00eancia, morando em uma cabana, entre os munic\u00edpios de Chupinguara, Corumbiara, Parecis e Pimenteiras do Oeste.<\/p>\n\n\n\n<p>Explora\u00e7\u00e3o de madeira e ataques aos povos ind\u00edgenas<\/p>\n\n\n\n<p>Segundo a Funai, os \u00faltimos parentes foram mortos em 1995. Desde 1980, os ind\u00edgenas que viviam na Terra Ind\u00edgena Tanaru, com 8.070 hectares, foram v\u00edtimas da coloniza\u00e7\u00e3o desenfreada, da abertura de fazendas e da explora\u00e7\u00e3o ilegal de madeira. Houve sucessivos ataques aos povos isolados, com mortes e expuls\u00e3o dos ind\u00edgenas de suas terras.<\/p>\n\n\n\n<p>N\u00e3o se sabe o que os impedia de se reproduzir. Mas \u00e9 fato que desde 1980 os ind\u00edgenas que viviam ali foram v\u00edtimas da coloniza\u00e7\u00e3o desenfreada, da instala\u00e7\u00e3o de fazendas e da explora\u00e7\u00e3o ilegal de madeira. Isso levou a sucessivos ataques aos povos isolados que viviam na regi\u00e3o e resultaram em mortes e na expuls\u00e3o dos ind\u00edgenas de suas terras.<\/p>\n\n\n\n<p>O \u00f3rg\u00e3o vinculado \u00e0 Confer\u00eancia Nacional dos Bispos do Brasil (CNBB) foi criado em 1972, oitavo ano da&nbsp;<a href=\"https:\/\/www.redebrasilatual.com.br\/politica\/enquanto-bolsonaro-evoca-golpe-brasileiros-rejeitam-ditadura\/\" target=\"_blank\" rel=\"noreferrer noopener\">ditadura civil-militar<\/a>. Era uma \u00e9poca que aflorava a ideologia desenvolvimentista e autorit\u00e1ria. E com ela pairava no horizonte o exterm\u00ednio e a integra\u00e7\u00e3o compuls\u00f3ria como destino para os povos ind\u00edgenas.<\/p>\n\n\n\n<p>Como lembra o conselho, em 25 de setembro daquele ano foram inaugurados os primeiros 1.254 quil\u00f4metros da rodovia Transamaz\u00f4nica (BR-230), cujo tra\u00e7ado atingiu mortalmente 29 territ\u00f3rios ind\u00edgenas. Pela TV, o evento foi festejado como um dos esteios do &#8220;milagre brasileiro&#8221;. Na mesma \u00e9poca, a den\u00fancia de uma &#8220;Biafra brasileira&#8221; no Vale do Guapor\u00e9 percorreu a imprensa internacional.<\/p>\n\n\n\n<p>Mission\u00e1rios pedem perd\u00e3o aos povos ind\u00edgenas<\/p>\n\n\n\n<p>O tra\u00e7ado da BR-364, de Cuiab\u00e1 a Porto Velho, atravessou o cora\u00e7\u00e3o do territ\u00f3rio Nambiquara. Isso causou a contamina\u00e7\u00e3o por sarampo e a morte de todas as crian\u00e7as e jovens menores de 15 anos. Esse foi um entre tantos outros genoc\u00eddios e crimes praticados nos anos de autoritarismo.<\/p>\n\n\n\n<p>Olhando para os \u00faltimos 50 anos \u2013 e os mais de 500 desde a invas\u00e3o dos portugueses \u2013, o Cimi perde perd\u00e3o aos povos origin\u00e1rios. &#8220;Em nome da nossa Igreja, perd\u00e3o aos povos ind\u00edgenas pelos pecados da coloniza\u00e7\u00e3o da qual participamos ao longo desses mais de 500 anos&#8221;, afirma o conselho em manifesto divulgado no final do evento.<br><\/p>\n\n\n\n<p>Ao mesmo tempo, o \u00f3rg\u00e3o manifesta gratid\u00e3o a esses povos, pela caminhada compartilhada. &#8220;Ao mesmo tempo, agradecemos aos povos origin\u00e1rios a gra\u00e7a pascal de acompanhar suas incans\u00e1veis lutas, sustentadas nas ancestralidades e na certeza de que h\u00e1 outros mundos poss\u00edveis. A esperan\u00e7a que se renova em cada luta, em cada movimento, em cada ato de resist\u00eancia dos povos e comunidades ind\u00edgenas \u00e9 facho de luz, que ilumina e orienta tamb\u00e9m a nossa miss\u00e3o.&#8221;<\/p>\n\n\n\n<p>Por isso o Cimi renova seu compromisso de seguir em defesa desses povos. &#8220;Junto a esses corpos ancestrais de sonhadores e lutadores ind\u00edgenas, num caminhar cont\u00ednuo, esperan\u00e7oso, compartilhado, solid\u00e1rio, comprometido com o Bem Viver e com a constru\u00e7\u00e3o de um outro mundo poss\u00edvel.&#8221;<\/p>\n\n\n\n<p>Clique&nbsp;<a href=\"https:\/\/cimi.org.br\/2022\/11\/cimi-encerra-congresso-50-anos-manifesto-esperancando-causa-indigena\/\" target=\"_blank\" rel=\"noreferrer noopener\">aqui<\/a>&nbsp;para ler o manifesto do Cimi na \u00edntegra.<\/p>\n","protected":false},"excerpt":{"rendered":"<p>Conselho criado em 1972 no combate \u00e0 ditadura pede perd\u00e3o aos povos ind\u00edgenas pelos &#8220;pecados da coloniza\u00e7\u00e3o&#8221;<\/p>\n","protected":false},"author":1,"featured_media":0,"comment_status":"closed","ping_status":"open","sticky":false,"template":"","format":"standard","meta":{"_exactmetrics_skip_tracking":false,"_exactmetrics_sitenote_active":false,"_exactmetrics_sitenote_note":"","_exactmetrics_sitenote_category":0,"jetpack_post_was_ever_published":false,"_jetpack_newsletter_access":"","_jetpack_dont_email_post_to_subs":false,"_jetpack_newsletter_tier_id":0,"_jetpack_memberships_contains_paywalled_content":false,"_jetpack_memberships_contains_paid_content":false,"footnotes":"","jetpack_publicize_message":"","jetpack_publicize_feature_enabled":true,"jetpack_social_post_already_shared":true,"jetpack_social_options":{"image_generator_settings":{"template":"highway","enabled":false},"version":2}},"categories":[1],"tags":[],"class_list":["post-34330","post","type-post","status-publish","format-standard","hentry","category-notas"],"jetpack_publicize_connections":[],"jetpack_sharing_enabled":true,"jetpack_featured_media_url":"","jetpack_shortlink":"https:\/\/wp.me\/p7wKYW-8VI","jetpack-related-posts":[],"_links":{"self":[{"href":"http:\/\/blogdalucianaoliveira.com.br\/blog\/wp-json\/wp\/v2\/posts\/34330","targetHints":{"allow":["GET"]}}],"collection":[{"href":"http:\/\/blogdalucianaoliveira.com.br\/blog\/wp-json\/wp\/v2\/posts"}],"about":[{"href":"http:\/\/blogdalucianaoliveira.com.br\/blog\/wp-json\/wp\/v2\/types\/post"}],"author":[{"embeddable":true,"href":"http:\/\/blogdalucianaoliveira.com.br\/blog\/wp-json\/wp\/v2\/users\/1"}],"replies":[{"embeddable":true,"href":"http:\/\/blogdalucianaoliveira.com.br\/blog\/wp-json\/wp\/v2\/comments?post=34330"}],"version-history":[{"count":1,"href":"http:\/\/blogdalucianaoliveira.com.br\/blog\/wp-json\/wp\/v2\/posts\/34330\/revisions"}],"predecessor-version":[{"id":34331,"href":"http:\/\/blogdalucianaoliveira.com.br\/blog\/wp-json\/wp\/v2\/posts\/34330\/revisions\/34331"}],"wp:attachment":[{"href":"http:\/\/blogdalucianaoliveira.com.br\/blog\/wp-json\/wp\/v2\/media?parent=34330"}],"wp:term":[{"taxonomy":"category","embeddable":true,"href":"http:\/\/blogdalucianaoliveira.com.br\/blog\/wp-json\/wp\/v2\/categories?post=34330"},{"taxonomy":"post_tag","embeddable":true,"href":"http:\/\/blogdalucianaoliveira.com.br\/blog\/wp-json\/wp\/v2\/tags?post=34330"}],"curies":[{"name":"wp","href":"https:\/\/api.w.org\/{rel}","templated":true}]}}