{"id":34335,"date":"2022-11-17T13:25:57","date_gmt":"2022-11-17T17:25:57","guid":{"rendered":"http:\/\/blogdalucianaoliveira.com.br\/blog\/?p=34335"},"modified":"2022-11-17T13:27:13","modified_gmt":"2022-11-17T17:27:13","slug":"amapa-sedia-encontro-da-juventude-extrativista","status":"publish","type":"post","link":"http:\/\/blogdalucianaoliveira.com.br\/blog\/2022\/11\/17\/amapa-sedia-encontro-da-juventude-extrativista\/","title":{"rendered":"Amap\u00e1 sedia encontro da juventude extrativista"},"content":{"rendered":"\n<figure class=\"wp-block-image size-large\"><img loading=\"lazy\" decoding=\"async\" width=\"1080\" height=\"1080\" data-attachment-id=\"34336\" data-permalink=\"http:\/\/blogdalucianaoliveira.com.br\/blog\/2022\/11\/17\/amapa-sedia-encontro-da-juventude-extrativista\/3c651f60-5ea9-4c46-9cee-e04b59952748\/\" data-orig-file=\"https:\/\/i0.wp.com\/blogdalucianaoliveira.com.br\/blog\/wp-content\/uploads\/2022\/11\/3C651F60-5EA9-4C46-9CEE-E04B59952748.jpeg?fit=1080%2C1080\" data-orig-size=\"1080,1080\" data-comments-opened=\"0\" data-image-meta=\"{&quot;aperture&quot;:&quot;0&quot;,&quot;credit&quot;:&quot;&quot;,&quot;camera&quot;:&quot;&quot;,&quot;caption&quot;:&quot;&quot;,&quot;created_timestamp&quot;:&quot;0&quot;,&quot;copyright&quot;:&quot;&quot;,&quot;focal_length&quot;:&quot;0&quot;,&quot;iso&quot;:&quot;0&quot;,&quot;shutter_speed&quot;:&quot;0&quot;,&quot;title&quot;:&quot;&quot;,&quot;orientation&quot;:&quot;1&quot;}\" data-image-title=\"3C651F60-5EA9-4C46-9CEE-E04B59952748\" data-image-description=\"\" data-image-caption=\"\" data-medium-file=\"https:\/\/i0.wp.com\/blogdalucianaoliveira.com.br\/blog\/wp-content\/uploads\/2022\/11\/3C651F60-5EA9-4C46-9CEE-E04B59952748.jpeg?fit=300%2C300\" data-large-file=\"https:\/\/i0.wp.com\/blogdalucianaoliveira.com.br\/blog\/wp-content\/uploads\/2022\/11\/3C651F60-5EA9-4C46-9CEE-E04B59952748.jpeg?fit=600%2C600\" src=\"https:\/\/i0.wp.com\/blogdalucianaoliveira.com.br\/blog\/wp-content\/uploads\/2022\/11\/3C651F60-5EA9-4C46-9CEE-E04B59952748.jpeg?fit=600%2C600\" alt=\"\" class=\"wp-image-34336\" srcset=\"https:\/\/i0.wp.com\/blogdalucianaoliveira.com.br\/blog\/wp-content\/uploads\/2022\/11\/3C651F60-5EA9-4C46-9CEE-E04B59952748.jpeg?w=1080 1080w, https:\/\/i0.wp.com\/blogdalucianaoliveira.com.br\/blog\/wp-content\/uploads\/2022\/11\/3C651F60-5EA9-4C46-9CEE-E04B59952748.jpeg?resize=300%2C300 300w, https:\/\/i0.wp.com\/blogdalucianaoliveira.com.br\/blog\/wp-content\/uploads\/2022\/11\/3C651F60-5EA9-4C46-9CEE-E04B59952748.jpeg?resize=1024%2C1024 1024w, https:\/\/i0.wp.com\/blogdalucianaoliveira.com.br\/blog\/wp-content\/uploads\/2022\/11\/3C651F60-5EA9-4C46-9CEE-E04B59952748.jpeg?resize=150%2C150 150w, https:\/\/i0.wp.com\/blogdalucianaoliveira.com.br\/blog\/wp-content\/uploads\/2022\/11\/3C651F60-5EA9-4C46-9CEE-E04B59952748.jpeg?resize=768%2C768 768w\" sizes=\"auto, (max-width: 600px) 100vw, 600px\" \/><\/figure>\n\n\n\n<p>A juventude n\u00e3o quer s\u00f3 comida, quer divers\u00e3o e arte, quer a vida como a vida quer (Tit\u00e3s, 2008), quer ser ouvida, quer demostrar e dizer o que pensam, quer abrir seu cora\u00e7\u00e3o para o di\u00e1logo saud\u00e1vel e produtivo. A conversa com a juventude precisa ser aut\u00eantica, honesta, di\u00e1logo aberto para debater as pautas que fa\u00e7am parte de sua realidade.<\/p>\n\n\n\n<!--more-->\n\n\n\n<p><br> O CNS na sua pr\u00e1xis de movimento, desafiando o imagin\u00e1rio amaz\u00f4nico e a realidade de desigualdades sociais na maior biodiversidade tropical do planeta, promove juntamente, com Memorial Chico Mendes e parceiros sociais: Instituto Clima e Sociedade \u2013 iCS, WWF-Brasil e Rainforest Foundation Noruega \u2013 FRN o II Encontro da Juventude Extrativista da Amaz\u00f4nia, no Amap\u00e1,no munic\u00edpio de Mazag\u00e3o, na Escola Fam\u00edlia Agroextrativista do Carv\u00e3o, de 22 a 26 de novembro de 2022.<\/p>\n\n\n\n<p><br> \u00c9 estrat\u00e9gico para o CNS processos de forma\u00e7\u00e3o da juventude extrativista articulando pol\u00edtica, ideologia, comunica\u00e7\u00e3o e educa\u00e7\u00e3o, especialmente, neste momento que \u00e9 exigido da sociedade brasileira participa\u00e7\u00e3o pol\u00edtica, organiza\u00e7\u00e3o comunit\u00e1ria, mobiliza\u00e7\u00e3o social, debates e resist\u00eancia para a supera\u00e7\u00e3o da fome e dos retrocessos sociais e socioambientais, recentes, que atingiram o territ\u00f3rio coletivo de uso comum na Amaz\u00f4nia.<\/p>\n\n\n\n<p><br> Em cada tempo e espa\u00e7o, os atores sociais do campo, da floresta e das \u00e1guas \u2013 exemplo de Chico Mendes e Wilson Pinheiro como l\u00edderes extrativistas \u2013 envolveram- se em processos diferenciados de forma\u00e7\u00e3o, mobiliza\u00e7\u00e3o e organiza\u00e7\u00e3o dos trabalhadores da Amaz\u00f4nia, de rea\u00e7\u00e3o aos opressores, movidos pelo capital: latifundi\u00e1rios e empresas capitalistas. Um contexto hist\u00f3rico das frentes da expans\u00e3o nacional, marcada por massacres de povos ind\u00edgenas, redu\u00e7\u00e3o e invas\u00e3o de terras, mortes de l\u00edderes e desaparecimentos de povos de comunidades tradicionais (Martins, 2018). Os Sindicatos de trabalhadores rurais e as Comunidades Eclesiais de Base \u2013 CEBs tiveram papel central para a forma\u00e7\u00e3o da consci\u00eancia social de contraposi\u00e7\u00e3o ao progresso de na\u00e7\u00e3o, definido pelo Estado repressivo, distante dos princ\u00edpios de igualdade, direitos humanos, solidariedade na perspectiva da emancipa\u00e7\u00e3o da sociedade e da dignidade na Amaz\u00f4nia.<\/p>\n\n\n\n<p><br> Nas m\u00faltiplas diversidades de tempos hist\u00f3ricos na Amaz\u00f4nia que atravessam o tempo do capital, \u00e9 um desafio politico para o CNS a forma\u00e7\u00e3o da juventude, mas \u00e9 imprescind\u00edvel no tempo presente, alinhar pragmaticamente a percep\u00e7\u00e3o pol\u00edtico- ideol\u00f3gica, cr\u00edtica e reflexiva da juventude com elementos te\u00f3ricos e pr\u00e1ticos, alicer\u00e7ados no modo de vida, autoforma\u00e7\u00e3o, di\u00e1logo com a realidade dos territ\u00f3rios, ser dial\u00e9tica, gerar autonomia, proporcionar e fortalecer a organiza\u00e7\u00e3o coletiva, que possibilite a transforma\u00e7\u00e3o de sujeitos na defesa dos direitos de povos de comunidades tradicionais.<br> <br>No contexto do pensamento social na Amaz\u00f4nia h\u00e1 uma hist\u00f3ria social da terra no Pa\u00eds, marcada por profundos conflitos agr\u00e1rios e fundi\u00e1rios, uma Amaz\u00f4nia subordinada aos interesses do capital (Martins, 2018), que estabelece a acumula\u00e7\u00e3o capitalista poss\u00edvel com a explora\u00e7\u00e3o da riqueza da sociobiodiversidade, expropria\u00e7\u00e3o dos trabalhadores e expuls\u00e3o das comunidades rurais de suas terras e dos territ\u00f3rios extrativistas. Subjugando e menosprezando o papel dos ind\u00edgenas e povos de comunidades tradicionais na conserva\u00e7\u00e3o da terra e da floresta.<\/p>\n\n\n\n<p><br> Mas na hist\u00f3ria de expropria\u00e7\u00e3o e conflitos agr\u00e1rios e fundi\u00e1rios na Amaz\u00f4nia, h\u00e1 tamb\u00e9m muitas conquistas alcan\u00e7adas. A mais revolucion\u00e1ria, que simboliza o legado de Chico Mendes s\u00e3o as Reservas Extrativistas, que representam na luta dos trabalhadores brasileiros da Amaz\u00f4nia, o estabelecimento da reforma agr\u00e1ria ecol\u00f3gica, que combina uso da terra com sustentabilidade, conserva\u00e7\u00e3o ambiental e garantia de direitos. Uma conquista da gera\u00e7\u00e3o de Chico Mendes que hoje possibilita \u00e0s novas gera\u00e7\u00f5es \u2013 atualmente sob forte amea\u00e7a pela politica ambiental do governo federal &#8211; garantia de territ\u00f3rio protegido para resistir \u00e0s atuais formas de viola\u00e7\u00f5es de direitos humanos.<\/p>\n\n\n\n<p><br> Por fim, mesmo com todo o desafio existente, a forma\u00e7\u00e3o pol\u00edtica da juventude \u00e9 prioridade na estrat\u00e9gia politica do CNS, para fortalecer o processo pedag\u00f3gico do movimento, articulado com a pedagogia Freiriana, avan\u00e7ar na supera\u00e7\u00e3o dos desafios operacionais, criar uma rela\u00e7\u00e3o do territ\u00f3rio como ambiente educativo, de express\u00e3o das lutas e as diferentes formas de organiza\u00e7\u00e3o das comunidades, na perspectiva de uma forma\u00e7\u00e3o que esteja em movimento com os \u201cEmpates, fa\u00e7a parte da vida da comunidade e fortale\u00e7a os la\u00e7os de solidariedade comunit\u00e1ria na defesa dos direitos e da vida na Amaz\u00f4nia.<\/p>\n\n\n\n<p>Metodologia<\/p>\n\n\n\n<p><br> A estrat\u00e9gia \u00e9 possibilitar a juventude de povos e comunidades tradicionais dos biomas brasileiros expressarem suas alegrias, sorrisos, ternuras, vibra\u00e7\u00f5es, pensamentos e sonhos na participa\u00e7\u00e3o coletiva no Encontro de forma\u00e7\u00e3o pol\u00edtica e comunica\u00e7\u00e3o ativista no Estado do Amap\u00e1.<br> Garantir que possam transitar com pluralidade, diversidade e participa\u00e7\u00e3o democr\u00e1tica em todos os temas e discuss\u00f5es, animando o processo de autoforma\u00e7\u00e3o da juventude. Sejam ouvidos e possam na oportunidade do Encontro traduzir com profundidade o imagin\u00e1rio juvenil da juventude da Amaz\u00f4nia: concep\u00e7\u00e3o sobre os desafios atuais, resist\u00eancia pol\u00edticas do seu tempo para a defesa dos direitos humanos e socioambientais, do lugar de vida e cultura onde vivem.<\/p>\n\n\n\n<p>Programa\u00e7\u00e3o<\/p>\n\n\n\n<p><br> II ENCONTRO DA JUVENTUDE EXTRATIVISTA<\/p>\n\n\n\n<p><br> 1o DIA &#8211; 22\/11- Ter\u00e7a-Feira<br> 08h30 \u2013 M\u00edstica de Acolhimento.<br> 08h45 \u2013 Abertura e Boas- Vindas aos participantes<br> 09h30 \u2013 Mesa 1. Mem\u00f3ria hist\u00f3rica das lutas e da resist\u00eancia de povos e popula\u00e7\u00f5es de comunidades tradicionais extrativistas.<br> Participa\u00e7\u00e3o especial nesta mesa &#8211; no di\u00e1logo com a juventude &#8211; de l\u00edderes hist\u00f3ricos do movimento extrativista, no resgate dos \u201cEmpates\u201d, na articula\u00e7\u00e3o do processo de organiza\u00e7\u00e3o da \u201cAlian\u00e7a dos Povos da Floresta\u201d (ind\u00edgenas e extrativistas), e na conquista da Reserva Extrativista no Brasil.<br> Em que contexto surge \u00e0 luta dos movimentos sociais em defesa dos territ\u00f3rios uso comum na Amaz\u00f4nia e no Brasil? Quais eram seus principais desafios? E quais s\u00e3o os desafios atuais?<br> Leticia Moraes \u2013 Secret\u00e1ria de Juventude do CNS (moderadora) J\u00falio Barbosa \u2013 Presidente do CNS<br> Celso Cust\u00f3dio \u2013 L\u00edder hist\u00f3rico CNS<br> Manoel Cunha \u2013 Ex-presidente do CNS<br> Maria Nice \u2013 Secret\u00e1ria de Mulheres do CNS Mathias de Souza- COIAB<br> Karla Martins \u2013 Casa Ninja\/M\u00eddia Ninja<br> 12h30 \u2013 Almo\u00e7o<br> 14h30 \u2013 Mesa 2. O \u201clegado\u201d de Chico Mendes e o futuro dos territ\u00f3rios tradicionais de uso coletivo na percep\u00e7\u00e3o da juventude.<br> Bruna Lima \u2013 Instituto de Estudos Amaz\u00f4nicos \u2013 IEA (moderadora) Raiara Barros \u2013 Engaja Mundo<br> C\u00e1tia Santos &#8211; Comit\u00ea Chico Mendes<br> Edinalda Nascimento \u2013 Rede Pantaneira<br> J\u00falia Caterine Anuncia\u00e7\u00e3o \u2013 Rede Cai\u00e7ara Caio Mota \u2013 Conaq<br> Marciely Tupari &#8211; Secret\u00e1ria COIAB Jovem EFAC \u2013 a definir<br> 16h30 \u2013 Intervalo<br> 16h45\u2013 Retorno das discuss\u00f5es 17h30 \u2013 Encerramento da Mesa.<br> 20h00 \u2013 22h00 \u2013 Sarau cultural \u2013 Espa\u00e7o cultural reservado para apresenta\u00e7\u00e3o de filmes, m\u00fasicas e poesias sobre a hist\u00f3ria do processo de coloniza\u00e7\u00e3o, frentes de expans\u00e3o na Amaz\u00f4nia e a import\u00e2ncia da luta dos povos e comunidades tradicionais extrativistas em contraposi\u00e7\u00e3o as formas de ocupa\u00e7\u00e3o capitalista, dualista e estereotipada na Amaz\u00f4nia.<br> 2o Dia: 23\/11- Quarta-Feira.<br> 08h30 \u2013 Mesa 3. A import\u00e2ncia das economias da sociobiodiversidade no enfrentamento as crises Clim\u00e1ticas.<br> <\/p>\n\n\n\n<p>A Mesa ter\u00e1 o papel de dialogar sobre a defesa de uma economia capaz de conviver com a floresta, garantir direitos distribuir renda de forma justa nas reservas extrativista, territ\u00f3rios ind\u00edgenas, quilombolas e comunidades tradicionais, apontar processos para resistir ao modelo hegem\u00f4nico que avan\u00e7a em escala regional, nacional e internacional, por meio da economia da destrui\u00e7\u00e3o ambiental, movida por empresas transnacionais, governos nacionais e subnacionais. E como as economias da sociobiodiversidade s\u00e3o imprescind\u00edveis para o enfrentamento \u00e0 crise clim\u00e1tica no Brasil e no Mundo e os principais desafios a serem enfrentados para superar os retrocessos recentes da politica ambiental no Brasil.<br> Jose Ivanildo \u2013 Tesoureiro do CNS (moderador)<br> Maria Socorro \u2013 Vice-Presidente CNS<br> Vanessa Ferreira \u2013 COIAB<br> Joaquim Belo \u2013 Secret\u00e1rio de Rela\u00e7\u00f5es Internacionais CNS Ang\u00e9lica Mendes \u2013 WWF Brasil<br> Keli R\u00e9ggias Dias \u2013 Pacto das \u00c1guas Eduardo Ganzer \u2013 GIZ<br> 12h00 \u2013 Almo\u00e7o<br> 14h00 as 17h00 \u2013 Mesa 4. O papel das mulheres na defesa, gest\u00e3o e governan\u00e7a nos territ\u00f3rios.<br> O papel e import\u00e2ncia da mulher na luta para garantir a defesa dos territ\u00f3rios de uso coletivo e o protagonismo na implementa\u00e7\u00e3o, gest\u00e3o e governan\u00e7a dos territ\u00f3rios tradicionais. E o processo de organiza\u00e7\u00e3o das mulheres no enfrentamento das amea\u00e7as as viola\u00e7\u00f5es de direitos e modo de viver nos territ\u00f3rios.<br> Silvia Elena &#8211; Secret\u00e1ria de Direitos Humanos do CNS (moderadora) Maria Nice \u2013 Secret\u00e1ria de Mulheres CNS<br> Nome COIAB \u2013 a definir<br> Nome Conaq &#8211; definir<br> Nome Jovem \u2013 a definir 16h00 \u2013 intervalo<br> 17 \u2013 Encerramento<br> 19h00 \u2013 Sarau Cultual \u2013 document\u00e1rio \u201cBorracha Para a Vit\u00f3ria\u201d, dirigido pelo cineasta Wolney Oliveira, que resgata a hist\u00f3ria do segundo ciclo da borracha e da d\u00edvida social do estado brasileiro com os nordestinos.<br> 3o Dia: 24\/11- Quinta-Feira.<br> 08h30 \u2013 Mesa 5. O papel e import\u00e2ncia da comunica\u00e7\u00e3o popular ativista para o fortalecimento da luta e resist\u00eancia em defesa democracia e dos direitos de povos ind\u00edgenas e comunidades tradicionais na Amaz\u00f4nia e outras regi\u00f5es brasileiras.<br> Karla Martins \u2013 Casa Ninja\/M\u00eddia Ninja (moderadora) Luciana Oliveira \u2013 TV247<br> M\u00f4nica Prestes \u2013 Gota<br> Thanne Degasperi \u2013 M\u00eddia Ninja<br> Raphael \u2013 IEB<br> Danielle Rodrigues \u2013 ANMIGA<br> 13h30 \u2013 1o Oficina. O uso das redes sociais na defesa e prote\u00e7\u00e3o dos territ\u00f3rios. (Facilitadora:<br> Thanne Degasperi \u2013 M\u00eddia Ninja).<br> 16h00 &#8211; Encerramento da oficina (jogo da sele\u00e7\u00e3o brasileira na Copa do Mundo) 19h00 \u2013 Noite Livre<br> 4o Dia: 25\/11- Sexta-Feira.<br> 08h30 \u2013 2o Oficina. Fortalecer as redes de comunica\u00e7\u00e3o ativista em defesa das lutas<br> socioambientais na Amaz\u00f4nia (facilitadora: Luciana Oliveira \u2013 TV 247)<br> 11h00 \u2013 3o Oficina. Designer na comunica\u00e7\u00e3o popular (Facilitador: Henrique Miranda \u2013 M\u00eddia<br> Ninja)<br> 12h00 \u2013 Almo\u00e7o<br> 14h00 \u2013 4o Oficina. Uso de ferramentas digitais para elabora\u00e7\u00e3o, edi\u00e7\u00e3o de imagens e v\u00eddeos<br> (Facilitador: Thiago Ara\u00fajo &#8211; Miracena\/WWF-Brasil)<br> 16h00 \u2013 Intervalo<br> 16h15 \u2013 18h00 \u2013 Pr\u00e1ticas e Exerc\u00edcios de comunica\u00e7\u00e3o e produ\u00e7\u00e3o audiovisuais<br> 19h30 \u2013 22h00 &#8211; Sarau Cultural (Apresenta\u00e7\u00e3o PPE EFAC)<br> 5o Dia: 26\/11- S\u00e1bado<br> 08h30 &#8211; Ato P\u00fablico da Juventude da Floresta. Participa\u00e7\u00e3o do governador do Estado do Amap\u00e1 ( local campo de futebol da EFAC).<br> 12h00 \u2013 Almo\u00e7o<br> 14h00 \u2013 Plen\u00e1ria de encerramento<br> Let\u00edcia Moraes \u2013 Secret\u00e1ria de Juventude do CNS. Facilitadora<br> J\u00falio Barbosa \u2013 Presidente do CNS CONAQ \u2013 a definir<br> COIAB \u2013 a definir<br> Rede Pantaneira \u2013 a definir<br> 18h00 \u2013 23h00 &#8211; Sarau Cultural de Encerramento do Encontro (Mazag\u00e3o Velho)<br> 13h30 \u2013 1o Oficina. O uso das redes sociais na defesa e prote\u00e7\u00e3o dos territ\u00f3rios. (Facilitadora:<br> Thanne Degasperi \u2013 M\u00eddia Ninja).<br> 16h00 &#8211; Encerramento da oficina (jogo da sele\u00e7\u00e3o brasileira na Copa do Mundo) 19h00 \u2013 Noite Livre<br> 4o Dia: 25\/11- Sexta-Feira.<br> 08h30 \u2013 2o Oficina. Fortalecer as redes de comunica\u00e7\u00e3o ativista em defesa das lutas<br> socioambientais na Amaz\u00f4nia (facilitadora: Luciana Oliveira \u2013 TV 247)<br> 11h00 \u2013 3o Oficina. Designer na comunica\u00e7\u00e3o popular (Facilitador: Henrique Miranda \u2013 M\u00eddia<br> Ninja)<br> 12h00 \u2013 Almo\u00e7o<br> 14h00 \u2013 4o Oficina. Uso de ferramentas digitais para elabora\u00e7\u00e3o, edi\u00e7\u00e3o de imagens e v\u00eddeos<br> (Facilitador: Thiago Ara\u00fajo &#8211; Miracena\/WWF-Brasil)<br> 16h00 \u2013 Intervalo<br> 16h15 \u2013 18h00 \u2013 Pr\u00e1ticas e Exerc\u00edcios de comunica\u00e7\u00e3o e produ\u00e7\u00e3o audiovisuais<br> 19h30 \u2013 22h00 &#8211; Sarau Cultural (Apresenta\u00e7\u00e3o PPE EFAC)<br> 5o Dia: 26\/11- S\u00e1bado<br> 08h30 &#8211; Ato P\u00fablico da Juventude da Floresta. Participa\u00e7\u00e3o do governador do Estado do Amap\u00e1 ( local campo de futebol da EFAC).<br> 12h00 \u2013 Almo\u00e7o<br> 14h00 \u2013 Plen\u00e1ria de encerramento<br> Let\u00edcia Moraes \u2013 Secret\u00e1ria de Juventude do CNS. Facilitadora<br> J\u00falio Barbosa \u2013 Presidente do CNS CONAQ \u2013 a definir<br> COIAB \u2013 a definir<br> Rede Pantaneira \u2013 a definir<br> 18h00 \u2013 23h00 &#8211; Sarau Cultural de Encerramento do Encontro (Mazag\u00e3o Velho)<\/p>\n\n\n\n<figure class=\"wp-block-image size-large\"><img loading=\"lazy\" decoding=\"async\" width=\"1080\" height=\"1080\" data-attachment-id=\"34337\" data-permalink=\"http:\/\/blogdalucianaoliveira.com.br\/blog\/2022\/11\/17\/amapa-sedia-encontro-da-juventude-extrativista\/9305cdaa-e5f7-4993-9af3-2c3651526714\/\" data-orig-file=\"https:\/\/i0.wp.com\/blogdalucianaoliveira.com.br\/blog\/wp-content\/uploads\/2022\/11\/9305CDAA-E5F7-4993-9AF3-2C3651526714.jpeg?fit=1080%2C1080\" data-orig-size=\"1080,1080\" data-comments-opened=\"0\" data-image-meta=\"{&quot;aperture&quot;:&quot;0&quot;,&quot;credit&quot;:&quot;&quot;,&quot;camera&quot;:&quot;&quot;,&quot;caption&quot;:&quot;&quot;,&quot;created_timestamp&quot;:&quot;0&quot;,&quot;copyright&quot;:&quot;&quot;,&quot;focal_length&quot;:&quot;0&quot;,&quot;iso&quot;:&quot;0&quot;,&quot;shutter_speed&quot;:&quot;0&quot;,&quot;title&quot;:&quot;&quot;,&quot;orientation&quot;:&quot;1&quot;}\" data-image-title=\"9305CDAA-E5F7-4993-9AF3-2C3651526714\" data-image-description=\"\" data-image-caption=\"\" data-medium-file=\"https:\/\/i0.wp.com\/blogdalucianaoliveira.com.br\/blog\/wp-content\/uploads\/2022\/11\/9305CDAA-E5F7-4993-9AF3-2C3651526714.jpeg?fit=300%2C300\" data-large-file=\"https:\/\/i0.wp.com\/blogdalucianaoliveira.com.br\/blog\/wp-content\/uploads\/2022\/11\/9305CDAA-E5F7-4993-9AF3-2C3651526714.jpeg?fit=600%2C600\" src=\"https:\/\/i0.wp.com\/blogdalucianaoliveira.com.br\/blog\/wp-content\/uploads\/2022\/11\/9305CDAA-E5F7-4993-9AF3-2C3651526714.jpeg?fit=600%2C600\" alt=\"\" class=\"wp-image-34337\" srcset=\"https:\/\/i0.wp.com\/blogdalucianaoliveira.com.br\/blog\/wp-content\/uploads\/2022\/11\/9305CDAA-E5F7-4993-9AF3-2C3651526714.jpeg?w=1080 1080w, https:\/\/i0.wp.com\/blogdalucianaoliveira.com.br\/blog\/wp-content\/uploads\/2022\/11\/9305CDAA-E5F7-4993-9AF3-2C3651526714.jpeg?resize=300%2C300 300w, https:\/\/i0.wp.com\/blogdalucianaoliveira.com.br\/blog\/wp-content\/uploads\/2022\/11\/9305CDAA-E5F7-4993-9AF3-2C3651526714.jpeg?resize=1024%2C1024 1024w, https:\/\/i0.wp.com\/blogdalucianaoliveira.com.br\/blog\/wp-content\/uploads\/2022\/11\/9305CDAA-E5F7-4993-9AF3-2C3651526714.jpeg?resize=150%2C150 150w, https:\/\/i0.wp.com\/blogdalucianaoliveira.com.br\/blog\/wp-content\/uploads\/2022\/11\/9305CDAA-E5F7-4993-9AF3-2C3651526714.jpeg?resize=768%2C768 768w\" sizes=\"auto, (max-width: 600px) 100vw, 600px\" \/><\/figure>\n","protected":false},"excerpt":{"rendered":"<p>A juventude n\u00e3o quer s\u00f3 comida, quer divers\u00e3o e arte, quer a vida como a vida quer (Tit\u00e3s, 2008), quer ser ouvida, quer demostrar e dizer o que pensam, quer abrir seu cora\u00e7\u00e3o para o di\u00e1logo saud\u00e1vel e produtivo. A conversa com a juventude precisa ser aut\u00eantica, honesta, di\u00e1logo aberto para debater as pautas que&#8230;<a class=\"more-link\" href=\"http:\/\/blogdalucianaoliveira.com.br\/blog\/2022\/11\/17\/amapa-sedia-encontro-da-juventude-extrativista\/\">Continue a leitura <span class=\"meta-nav\">&raquo;<\/span><\/a><\/p>\n","protected":false},"author":1,"featured_media":0,"comment_status":"closed","ping_status":"open","sticky":false,"template":"","format":"standard","meta":{"_exactmetrics_skip_tracking":false,"_exactmetrics_sitenote_active":false,"_exactmetrics_sitenote_note":"","_exactmetrics_sitenote_category":0,"jetpack_post_was_ever_published":false,"_jetpack_newsletter_access":"","_jetpack_dont_email_post_to_subs":false,"_jetpack_newsletter_tier_id":0,"_jetpack_memberships_contains_paywalled_content":false,"_jetpack_memberships_contains_paid_content":false,"footnotes":"","jetpack_publicize_message":"","jetpack_publicize_feature_enabled":true,"jetpack_social_post_already_shared":true,"jetpack_social_options":{"image_generator_settings":{"template":"highway","enabled":false},"version":2}},"categories":[1],"tags":[664,812,811],"class_list":["post-34335","post","type-post","status-publish","format-standard","hentry","category-notas","tag-chico-mendes","tag-extrativista","tag-juventude"],"jetpack_publicize_connections":[],"jetpack_sharing_enabled":true,"jetpack_featured_media_url":"","jetpack_shortlink":"https:\/\/wp.me\/p7wKYW-8VN","jetpack-related-posts":[],"_links":{"self":[{"href":"http:\/\/blogdalucianaoliveira.com.br\/blog\/wp-json\/wp\/v2\/posts\/34335","targetHints":{"allow":["GET"]}}],"collection":[{"href":"http:\/\/blogdalucianaoliveira.com.br\/blog\/wp-json\/wp\/v2\/posts"}],"about":[{"href":"http:\/\/blogdalucianaoliveira.com.br\/blog\/wp-json\/wp\/v2\/types\/post"}],"author":[{"embeddable":true,"href":"http:\/\/blogdalucianaoliveira.com.br\/blog\/wp-json\/wp\/v2\/users\/1"}],"replies":[{"embeddable":true,"href":"http:\/\/blogdalucianaoliveira.com.br\/blog\/wp-json\/wp\/v2\/comments?post=34335"}],"version-history":[{"count":2,"href":"http:\/\/blogdalucianaoliveira.com.br\/blog\/wp-json\/wp\/v2\/posts\/34335\/revisions"}],"predecessor-version":[{"id":34339,"href":"http:\/\/blogdalucianaoliveira.com.br\/blog\/wp-json\/wp\/v2\/posts\/34335\/revisions\/34339"}],"wp:attachment":[{"href":"http:\/\/blogdalucianaoliveira.com.br\/blog\/wp-json\/wp\/v2\/media?parent=34335"}],"wp:term":[{"taxonomy":"category","embeddable":true,"href":"http:\/\/blogdalucianaoliveira.com.br\/blog\/wp-json\/wp\/v2\/categories?post=34335"},{"taxonomy":"post_tag","embeddable":true,"href":"http:\/\/blogdalucianaoliveira.com.br\/blog\/wp-json\/wp\/v2\/tags?post=34335"}],"curies":[{"name":"wp","href":"https:\/\/api.w.org\/{rel}","templated":true}]}}