{"id":34340,"date":"2022-11-19T10:22:04","date_gmt":"2022-11-19T14:22:04","guid":{"rendered":"http:\/\/blogdalucianaoliveira.com.br\/blog\/?p=34340"},"modified":"2022-11-19T10:23:20","modified_gmt":"2022-11-19T14:23:20","slug":"a-democracia-fora-do-teto-e-os-guardioes-do-templo-dos-mercados","status":"publish","type":"post","link":"http:\/\/blogdalucianaoliveira.com.br\/blog\/2022\/11\/19\/a-democracia-fora-do-teto-e-os-guardioes-do-templo-dos-mercados\/","title":{"rendered":"A democracia fora do teto e os guardi\u00f5es do templo dos mercados"},"content":{"rendered":"\n<figure class=\"wp-block-image size-large\"><img data-recalc-dims=\"1\" loading=\"lazy\" decoding=\"async\" width=\"600\" height=\"355\" data-attachment-id=\"34341\" data-permalink=\"http:\/\/blogdalucianaoliveira.com.br\/blog\/2022\/11\/19\/a-democracia-fora-do-teto-e-os-guardioes-do-templo-dos-mercados\/a7e27232-b807-4576-a543-0bd2811ca771\/\" data-orig-file=\"https:\/\/i0.wp.com\/blogdalucianaoliveira.com.br\/blog\/wp-content\/uploads\/2022\/11\/A7E27232-B807-4576-A543-0BD2811CA771.jpeg?fit=720%2C426\" data-orig-size=\"720,426\" data-comments-opened=\"0\" data-image-meta=\"{&quot;aperture&quot;:&quot;0&quot;,&quot;credit&quot;:&quot;&quot;,&quot;camera&quot;:&quot;&quot;,&quot;caption&quot;:&quot;&quot;,&quot;created_timestamp&quot;:&quot;0&quot;,&quot;copyright&quot;:&quot;&quot;,&quot;focal_length&quot;:&quot;0&quot;,&quot;iso&quot;:&quot;0&quot;,&quot;shutter_speed&quot;:&quot;0&quot;,&quot;title&quot;:&quot;&quot;,&quot;orientation&quot;:&quot;0&quot;}\" data-image-title=\"A7E27232-B807-4576-A543-0BD2811CA771\" data-image-description=\"\" data-image-caption=\"\" data-medium-file=\"https:\/\/i0.wp.com\/blogdalucianaoliveira.com.br\/blog\/wp-content\/uploads\/2022\/11\/A7E27232-B807-4576-A543-0BD2811CA771.jpeg?fit=300%2C178\" data-large-file=\"https:\/\/i0.wp.com\/blogdalucianaoliveira.com.br\/blog\/wp-content\/uploads\/2022\/11\/A7E27232-B807-4576-A543-0BD2811CA771.jpeg?fit=600%2C355\" src=\"https:\/\/i0.wp.com\/blogdalucianaoliveira.com.br\/blog\/wp-content\/uploads\/2022\/11\/A7E27232-B807-4576-A543-0BD2811CA771.jpeg?resize=600%2C355\" alt=\"\" class=\"wp-image-34341\" srcset=\"https:\/\/i0.wp.com\/blogdalucianaoliveira.com.br\/blog\/wp-content\/uploads\/2022\/11\/A7E27232-B807-4576-A543-0BD2811CA771.jpeg?w=720 720w, https:\/\/i0.wp.com\/blogdalucianaoliveira.com.br\/blog\/wp-content\/uploads\/2022\/11\/A7E27232-B807-4576-A543-0BD2811CA771.jpeg?resize=300%2C178 300w, https:\/\/i0.wp.com\/blogdalucianaoliveira.com.br\/blog\/wp-content\/uploads\/2022\/11\/A7E27232-B807-4576-A543-0BD2811CA771.jpeg?resize=507%2C300 507w\" sizes=\"auto, (max-width: 600px) 100vw, 600px\" \/><\/figure>\n\n\n\n<p>Por Luis Fernando Novoa Garzon &#8211;  A pontua\u00e7\u00e3o desautorizadora do fraseado presidencial feita pela troika tucana\u00a0(Arm\u00ednio Fraga, Pedro Malan e Edmar Bacha)\u00a0quer primeiro mostrar um estranhamento, uma advert\u00eancia t\u00e9cnica de economistas que tornaram indistingu\u00edveis as posi\u00e7\u00f5es de operadores da banca privada e de \u00a0gestores do Banco Central e Minist\u00e9rio da Fazenda entre 1994 e 2002. \u00a0Sabe l\u00e1 o que significa cair a Bolsa e aumentar o d\u00f3lar, perguntam os tradutores do simult\u00e2neo interesse de manter o neg\u00f3cio Brasil tal como ele \u00e9. <br><\/p>\n\n\n\n<!--more-->\n\n\n\n<p>Apague-se a dilapida\u00e7\u00e3o feita das contrarreformas, apaguem-se os efeitos perversamente desiguais da pandemia. A li\u00e7\u00e3o que querem reproduzir em um futuro esvaziado \u00e9: diante das crises, nenhum grau de espolia\u00e7\u00e3o e de pilhagem a menos. Diante do desmonte feito inevit\u00e1vel, o que se prop\u00f5e \u00e9 um desmonte mais acelerado, intensificar o butim, participe do butim voc\u00ea tamb\u00e9m. Afinal a ciranda financeira e agroneg\u00f3cio \u00e9 tudo \u201cgente s\u00e9ria\u201d, gente como a gente, repetem em simulacro pretensamente pop.<\/p>\n\n\n\n<p>Nem que fosse para fazer uma representa\u00e7\u00e3o cr\u00edvel, em contexto de desastres sobrepostos, n\u00e3o seria de bom tom mostrar \u201cmente aberta\u201d para reconstru\u00e7\u00f5es institucionais e de agendas? Prender-se a marcos artificiais e contingentes, a regras punitivas contra a ativa\u00e7\u00e3o de articula\u00e7\u00f5es nucleadas pelo Estado, expressa uma vontade deliberada de sabotador potenciais saltos qualitativos que o pa\u00eds possa dar. Ser\u00e1 o preg\u00e3o da bolsa, embebida no curtoprazismo que lhe \u00e9 inerente, que ir\u00e1 ditar o que podem ser benef\u00edcios e investimentos priorit\u00e1rios para a maioria da popula\u00e7\u00e3o?&nbsp;<\/p>\n\n\n\n<p>Ao interrogarem a interjei\u00e7\u00e3o \u201cPaci\u00eancia.\u201d, feita pelo Presidente eleito, colocam em quest\u00e3o os motivos dela e quem \u00e9 que deve t\u00ea-la e at\u00e9 quando. Os tecnocratas convertidos em banqueiros proferem amea\u00e7a, ressoando o que sente Faria Lima, exigindo desagravo e provas adicionais de fidelidade aos princ\u00edpios sagrados da responsabilidade fiscal. Aliados de ocasi\u00e3o, se sentem agora no direito de estabelecer inadmissibilidades na reconstru\u00e7\u00e3o de instrumentos de pol\u00edtica interna ou dom\u00e9stica do pa\u00eds.&nbsp;<\/p>\n\n\n\n<p>Oras, em uma situa\u00e7\u00e3o de crise magnificada em que se acumulam os efeitos da grande bolha de 2008 e do cen\u00e1rio pand\u00eamico a partir de 2020, fazer a defesa fundamentalista de regras de austeridade significa a defesa de in\u00e9rcias muito rent\u00e1veis para determinados setores. Crescimento e in\u00e9rcia deslocam posi\u00e7\u00f5es de mercado e de classe. Infla\u00e7\u00e3o \u00e9 antes de tudo, conflito distributivo e a forma e a intensidade do combate a ela, definem quem ganha mais e quem perde mais. Os novos grupos bilion\u00e1rios brasileiros, nutridos por pol\u00edticas de austeridade e de hipervaloriza\u00e7\u00e3o de ativos financeiros, defendem a austeridade fiscal em fun\u00e7\u00e3o de um interesse maior. Acreditem, \u00e9 em nome dos pobres, pensando neles apenas. Nada a ver a explosiva concentra\u00e7\u00e3o de riqueza, precedida de incessantes fus\u00f5es e aquisi\u00e7\u00f5es. Defender super\u00e1vits prim\u00e1rios e o controle inflacion\u00e1rio com aumento de juros, \u00e9 defender os interesses dos pobres. Faz sentido.&nbsp;<\/p>\n\n\n\n<p>O ultimato lembra que houve apoio e reconhecimento da elei\u00e7\u00e3o, mas o caminho, os limites e a nomenclatura ultraliberais est\u00e3o fora de quest\u00e3o.&nbsp;Aferrar-se a teto de gastos, admitindo exce\u00e7\u00f5es isoladas e condicionais, \u00e0s custas de persigna\u00e7\u00f5es, rever\u00eancias e autoflagelos, significa dizer que a democracia n\u00e3o cabe no esquadro fiscalista de economias profundamente &nbsp;financeirizadas, como a nossa. Assim como batalh\u00f5es de mercen\u00e1rios n\u00e3o admitem o fim do Estado miliciano-persecut\u00f3rio que estava em constru\u00e7\u00e3o,&nbsp;<\/p>\n\n\n\n<p>Os mercados, na voz de seus mais emplumados representantes, proferem p\u00fablica e francamente a defesa de um teto-democracia, o pr\u00e9vio descumprimento dos compromissos&nbsp;majorit\u00e1rios assumidos nas \u00faltimas elei\u00e7\u00f5es. Do contr\u00e1rio, acaba a paci\u00eancia. Ent\u00e3o quer dizer que a elei\u00e7\u00e3o de Lula foi uma concess\u00e3o, uma liberdade condicional para que alguns retoques fossem feitos, um bolsonarismo-guedismo, sem arroubos.<\/p>\n\n\n\n<p>No padr\u00e3o atua\u00e7\u00e3o da tecnocracia financeira que foi hegem\u00f4nica no Brasil,&nbsp;por d\u00e9cadas, &nbsp;n\u00e3o faltou ativismo em nome da meta totalit\u00e1ria de criar \u201cambientes facilitadores e estimuladores de investimentos privados\u201d e das metas operacionais subsequentes. Esse circuncentro do trip\u00e9 neoliberal (metas de infla\u00e7\u00e3o, metas de super\u00e1vit prim\u00e1rio m\u00ednimo e de livre oscila\u00e7\u00e3o do c\u00e2mbio com tetos e pisos el\u00e1sticos) procurou erradicar o que estes or\u00e1culos de mercado chamam de \u201czonas cinzentas\u201d na regula\u00e7\u00e3o da economia. O&nbsp;que&nbsp;quer dizer,&nbsp;proporcionar certeza de benef\u00edcios &nbsp;de curto prazo em qualquer prazo.&nbsp;Paci\u00eancia?<\/p>\n\n\n\n<p>Professor Luis Fernando Novoa Garzon<\/p>\n\n\n\n<p>Doutor em Planejamento Urbano e Regional (IPPUR-UFRJ)<\/p>\n\n\n\n<p>Departamento de Ci\u00eancias Sociais (UNIR)<\/p>\n","protected":false},"excerpt":{"rendered":"<p>Por Luis Fernando Novoa Garzon &#8211; A pontua\u00e7\u00e3o desautorizadora do fraseado presidencial feita pela troika tucana\u00a0(Arm\u00ednio Fraga, Pedro Malan e Edmar Bacha)\u00a0quer primeiro mostrar um estranhamento, uma advert\u00eancia t\u00e9cnica de economistas que tornaram indistingu\u00edveis as posi\u00e7\u00f5es de operadores da banca privada e de \u00a0gestores do Banco Central e Minist\u00e9rio da Fazenda entre 1994 e 2002&#8230;.<a class=\"more-link\" href=\"http:\/\/blogdalucianaoliveira.com.br\/blog\/2022\/11\/19\/a-democracia-fora-do-teto-e-os-guardioes-do-templo-dos-mercados\/\">Continue a leitura <span class=\"meta-nav\">&raquo;<\/span><\/a><\/p>\n","protected":false},"author":1,"featured_media":0,"comment_status":"closed","ping_status":"open","sticky":false,"template":"","format":"standard","meta":{"_exactmetrics_skip_tracking":false,"_exactmetrics_sitenote_active":false,"_exactmetrics_sitenote_note":"","_exactmetrics_sitenote_category":0,"jetpack_post_was_ever_published":false,"_jetpack_newsletter_access":"","_jetpack_dont_email_post_to_subs":false,"_jetpack_newsletter_tier_id":0,"_jetpack_memberships_contains_paywalled_content":false,"_jetpack_memberships_contains_paid_content":false,"footnotes":"","jetpack_publicize_message":"","jetpack_publicize_feature_enabled":true,"jetpack_social_post_already_shared":true,"jetpack_social_options":{"image_generator_settings":{"template":"highway","enabled":false},"version":2}},"categories":[1],"tags":[],"class_list":["post-34340","post","type-post","status-publish","format-standard","hentry","category-notas"],"jetpack_publicize_connections":[],"jetpack_sharing_enabled":true,"jetpack_featured_media_url":"","jetpack_shortlink":"https:\/\/wp.me\/p7wKYW-8VS","jetpack-related-posts":[],"_links":{"self":[{"href":"http:\/\/blogdalucianaoliveira.com.br\/blog\/wp-json\/wp\/v2\/posts\/34340","targetHints":{"allow":["GET"]}}],"collection":[{"href":"http:\/\/blogdalucianaoliveira.com.br\/blog\/wp-json\/wp\/v2\/posts"}],"about":[{"href":"http:\/\/blogdalucianaoliveira.com.br\/blog\/wp-json\/wp\/v2\/types\/post"}],"author":[{"embeddable":true,"href":"http:\/\/blogdalucianaoliveira.com.br\/blog\/wp-json\/wp\/v2\/users\/1"}],"replies":[{"embeddable":true,"href":"http:\/\/blogdalucianaoliveira.com.br\/blog\/wp-json\/wp\/v2\/comments?post=34340"}],"version-history":[{"count":2,"href":"http:\/\/blogdalucianaoliveira.com.br\/blog\/wp-json\/wp\/v2\/posts\/34340\/revisions"}],"predecessor-version":[{"id":34343,"href":"http:\/\/blogdalucianaoliveira.com.br\/blog\/wp-json\/wp\/v2\/posts\/34340\/revisions\/34343"}],"wp:attachment":[{"href":"http:\/\/blogdalucianaoliveira.com.br\/blog\/wp-json\/wp\/v2\/media?parent=34340"}],"wp:term":[{"taxonomy":"category","embeddable":true,"href":"http:\/\/blogdalucianaoliveira.com.br\/blog\/wp-json\/wp\/v2\/categories?post=34340"},{"taxonomy":"post_tag","embeddable":true,"href":"http:\/\/blogdalucianaoliveira.com.br\/blog\/wp-json\/wp\/v2\/tags?post=34340"}],"curies":[{"name":"wp","href":"https:\/\/api.w.org\/{rel}","templated":true}]}}