{"id":34351,"date":"2022-12-05T17:21:37","date_gmt":"2022-12-05T21:21:37","guid":{"rendered":"http:\/\/blogdalucianaoliveira.com.br\/blog\/?p=34351"},"modified":"2022-12-05T17:21:45","modified_gmt":"2022-12-05T21:21:45","slug":"no-brasil-247-7","status":"publish","type":"post","link":"http:\/\/blogdalucianaoliveira.com.br\/blog\/2022\/12\/05\/no-brasil-247-7\/","title":{"rendered":"No Brasil 247"},"content":{"rendered":"\n<figure class=\"wp-block-image size-large\"><img loading=\"lazy\" decoding=\"async\" width=\"1280\" height=\"720\" data-attachment-id=\"34352\" data-permalink=\"http:\/\/blogdalucianaoliveira.com.br\/blog\/2022\/12\/05\/no-brasil-247-7\/5a45a655-70a1-4477-9caf-db49f9bf3ce2\/\" data-orig-file=\"https:\/\/i0.wp.com\/blogdalucianaoliveira.com.br\/blog\/wp-content\/uploads\/2022\/12\/5A45A655-70A1-4477-9CAF-DB49F9BF3CE2.jpeg?fit=1280%2C720\" data-orig-size=\"1280,720\" data-comments-opened=\"0\" data-image-meta=\"{&quot;aperture&quot;:&quot;0&quot;,&quot;credit&quot;:&quot;&quot;,&quot;camera&quot;:&quot;&quot;,&quot;caption&quot;:&quot;&quot;,&quot;created_timestamp&quot;:&quot;0&quot;,&quot;copyright&quot;:&quot;&quot;,&quot;focal_length&quot;:&quot;0&quot;,&quot;iso&quot;:&quot;0&quot;,&quot;shutter_speed&quot;:&quot;0&quot;,&quot;title&quot;:&quot;&quot;,&quot;orientation&quot;:&quot;0&quot;}\" data-image-title=\"5A45A655-70A1-4477-9CAF-DB49F9BF3CE2\" data-image-description=\"\" data-image-caption=\"\" data-medium-file=\"https:\/\/i0.wp.com\/blogdalucianaoliveira.com.br\/blog\/wp-content\/uploads\/2022\/12\/5A45A655-70A1-4477-9CAF-DB49F9BF3CE2.jpeg?fit=300%2C169\" data-large-file=\"https:\/\/i0.wp.com\/blogdalucianaoliveira.com.br\/blog\/wp-content\/uploads\/2022\/12\/5A45A655-70A1-4477-9CAF-DB49F9BF3CE2.jpeg?fit=600%2C338\" src=\"https:\/\/i0.wp.com\/blogdalucianaoliveira.com.br\/blog\/wp-content\/uploads\/2022\/12\/5A45A655-70A1-4477-9CAF-DB49F9BF3CE2.jpeg?fit=600%2C338\" alt=\"\" class=\"wp-image-34352\" srcset=\"https:\/\/i0.wp.com\/blogdalucianaoliveira.com.br\/blog\/wp-content\/uploads\/2022\/12\/5A45A655-70A1-4477-9CAF-DB49F9BF3CE2.jpeg?w=1280 1280w, https:\/\/i0.wp.com\/blogdalucianaoliveira.com.br\/blog\/wp-content\/uploads\/2022\/12\/5A45A655-70A1-4477-9CAF-DB49F9BF3CE2.jpeg?resize=300%2C169 300w, https:\/\/i0.wp.com\/blogdalucianaoliveira.com.br\/blog\/wp-content\/uploads\/2022\/12\/5A45A655-70A1-4477-9CAF-DB49F9BF3CE2.jpeg?resize=1024%2C576 1024w, https:\/\/i0.wp.com\/blogdalucianaoliveira.com.br\/blog\/wp-content\/uploads\/2022\/12\/5A45A655-70A1-4477-9CAF-DB49F9BF3CE2.jpeg?resize=768%2C432 768w, https:\/\/i0.wp.com\/blogdalucianaoliveira.com.br\/blog\/wp-content\/uploads\/2022\/12\/5A45A655-70A1-4477-9CAF-DB49F9BF3CE2.jpeg?resize=533%2C300 533w, https:\/\/i0.wp.com\/blogdalucianaoliveira.com.br\/blog\/wp-content\/uploads\/2022\/12\/5A45A655-70A1-4477-9CAF-DB49F9BF3CE2.jpeg?w=1200 1200w\" sizes=\"auto, (max-width: 600px) 100vw, 600px\" \/><\/figure>\n\n\n\n<p>No Amap\u00e1, Amaz\u00f4nia brasileira, juventude extrativista se une para fortalecer a rede de comunica\u00e7\u00e3o popular em defesa de comunidades tradicionais, cultura, costumes e territ\u00f3rios.<br> A reportagem acompanhou um encontro nacional dessa juventude na regi\u00e3o da terra do tradicional festejo de S\u00e3o Thiago, de Nossa senhora da Assun\u00e7\u00e3o, do Mazag\u00e3o velho, munic\u00edpio com 252 anos que abrigou fam\u00edlias vindas de uma col\u00f4nia portuguesa no Marrocos desativada e transferida para o Brasil.<\/p>\n\n\n\n<!--more-->\n\n\n\n<p><br> Terra de extrativismo, de comunidades tradicionais e da Escola Fam\u00edlia Agroextrativista do Carv\u00e3o, que Lula visitou quando n\u00e3o imaginava se eleger presidente do Brasil 3 vezes.<\/p>\n\n\n\n<p><br> A escola \u00e9 fruto da luta sindical, legado de Chico de Mendes.<\/p>\n\n\n\n<p><\/p>\n\n\n\n<p>assista:<\/p>\n\n\n\n<figure class=\"wp-block-embed-youtube wp-block-embed is-type-video is-provider-youtube wp-embed-aspect-16-9 wp-has-aspect-ratio\"><div class=\"wp-block-embed__wrapper\">\n<div class=\"jetpack-video-wrapper\"><iframe loading=\"lazy\" title=\"Juventude extrativista da Amaz\u00f4nia se engaja na comunica\u00e7\u00e3o popular\" width=\"600\" height=\"338\" src=\"https:\/\/www.youtube.com\/embed\/u8576JPu4kg?feature=oembed\" frameborder=\"0\" allow=\"accelerometer; autoplay; clipboard-write; encrypted-media; gyroscope; picture-in-picture; web-share\" referrerpolicy=\"strict-origin-when-cross-origin\" allowfullscreen><\/iframe><\/div>\n<\/div><\/figure>\n","protected":false},"excerpt":{"rendered":"<p>No Amap\u00e1, Amaz\u00f4nia brasileira, juventude extrativista se une para fortalecer a rede de comunica\u00e7\u00e3o popular em defesa de comunidades tradicionais, cultura, costumes e territ\u00f3rios. A reportagem acompanhou um encontro nacional dessa juventude na regi\u00e3o da terra do tradicional festejo de S\u00e3o Thiago, de Nossa senhora da Assun\u00e7\u00e3o, do Mazag\u00e3o velho, munic\u00edpio com 252 anos que&#8230;<a class=\"more-link\" href=\"http:\/\/blogdalucianaoliveira.com.br\/blog\/2022\/12\/05\/no-brasil-247-7\/\">Continue a leitura <span class=\"meta-nav\">&raquo;<\/span><\/a><\/p>\n","protected":false},"author":1,"featured_media":0,"comment_status":"closed","ping_status":"open","sticky":false,"template":"","format":"standard","meta":{"_exactmetrics_skip_tracking":false,"_exactmetrics_sitenote_active":false,"_exactmetrics_sitenote_note":"","_exactmetrics_sitenote_category":0,"jetpack_post_was_ever_published":false,"_jetpack_newsletter_access":"","_jetpack_dont_email_post_to_subs":false,"_jetpack_newsletter_tier_id":0,"_jetpack_memberships_contains_paywalled_content":false,"_jetpack_memberships_contains_paid_content":false,"footnotes":"","jetpack_publicize_message":"","jetpack_publicize_feature_enabled":true,"jetpack_social_post_already_shared":true,"jetpack_social_options":{"image_generator_settings":{"template":"highway","enabled":false},"version":2}},"categories":[1],"tags":[588,664,816,712,811],"class_list":["post-34351","post","type-post","status-publish","format-standard","hentry","category-notas","tag-amazonia-legal","tag-chico-mendes","tag-conselho-nacional-das-populacoes-extrativistas","tag-extrativistas","tag-juventude"],"jetpack_publicize_connections":[],"jetpack_sharing_enabled":true,"jetpack_featured_media_url":"","jetpack_shortlink":"https:\/\/wp.me\/p7wKYW-8W3","jetpack-related-posts":[],"_links":{"self":[{"href":"http:\/\/blogdalucianaoliveira.com.br\/blog\/wp-json\/wp\/v2\/posts\/34351","targetHints":{"allow":["GET"]}}],"collection":[{"href":"http:\/\/blogdalucianaoliveira.com.br\/blog\/wp-json\/wp\/v2\/posts"}],"about":[{"href":"http:\/\/blogdalucianaoliveira.com.br\/blog\/wp-json\/wp\/v2\/types\/post"}],"author":[{"embeddable":true,"href":"http:\/\/blogdalucianaoliveira.com.br\/blog\/wp-json\/wp\/v2\/users\/1"}],"replies":[{"embeddable":true,"href":"http:\/\/blogdalucianaoliveira.com.br\/blog\/wp-json\/wp\/v2\/comments?post=34351"}],"version-history":[{"count":1,"href":"http:\/\/blogdalucianaoliveira.com.br\/blog\/wp-json\/wp\/v2\/posts\/34351\/revisions"}],"predecessor-version":[{"id":34353,"href":"http:\/\/blogdalucianaoliveira.com.br\/blog\/wp-json\/wp\/v2\/posts\/34351\/revisions\/34353"}],"wp:attachment":[{"href":"http:\/\/blogdalucianaoliveira.com.br\/blog\/wp-json\/wp\/v2\/media?parent=34351"}],"wp:term":[{"taxonomy":"category","embeddable":true,"href":"http:\/\/blogdalucianaoliveira.com.br\/blog\/wp-json\/wp\/v2\/categories?post=34351"},{"taxonomy":"post_tag","embeddable":true,"href":"http:\/\/blogdalucianaoliveira.com.br\/blog\/wp-json\/wp\/v2\/tags?post=34351"}],"curies":[{"name":"wp","href":"https:\/\/api.w.org\/{rel}","templated":true}]}}