{"id":34360,"date":"2022-12-19T11:22:37","date_gmt":"2022-12-19T15:22:37","guid":{"rendered":"http:\/\/blogdalucianaoliveira.com.br\/blog\/?p=34360"},"modified":"2022-12-19T11:22:40","modified_gmt":"2022-12-19T15:22:40","slug":"festival-do-futuro-confira-como-vai-ser-a-posse-de-lula-em-1o-de-janeiro-de-2023","status":"publish","type":"post","link":"http:\/\/blogdalucianaoliveira.com.br\/blog\/2022\/12\/19\/festival-do-futuro-confira-como-vai-ser-a-posse-de-lula-em-1o-de-janeiro-de-2023\/","title":{"rendered":"Festival do Futuro: confira como vai ser a posse de Lula em 1\u00ba de janeiro de 2023"},"content":{"rendered":"\n<figure class=\"wp-block-image size-large\"><img data-recalc-dims=\"1\" loading=\"lazy\" decoding=\"async\" width=\"600\" height=\"404\" data-attachment-id=\"34361\" data-permalink=\"http:\/\/blogdalucianaoliveira.com.br\/blog\/2022\/12\/19\/festival-do-futuro-confira-como-vai-ser-a-posse-de-lula-em-1o-de-janeiro-de-2023\/84a6e9e7-48d2-47d9-aeec-96fca934800a\/\" data-orig-file=\"https:\/\/i0.wp.com\/blogdalucianaoliveira.com.br\/blog\/wp-content\/uploads\/2022\/12\/84A6E9E7-48D2-47D9-AEEC-96FCA934800A.jpeg?fit=800%2C538\" data-orig-size=\"800,538\" data-comments-opened=\"0\" data-image-meta=\"{&quot;aperture&quot;:&quot;0&quot;,&quot;credit&quot;:&quot;&quot;,&quot;camera&quot;:&quot;&quot;,&quot;caption&quot;:&quot;&quot;,&quot;created_timestamp&quot;:&quot;0&quot;,&quot;copyright&quot;:&quot;&quot;,&quot;focal_length&quot;:&quot;0&quot;,&quot;iso&quot;:&quot;0&quot;,&quot;shutter_speed&quot;:&quot;0&quot;,&quot;title&quot;:&quot;&quot;,&quot;orientation&quot;:&quot;0&quot;}\" data-image-title=\"84A6E9E7-48D2-47D9-AEEC-96FCA934800A\" data-image-description=\"\" data-image-caption=\"\" data-medium-file=\"https:\/\/i0.wp.com\/blogdalucianaoliveira.com.br\/blog\/wp-content\/uploads\/2022\/12\/84A6E9E7-48D2-47D9-AEEC-96FCA934800A.jpeg?fit=300%2C202\" data-large-file=\"https:\/\/i0.wp.com\/blogdalucianaoliveira.com.br\/blog\/wp-content\/uploads\/2022\/12\/84A6E9E7-48D2-47D9-AEEC-96FCA934800A.jpeg?fit=600%2C404\" src=\"https:\/\/i0.wp.com\/blogdalucianaoliveira.com.br\/blog\/wp-content\/uploads\/2022\/12\/84A6E9E7-48D2-47D9-AEEC-96FCA934800A.jpeg?resize=600%2C404\" alt=\"\" class=\"wp-image-34361\" srcset=\"https:\/\/i0.wp.com\/blogdalucianaoliveira.com.br\/blog\/wp-content\/uploads\/2022\/12\/84A6E9E7-48D2-47D9-AEEC-96FCA934800A.jpeg?w=800 800w, https:\/\/i0.wp.com\/blogdalucianaoliveira.com.br\/blog\/wp-content\/uploads\/2022\/12\/84A6E9E7-48D2-47D9-AEEC-96FCA934800A.jpeg?resize=300%2C202 300w, https:\/\/i0.wp.com\/blogdalucianaoliveira.com.br\/blog\/wp-content\/uploads\/2022\/12\/84A6E9E7-48D2-47D9-AEEC-96FCA934800A.jpeg?resize=768%2C516 768w, https:\/\/i0.wp.com\/blogdalucianaoliveira.com.br\/blog\/wp-content\/uploads\/2022\/12\/84A6E9E7-48D2-47D9-AEEC-96FCA934800A.jpeg?resize=446%2C300 446w\" sizes=\"auto, (max-width: 600px) 100vw, 600px\" \/><\/figure>\n\n\n\n<h4 class=\"wp-block-heading\">Evento ter\u00e1 parte cerimonial e shows de diversos artistas na Esplanada dos Minist\u00e9rios<\/h4>\n\n\n\n<!--more-->\n\n\n\n<p>Brasil de Fato | Bras\u00edlia (DF)\u00a0<\/p>\n\n\n\n<p>Cerca de 300 mil pessoas s\u00e3o esperadas para a&nbsp;<a href=\"https:\/\/www.brasildefato.com.br\/2022\/12\/12\/meu-primeiro-diploma-e-o-de-presidente-da-repulica-o-discurso-de-lula-na-diplomacao-de-2002\" target=\"_blank\" rel=\"noreferrer noopener\">posse do presidente eleito Luiz In\u00e1cio Lula da Silva (PT)<\/a>, no dia 1\u00ba de janeiro de 2023, em Bras\u00edlia, para o seu terceiro mandato \u00e0 frente do governo brasileiro.<\/p>\n\n\n\n<p>A rede hoteleira da capital est\u00e1 com ocupa\u00e7\u00e3o praticamente lotada. A assessoria do gabinete da transi\u00e7\u00e3o de governo divulgou alguns detalhes sobre a programa\u00e7\u00e3o que est\u00e1 sendo preparada, que inclui atos oficiais e terminar\u00e1 com uma s\u00e9rie de de shows de artistas convidados, no que est\u00e1 sendo chamado de Festival do Futuro.&nbsp;<\/p>\n\n\n\n<p>Como vai ser a cerim\u00f4nia de posse<\/p>\n\n\n\n<p>Prevista para come\u00e7ar \u00e0s 14 horas, a cerim\u00f4nia oficial de posse conta com uma s\u00e9rie de eventos, e come\u00e7am pelo tradicional desfile em carro aberto em que o presidente eleito percorre a Esplanada dos Minist\u00e9rios. No Congresso, ele \u00e9 recebido pelos presidentes da C\u00e2mara dos Deputados e do Senado Federal para o ato que oficializa a posse presidencial, juramento \u00e0 Constitui\u00e7\u00e3o, e um primeiro discurso&nbsp;do empossado. Em seguida, presidente e vice se deslocam para o Pal\u00e1cio do Planalto, onde sobem a rampa. \u00c9 neste momento que ocorre a transmiss\u00e3o da faixa presidencial, que n\u00e3o deve contar com a participa\u00e7\u00e3o do presidente&nbsp;<a href=\"https:\/\/www.brasildefato.com.br\/2022\/12\/13\/derrotado-nas-urnas-bolsonaro-estimulou-violencia-golpista-em-brasilia-relembre-fatos\" target=\"_blank\" rel=\"noreferrer noopener\">Jair Bolsonaro, derrotado nas urnas<\/a>.<\/p>\n\n\n\n<p>Depois disso, o presidente eleito encontra autoridades internacionais e chefes de Estado no Sal\u00e3o Nobre do Pal\u00e1cio do Planalto. Os ministros tamb\u00e9m assinam seus atos de posse e posam para uma foto oficial. &nbsp;<\/p>\n\n\n\n<p>Chefes de Estado<\/p>\n\n\n\n<p>At\u00e9 o momento, 17&nbsp;<a href=\"https:\/\/www.brasildefato.com.br\/2022\/12\/07\/dois-dias-apos-convite-posse-de-lula-tem-mais-chefes-de-estado-confirmados-que-a-de-bolsonaro\" target=\"_blank\" rel=\"noreferrer noopener\">chefes de Estado e de governo<\/a>&nbsp;j\u00e1 confirmaram presen\u00e7a na posse de Lula. Mais nomes devem ser confirmados nas pr\u00f3ximas semanas, no que deve ser a posse presidencial com maior presen\u00e7a de altas&nbsp;autoridades estrangeiras desde a redemocratiza\u00e7\u00e3o do pa\u00eds. Est\u00e3o confirmados os presidentes da Alemanha, de Angola, da Argentina, da Bol\u00edvia, Cabo Verde, Chile, Col\u00f4mbia, Equador, o rei da Espanha, os presidentes da Guiana, de Guin\u00e9 Bissau, Paraguai, Portugal, Suriname, Timor Leste, Uruguai e Zimb\u00e1bue.<\/p>\n\n\n\n<p>Tamb\u00e9m confirmaram presen\u00e7a o vice-presidente do Panam\u00e1, o secret\u00e1rio executivo da Comunidade dos Pa\u00edses de L\u00edngua Portuguesa (CPLP) e os ministros de Rela\u00e7\u00f5es Exteriores da Costa Rica, do M\u00e9xico, da Palestina e da Turquia. O governo dos Estados Unidos (EUA) ainda n\u00e3o informou quem representar\u00e1 o pa\u00eds na posse, mas h\u00e1 expectativa da vinda da vice-presidente Kamala Harris.&nbsp;<\/p>\n\n\n\n<p>Festival do Futuro<\/p>\n\n\n\n<p>A parte musical da posse tamb\u00e9m promete. Dezenas de artistas j\u00e1 est\u00e3o confirmados para cantar no evento, segundo informa\u00e7\u00f5es oficiais j\u00e1 divulgadas pela equipe da futura primeira-dama Janja da Silva. As apresenta\u00e7\u00f5es acontecer\u00e3o a partir das 12h, em dois palcos montados na Esplanada, batizados de Gal Costa e Elza Soares, em homenagem a duas das maiores artistas da m\u00fasica e da cultura brasileira, que morreram em 2022.<\/p>\n\n\n\n<p>Confira quem j\u00e1 est\u00e1 confirmado para se apresentar na posse de Lula:<\/p>\n\n\n\n<p>Alm\u00e9rio<br>BaianaSystem<br>Duda Beat<br>Fernanda Takai<br>Francisco El Hombre<br>Gaby Amarantos<br>Geraldo Azevedo<br>Os Gilsons<br>Jards Macal\u00e9<br>Johnny Hooker<br>Juliano Maderada<br>Kleber Lucas<br>Luedji Luna<br>Leonardo Gon\u00e7alves<br>Marcelo Jeneci<br>Margareth Menezes<br>Maria Rita<br>Martinho da Vila<br>Odair Jos\u00e9<br>Otto<br>Pablo Vittar<br>Paulinho da Viola<br>Paulo Miklos<br>Paulo Vieira (apresenta\u00e7\u00e3o)<br>Teresa Cristina<br>Thalma de Freitas<br>Titi M\u00fcller (apresenta\u00e7\u00e3o)<br>Tulipa Ruiz<br>Valesca Popozuda<br>Z\u00e9lia Duncan<\/p>\n\n\n\n<p>Doa\u00e7\u00f5es e acampamento<\/p>\n\n\n\n<p>A organiza\u00e7\u00e3o da posse abriu uma&nbsp;<a href=\"https:\/\/doe.pt.org.br\/\" target=\"_blank\" rel=\"noreferrer noopener\">p\u00e1gina na internet para arrecada\u00e7\u00e3o de recursos<\/a>&nbsp;que ajudem na mobiliza\u00e7\u00e3o da festa popular da hist\u00f3ria. As doa\u00e7\u00f5es podem ser de R$ 13 a R$ 1.064, atrav\u00e9s de PIX, cart\u00e3o de cr\u00e9dito ou boleto banc\u00e1rio.<\/p>\n\n\n\n<p>Caravanas de todo o pa\u00eds est\u00e3o sendo organizadas e, em parceria com o governo do Distrito Federal, alguns locais p\u00fablicos, como o Parque da Cidade, devem ser disponibilizados para o acampamento dos visitantes. Os detalhes dessa alternativa ainda n\u00e3o foram divulgados.<\/p>\n\n\n\n<p>::&nbsp;<a href=\"https:\/\/chat.whatsapp.com\/Cs1uyLCaoPRDUWmIZVboBw\" target=\"_blank\" rel=\"noreferrer noopener\">Clique aqui para receber not\u00edcias do Brasil de Fato DF no seu Whatsapp<\/a>&nbsp;::<\/p>\n\n\n\n<p><strong>Fonte:&nbsp;<\/strong><a target=\"_blank\" href=\"https:\/\/www.brasildefatodf.com.br\/2022\/12\/15\/festival-do-futuro-confira-como-vai-ser-a-posse-de-lula-em-1-de-janeiro-de-2023\" rel=\"noreferrer noopener\">BdF Distrito Federal<\/a><\/p>\n\n\n\n<p>Edi\u00e7\u00e3o: Fl\u00e1via Quirino<\/p>\n","protected":false},"excerpt":{"rendered":"<p>Evento ter\u00e1 parte cerimonial e shows de diversos artistas na Esplanada dos Minist\u00e9rios<\/p>\n","protected":false},"author":1,"featured_media":0,"comment_status":"closed","ping_status":"open","sticky":false,"template":"","format":"standard","meta":{"_exactmetrics_skip_tracking":false,"_exactmetrics_sitenote_active":false,"_exactmetrics_sitenote_note":"","_exactmetrics_sitenote_category":0,"jetpack_post_was_ever_published":false,"_jetpack_newsletter_access":"","_jetpack_dont_email_post_to_subs":false,"_jetpack_newsletter_tier_id":0,"_jetpack_memberships_contains_paywalled_content":false,"_jetpack_memberships_contains_paid_content":false,"footnotes":"","jetpack_publicize_message":"","jetpack_publicize_feature_enabled":true,"jetpack_social_post_already_shared":true,"jetpack_social_options":{"image_generator_settings":{"template":"highway","enabled":false},"version":2}},"categories":[1],"tags":[78,817],"class_list":["post-34360","post","type-post","status-publish","format-standard","hentry","category-notas","tag-lula","tag-posse-do-lula"],"jetpack_publicize_connections":[],"jetpack_sharing_enabled":true,"jetpack_featured_media_url":"","jetpack_shortlink":"https:\/\/wp.me\/p7wKYW-8Wc","jetpack-related-posts":[],"_links":{"self":[{"href":"http:\/\/blogdalucianaoliveira.com.br\/blog\/wp-json\/wp\/v2\/posts\/34360","targetHints":{"allow":["GET"]}}],"collection":[{"href":"http:\/\/blogdalucianaoliveira.com.br\/blog\/wp-json\/wp\/v2\/posts"}],"about":[{"href":"http:\/\/blogdalucianaoliveira.com.br\/blog\/wp-json\/wp\/v2\/types\/post"}],"author":[{"embeddable":true,"href":"http:\/\/blogdalucianaoliveira.com.br\/blog\/wp-json\/wp\/v2\/users\/1"}],"replies":[{"embeddable":true,"href":"http:\/\/blogdalucianaoliveira.com.br\/blog\/wp-json\/wp\/v2\/comments?post=34360"}],"version-history":[{"count":1,"href":"http:\/\/blogdalucianaoliveira.com.br\/blog\/wp-json\/wp\/v2\/posts\/34360\/revisions"}],"predecessor-version":[{"id":34362,"href":"http:\/\/blogdalucianaoliveira.com.br\/blog\/wp-json\/wp\/v2\/posts\/34360\/revisions\/34362"}],"wp:attachment":[{"href":"http:\/\/blogdalucianaoliveira.com.br\/blog\/wp-json\/wp\/v2\/media?parent=34360"}],"wp:term":[{"taxonomy":"category","embeddable":true,"href":"http:\/\/blogdalucianaoliveira.com.br\/blog\/wp-json\/wp\/v2\/categories?post=34360"},{"taxonomy":"post_tag","embeddable":true,"href":"http:\/\/blogdalucianaoliveira.com.br\/blog\/wp-json\/wp\/v2\/tags?post=34360"}],"curies":[{"name":"wp","href":"https:\/\/api.w.org\/{rel}","templated":true}]}}