{"id":34366,"date":"2022-12-22T09:49:21","date_gmt":"2022-12-22T13:49:21","guid":{"rendered":"http:\/\/blogdalucianaoliveira.com.br\/blog\/?p=34366"},"modified":"2022-12-22T09:49:28","modified_gmt":"2022-12-22T13:49:28","slug":"documentario-o-territorio-entra-em-pre-lista-de-indicados-para-disputa-do-oscar-2023","status":"publish","type":"post","link":"http:\/\/blogdalucianaoliveira.com.br\/blog\/2022\/12\/22\/documentario-o-territorio-entra-em-pre-lista-de-indicados-para-disputa-do-oscar-2023\/","title":{"rendered":"Document\u00e1rio &#8216;O Territ\u00f3rio&#8217; entra em pr\u00e9-lista de indicados para disputa do Oscar 2023"},"content":{"rendered":"\n<figure class=\"wp-block-image\"><img data-recalc-dims=\"1\" decoding=\"async\" src=\"https:\/\/i0.wp.com\/s2.glbimg.com\/6KUXs3mIScMrQuavOwbL3GC80do%3D\/0x0%3A1050x467\/1000x0\/smart\/filters%3Astrip_icc%28%29\/i.s3.glbimg.com\/v1\/AUTH_59edd422c0c84a879bd37670ae4f538a\/internal_photos\/bs\/2022\/m\/d\/fpsidjREiClJpdWO6mSw\/neidinha.png?w=600&#038;ssl=1\" alt=\"\"\/><\/figure>\n\n\n\n<h4 class=\"wp-block-heading\">Os 15 pr\u00e9-indicados na categoria de Melhor Document\u00e1rio Longa Metragem foram anunciados pela Academia nesta quarta-feira (21). Lista com os indicados deve sair em janeiro. Premia\u00e7\u00e3o acontece em 12 de mar\u00e7o.<\/h4>\n\n\n\n<!--more-->\n\n\n\n<p>Por Ana K\u00e9zia Gomes, g1 RO<br><\/p>\n\n\n\n<p>&#8220;O Territ\u00f3rio&#8221;, document\u00e1rio filmado em Rond\u00f4nia com ajuda de ind\u00edgenas Uru-Eu-Wau-Wau \u00e9 um dos finalistas na disputa por uma vaga no Oscar 2023. O an\u00fancio foi feito pela Academia nesta quarta-feira (21).<\/p>\n\n\n\n<p>Estar nessa pr\u00e9-lista significa que &#8220;O Territ\u00f3rio&#8221; venceu uma concorr\u00eancia pr\u00e9via de pelo menos 144 filmes. Agora, al\u00e9m dele, outros 14 filmes avan\u00e7aram na disputa para entrar na\u00a0categoria de Melhor Document\u00e1rio Longa Metragem.<\/p>\n\n\n\n<p>A lista com os indicados \u00e0 95\u00aa edi\u00e7\u00e3o do Oscar ser\u00e1 anunciada no dia 24 de janeiro de 2023. A cerim\u00f4nia est\u00e1 prevista para acontecer em 12 de mar\u00e7o.<br><\/p>\n\n\n\n<p>O document\u00e1rio mostra a Hist\u00f3ria de ind\u00edgenas Uru-Eu-Wau-Wau pela defesa de suas terras. Ele foi primordialmente filmado em Rond\u00f4nia, com participa\u00e7\u00e3o de cineastas locais. Quem ajuda a tra\u00e7ar a linha narrativa \u00e9 Bitat\u00e9, um jovem Uru-Eu-Wau-Wau e a indigenista Ivaneide Bandeira, conhecida como Neidinha.<\/p>\n\n\n\n<p>A partir deles, &#8220;O Territ\u00f3rio&#8221; se apropria da linguagem audiovisual para denunciar desmatamentos, invas\u00f5es de terras, queimadas e persegui\u00e7\u00f5es.<\/p>\n\n\n\n<p>A Terra Ind\u00edgena Uru-Eu-Wau-Wau passa por pelo menos 12 dos 52 munic\u00edpios de Rond\u00f4nia. Ela abriga nove povos, incluindo ind\u00edgenas isolados. Entre as principais amea\u00e7as apontadas est\u00e3o: desmatamento, queimadas e a\u00e7\u00f5es de grileiros, segundo o Instituto Socioambiental (ISA).<\/p>\n\n\n\n<h2 class=\"wp-block-heading\">Na corrida pelo Oscar<\/h2>\n\n\n\n<p>Ainda falta cerca de um m\u00eas para a divulga\u00e7\u00e3o dos indicados ao Oscar 2023. Nesta quarta-feira (21), a Academia anunciou os finalistas em 10 categorias, s\u00e3o elas:<\/p>\n\n\n\n<ul class=\"wp-block-list\"><li>document\u00e1rio longa-metragem,<\/li><li>document\u00e1rio curta-metragem,<\/li><li>longa-metragem internacional,<\/li><li>maquiagem e penteado,<\/li><li>m\u00fasica (trilha sonora original),<\/li><li>m\u00fasica (m\u00fasica original),<\/li><li>curta-metragem de anima\u00e7\u00e3o,<\/li><li>curta-metragem de a\u00e7\u00e3o ao vivo,<\/li><li>som e<\/li><li>efeitos visuais.<\/li><\/ul>\n\n\n\n<p>A categoria que &#8220;O Territ\u00f3rio&#8221; \u00e9 finalista \u00e9&nbsp;Melhor Document\u00e1rio Longa Metragem, junto com ele est\u00e3o na pr\u00e9-lista:<\/p>\n\n\n\n<ul class=\"wp-block-list\"><li>All That Breathes<\/li><li>All the Beauty and the Bloodshed<\/li><li>Bad Axe<\/li><li>Children of the Mist<\/li><li>Descendant<\/li><li>Fire of Love<\/li><li>Hallelujah: Leonard Cohen, a Journey, a Song<\/li><li>Hidden Letters<\/li><li>A House Made of Splinters<\/li><li>The Janes<\/li><li>Last Flight Home<\/li><li>Moonage Daydream<\/li><li>Navalny<\/li><li>Retrograde<\/li><\/ul>\n","protected":false},"excerpt":{"rendered":"<p>Os 15 pr\u00e9-indicados na categoria de Melhor Document\u00e1rio Longa Metragem foram anunciados pela Academia nesta quarta-feira (21). Lista com os indicados deve sair em janeiro. Premia\u00e7\u00e3o acontece em 12 de mar\u00e7o.<\/p>\n","protected":false},"author":1,"featured_media":0,"comment_status":"closed","ping_status":"open","sticky":false,"template":"","format":"standard","meta":{"_exactmetrics_skip_tracking":false,"_exactmetrics_sitenote_active":false,"_exactmetrics_sitenote_note":"","_exactmetrics_sitenote_category":0,"jetpack_post_was_ever_published":false,"_jetpack_newsletter_access":"","_jetpack_dont_email_post_to_subs":false,"_jetpack_newsletter_tier_id":0,"_jetpack_memberships_contains_paywalled_content":false,"_jetpack_memberships_contains_paid_content":false,"footnotes":"","jetpack_publicize_message":"","jetpack_publicize_feature_enabled":true,"jetpack_social_post_already_shared":true,"jetpack_social_options":{"image_generator_settings":{"template":"highway","enabled":false},"version":2}},"categories":[1],"tags":[253,744],"class_list":["post-34366","post","type-post","status-publish","format-standard","hentry","category-notas","tag-filme","tag-filme-o-territorio"],"jetpack_publicize_connections":[],"jetpack_sharing_enabled":true,"jetpack_featured_media_url":"","jetpack_shortlink":"https:\/\/wp.me\/p7wKYW-8Wi","jetpack-related-posts":[],"_links":{"self":[{"href":"http:\/\/blogdalucianaoliveira.com.br\/blog\/wp-json\/wp\/v2\/posts\/34366","targetHints":{"allow":["GET"]}}],"collection":[{"href":"http:\/\/blogdalucianaoliveira.com.br\/blog\/wp-json\/wp\/v2\/posts"}],"about":[{"href":"http:\/\/blogdalucianaoliveira.com.br\/blog\/wp-json\/wp\/v2\/types\/post"}],"author":[{"embeddable":true,"href":"http:\/\/blogdalucianaoliveira.com.br\/blog\/wp-json\/wp\/v2\/users\/1"}],"replies":[{"embeddable":true,"href":"http:\/\/blogdalucianaoliveira.com.br\/blog\/wp-json\/wp\/v2\/comments?post=34366"}],"version-history":[{"count":1,"href":"http:\/\/blogdalucianaoliveira.com.br\/blog\/wp-json\/wp\/v2\/posts\/34366\/revisions"}],"predecessor-version":[{"id":34367,"href":"http:\/\/blogdalucianaoliveira.com.br\/blog\/wp-json\/wp\/v2\/posts\/34366\/revisions\/34367"}],"wp:attachment":[{"href":"http:\/\/blogdalucianaoliveira.com.br\/blog\/wp-json\/wp\/v2\/media?parent=34366"}],"wp:term":[{"taxonomy":"category","embeddable":true,"href":"http:\/\/blogdalucianaoliveira.com.br\/blog\/wp-json\/wp\/v2\/categories?post=34366"},{"taxonomy":"post_tag","embeddable":true,"href":"http:\/\/blogdalucianaoliveira.com.br\/blog\/wp-json\/wp\/v2\/tags?post=34366"}],"curies":[{"name":"wp","href":"https:\/\/api.w.org\/{rel}","templated":true}]}}