{"id":34368,"date":"2022-12-22T09:57:42","date_gmt":"2022-12-22T13:57:42","guid":{"rendered":"http:\/\/blogdalucianaoliveira.com.br\/blog\/?p=34368"},"modified":"2022-12-22T09:57:52","modified_gmt":"2022-12-22T13:57:52","slug":"na-mira-do-governo-lula-garimpo-ilegal-deixa-rastro-de-pobreza-na-amazonia","status":"publish","type":"post","link":"http:\/\/blogdalucianaoliveira.com.br\/blog\/2022\/12\/22\/na-mira-do-governo-lula-garimpo-ilegal-deixa-rastro-de-pobreza-na-amazonia\/","title":{"rendered":"Na mira do governo Lula, garimpo ilegal deixa rastro de pobreza na Amaz\u00f4nia"},"content":{"rendered":"\n<figure class=\"wp-block-image\"><img data-recalc-dims=\"1\" decoding=\"async\" src=\"https:\/\/i0.wp.com\/images01.brasildefato.com.br\/2caa169a4a5c16b2b717e3f8822ec887.jpeg?w=600&#038;ssl=1\" alt=\"\"\/><\/figure>\n\n\n\n<h2 class=\"wp-block-heading\">Estudo analisa indicadores sociais e comprova que, ao contr\u00e1rio do que promete, garimpo impede progresso social<\/h2>\n\n\n\n<!--more-->\n\n\n\n<p>Murilo Pajolla &#8211; Brasil de Fato | L\u00e1brea (AM) <\/p>\n\n\n\n<p>Acabar com o\u00a0<a rel=\"noreferrer noopener\" href=\"https:\/\/www.brasildefato.com.br\/2022\/04\/18\/garimpo-ilegal-provocou-90-das-mortes-por-conflitos-no-campo-em-2021-aponta-cpt\" target=\"_blank\">garimpo ilegal<\/a>\u00a0\u00e9 uma propostas do governo eleito de Luiz In\u00e1cio Lula da Silva (PT) para a Amaz\u00f4nia. Os defensores da atividade dizem que a minera\u00e7\u00e3o gera riqueza e aumenta a qualidade de vida da popula\u00e7\u00e3o.\u00a0A realidade, por\u00e9m, \u00e9 justamente o contr\u00e1rio.<\/p>\n\n\n\n<p>Um&nbsp;<a href=\"https:\/\/www.socioambiental.org\/sites\/default\/files\/noticias-e-posts\/2022-10\/Garimpo_final_IPS_2021.pdf\" target=\"_blank\" rel=\"noreferrer noopener\">estudo<\/a>&nbsp;do Instituto Socioambiental (ISA) mostra que as consequ\u00eancias v\u00e3o al\u00e9m da devasta\u00e7\u00e3o ambiental e da viola\u00e7\u00e3o de direitos humanos, especialmente de povos ind\u00edgenas. O&nbsp;ISA comprovou que o garimpo ilegal derruba os indicadores sociais das regi\u00f5es afetadas.<\/p>\n\n\n\n<p>A&nbsp;<a href=\"https:\/\/www.brasildefato.com.br\/2022\/09\/27\/garimpo-cresce-em-ritmo-acelerado-e-supera-area-explorada-por-mineracao-legal-diz-mapbiomas\" target=\"_blank\" rel=\"noreferrer noopener\">expans\u00e3o do garimpo ilegal<\/a>&nbsp;no bioma foi uma das marcas do governo de&nbsp;<a href=\"https:\/\/www.brasildefato.com.br\/2022\/05\/06\/bolsonaro-estimulou-avanco-de-garimpeiros-sobre-os-yanomami-relembre-casos-e-declaracoes\" target=\"_blank\" rel=\"noreferrer noopener\">Jair Bolsonaro<\/a>&nbsp;(PL). O presidente estimulou a atividade, com o discurso de que a riqueza mineral do solo deve ser apropriada pelos habitantes da Amaz\u00f4nia, que concentra mais de 90% das \u00e1reas de garimpagem no pa\u00eds.<\/p>\n\n\n\n<figure><iframe loading=\"lazy\" allowfullscreen=\"\" height=\"315\" src=\"https:\/\/www.youtube.com\/embed\/yvmhx8ttZ7I\" width=\"560\"><\/iframe><\/figure>\n\n\n\n<p>Entenda o impacto social do garimpo&nbsp;<\/p>\n\n\n\n<p>A m\u00e9dia do \u00cdndice de Progresso Social (IPS) dos munic\u00edpios com garimpo na Amaz\u00f4nia \u00e9 52,4, menos do que a m\u00e9dia para a Amaz\u00f4nia, que \u00e9 54,5, e bem abaixo da m\u00e9dia nacional, de 63,3.<\/p>\n\n\n\n<p>O \u00cdndice de Progresso Social \u00e9 um indicador internacional que leva em considera\u00e7\u00e3o tr\u00eas dimens\u00f5es: &#8220;necessidades b\u00e1sicas de sobreviv\u00eancia&#8221;, &#8220;fundamentos do bem-estar&#8221; e &#8220;oportunidades&#8221;.<\/p>\n\n\n\n<p><a href=\"https:\/\/www.brasildefato.com.br\/2022\/04\/18\/garimpo-ilegal-provocou-90-das-mortes-por-conflitos-no-campo-em-2021-aponta-cpt\" target=\"_blank\" rel=\"noreferrer noopener\"><strong>::&nbsp;Garimpo ilegal provocou 90% das mortes por conflitos no campo em 2021, aponta CPT ::<\/strong><\/a><\/p>\n\n\n\n<p>&#8220;Onde h\u00e1 garimpo, o impacto negativo faz com que munic\u00edpios e governos estaduais&nbsp;acabem tendo gastos p\u00fablicos adicionais para lidar com&nbsp;a&nbsp;degrada\u00e7\u00e3o ambiental,&nbsp;a desconfigura\u00e7\u00e3o dos recursos h\u00eddricos, o uso intensivo de merc\u00fario e&nbsp;a sonega\u00e7\u00e3o de impostos&#8221;, diz&nbsp;Ant\u00f4nio Oviedo, pesquisador do Instituto Socioambiental e um dos autores do estudo.<\/p>\n\n\n\n<p>A ex-garimpeira que tenta tirar fam\u00edlias da minera\u00e7\u00e3o ilegal&nbsp;<\/p>\n\n\n\n<p>Maria do Ros\u00e1rio \u00e9 integrante da Rede Eclesial Pan-Amaz\u00f4nica (Repam), organiza\u00e7\u00e3o social ligada \u00e0 Igreja Cat\u00f3lica, e vive em um dos polos de extra\u00e7\u00e3o ilegal de ouro no Brasil, o munic\u00edpio de Itaituba, no Par\u00e1.<\/p>\n\n\n\n<p>Ela contou ao&nbsp;<strong>Brasil de Fato&nbsp;<\/strong>quechegou a trabalhar no garimpo quando veio do Maranh\u00e3o, mas logo abandonou a atividade. Hoje, ela faz trabalho social com fam\u00edlias pobres que dependem do garimpo para sobreviver e luta para que elas deixem a atividade.&nbsp;<\/p>\n\n\n\n<p><a href=\"https:\/\/www.brasildefato.com.br\/2022\/05\/06\/bolsonaro-estimulou-avanco-de-garimpeiros-sobre-os-yanomami-relembre-casos-e-declaracoes\" target=\"_blank\" rel=\"noreferrer noopener\"><strong>::&nbsp;Bolsonaro estimulou avan\u00e7o de garimpeiros sobre os Yanomami; relembre casos e declara\u00e7\u00f5es ::<\/strong><\/a><\/p>\n\n\n\n<p>&#8220;A economia de Itaituba \u00e9 ouro e min\u00e9rio. A cidade n\u00e3o disp\u00f5e de emprego para todo mundo. N\u00e3o tem saneamento b\u00e1sico,&nbsp;nem esta\u00e7\u00e3o de tratamento de esgoto. Tem um lix\u00e3o a c\u00e9u aberto a 17 km da cidade.&nbsp;Infelizmente esse lix\u00e3o vem contaminando a malha dos c\u00f3rregos e trazendo todo res\u00edduos de contamina\u00e7\u00e3o para o rio Tapaj\u00f3s&#8221;, afirma.<\/p>\n\n\n\n<p>Empres\u00e1rios lucram alto&nbsp;<\/p>\n\n\n\n<p>Para muitas fam\u00edlias, a extra\u00e7\u00e3o de ouro \u00e9 a \u00fanica alternativa \u00e0 pobreza e \u00e0&nbsp;mis\u00e9ria. Maria do Ros\u00e1rio diz que a minera\u00e7\u00e3o ilegal gera sim muita riqueza, mas apenas para os grandes&nbsp;<a href=\"https:\/\/www.brasildefato.com.br\/2022\/02\/16\/politicos-e-empresarios-estimulam-atos-contra-operacao-da-pf-que-proibe-garimpo-ilegal-no-para\" target=\"_blank\" rel=\"noreferrer noopener\">empres\u00e1rios<\/a>&nbsp;do garimpo.<\/p>\n\n\n\n<p><a href=\"https:\/\/www.brasildefato.com.br\/2022\/02\/16\/politicos-e-empresarios-estimulam-atos-contra-operacao-da-pf-que-proibe-garimpo-ilegal-no-para\" target=\"_blank\" rel=\"noreferrer noopener\"><strong>::&nbsp;Pol\u00edticos e empres\u00e1rios estimulam atos contra opera\u00e7\u00e3o da PF que pro\u00edbe garimpo ilegal no Par\u00e1 ::<\/strong><\/a><\/p>\n\n\n\n<p>&#8220;Muitos garimpeiros n\u00e3o t\u00eam sequer casa para morar.&nbsp;Moram em casa alugada ou vivem em barracos. E,&nbsp;quando chegam com o ouro do garimpo, a venda n\u00e3o d\u00e1 para comprar uma casa para morar. Por a\u00ed se v\u00ea que [o garimpo] n\u00e3o d\u00e1 lucro. J\u00e1 os donos das dragas [balsas de garimpo ilegal], esses t\u00eam casa, tem mans\u00e3o, tem fazenda&#8221;, afirmou.<\/p>\n\n\n\n<p>Edi\u00e7\u00e3o: Nicolau Soares<br><\/p>\n","protected":false},"excerpt":{"rendered":"<p>Estudo analisa indicadores sociais e comprova que, ao contr\u00e1rio do que promete, garimpo impede progresso social<\/p>\n","protected":false},"author":1,"featured_media":0,"comment_status":"closed","ping_status":"open","sticky":false,"template":"","format":"standard","meta":{"_exactmetrics_skip_tracking":false,"_exactmetrics_sitenote_active":false,"_exactmetrics_sitenote_note":"","_exactmetrics_sitenote_category":0,"jetpack_post_was_ever_published":false,"_jetpack_newsletter_access":"","_jetpack_dont_email_post_to_subs":false,"_jetpack_newsletter_tier_id":0,"_jetpack_memberships_contains_paywalled_content":false,"_jetpack_memberships_contains_paid_content":false,"footnotes":"","jetpack_publicize_message":"","jetpack_publicize_feature_enabled":true,"jetpack_social_post_already_shared":true,"jetpack_social_options":{"image_generator_settings":{"template":"highway","enabled":false},"version":2}},"categories":[1],"tags":[],"class_list":["post-34368","post","type-post","status-publish","format-standard","hentry","category-notas"],"jetpack_publicize_connections":[],"jetpack_sharing_enabled":true,"jetpack_featured_media_url":"","jetpack_shortlink":"https:\/\/wp.me\/p7wKYW-8Wk","jetpack-related-posts":[],"_links":{"self":[{"href":"http:\/\/blogdalucianaoliveira.com.br\/blog\/wp-json\/wp\/v2\/posts\/34368","targetHints":{"allow":["GET"]}}],"collection":[{"href":"http:\/\/blogdalucianaoliveira.com.br\/blog\/wp-json\/wp\/v2\/posts"}],"about":[{"href":"http:\/\/blogdalucianaoliveira.com.br\/blog\/wp-json\/wp\/v2\/types\/post"}],"author":[{"embeddable":true,"href":"http:\/\/blogdalucianaoliveira.com.br\/blog\/wp-json\/wp\/v2\/users\/1"}],"replies":[{"embeddable":true,"href":"http:\/\/blogdalucianaoliveira.com.br\/blog\/wp-json\/wp\/v2\/comments?post=34368"}],"version-history":[{"count":1,"href":"http:\/\/blogdalucianaoliveira.com.br\/blog\/wp-json\/wp\/v2\/posts\/34368\/revisions"}],"predecessor-version":[{"id":34369,"href":"http:\/\/blogdalucianaoliveira.com.br\/blog\/wp-json\/wp\/v2\/posts\/34368\/revisions\/34369"}],"wp:attachment":[{"href":"http:\/\/blogdalucianaoliveira.com.br\/blog\/wp-json\/wp\/v2\/media?parent=34368"}],"wp:term":[{"taxonomy":"category","embeddable":true,"href":"http:\/\/blogdalucianaoliveira.com.br\/blog\/wp-json\/wp\/v2\/categories?post=34368"},{"taxonomy":"post_tag","embeddable":true,"href":"http:\/\/blogdalucianaoliveira.com.br\/blog\/wp-json\/wp\/v2\/tags?post=34368"}],"curies":[{"name":"wp","href":"https:\/\/api.w.org\/{rel}","templated":true}]}}