{"id":34378,"date":"2023-01-11T06:41:36","date_gmt":"2023-01-11T10:41:36","guid":{"rendered":"http:\/\/blogdalucianaoliveira.com.br\/blog\/?p=34378"},"modified":"2023-01-11T06:42:15","modified_gmt":"2023-01-11T10:42:15","slug":"bloco-pirarucu-do-madeira-homenageia-a-arte-popular-de-lu-silva","status":"publish","type":"post","link":"http:\/\/blogdalucianaoliveira.com.br\/blog\/2023\/01\/11\/bloco-pirarucu-do-madeira-homenageia-a-arte-popular-de-lu-silva\/","title":{"rendered":"BLOCO PIRARUCU DO MADEIRA HOMENAGEIA A ARTE POPULAR DE LU SILVA"},"content":{"rendered":"\n<figure class=\"wp-block-image size-large\"><img loading=\"lazy\" decoding=\"async\" width=\"1920\" height=\"720\" data-attachment-id=\"34379\" data-permalink=\"http:\/\/blogdalucianaoliveira.com.br\/blog\/2023\/01\/11\/bloco-pirarucu-do-madeira-homenageia-a-arte-popular-de-lu-silva\/bcb0f031-8487-423b-9e56-a74b8d90c813\/\" data-orig-file=\"https:\/\/i0.wp.com\/blogdalucianaoliveira.com.br\/blog\/wp-content\/uploads\/2023\/01\/BCB0F031-8487-423B-9E56-A74B8D90C813.png?fit=1920%2C720\" data-orig-size=\"1920,720\" data-comments-opened=\"0\" data-image-meta=\"{&quot;aperture&quot;:&quot;0&quot;,&quot;credit&quot;:&quot;&quot;,&quot;camera&quot;:&quot;&quot;,&quot;caption&quot;:&quot;&quot;,&quot;created_timestamp&quot;:&quot;0&quot;,&quot;copyright&quot;:&quot;&quot;,&quot;focal_length&quot;:&quot;0&quot;,&quot;iso&quot;:&quot;0&quot;,&quot;shutter_speed&quot;:&quot;0&quot;,&quot;title&quot;:&quot;&quot;,&quot;orientation&quot;:&quot;0&quot;}\" data-image-title=\"BCB0F031-8487-423B-9E56-A74B8D90C813\" data-image-description=\"\" data-image-caption=\"\" data-medium-file=\"https:\/\/i0.wp.com\/blogdalucianaoliveira.com.br\/blog\/wp-content\/uploads\/2023\/01\/BCB0F031-8487-423B-9E56-A74B8D90C813.png?fit=300%2C113\" data-large-file=\"https:\/\/i0.wp.com\/blogdalucianaoliveira.com.br\/blog\/wp-content\/uploads\/2023\/01\/BCB0F031-8487-423B-9E56-A74B8D90C813.png?fit=600%2C225\" src=\"https:\/\/i0.wp.com\/blogdalucianaoliveira.com.br\/blog\/wp-content\/uploads\/2023\/01\/BCB0F031-8487-423B-9E56-A74B8D90C813.png?fit=600%2C225\" alt=\"\" class=\"wp-image-34379\" srcset=\"https:\/\/i0.wp.com\/blogdalucianaoliveira.com.br\/blog\/wp-content\/uploads\/2023\/01\/BCB0F031-8487-423B-9E56-A74B8D90C813.png?w=1920 1920w, https:\/\/i0.wp.com\/blogdalucianaoliveira.com.br\/blog\/wp-content\/uploads\/2023\/01\/BCB0F031-8487-423B-9E56-A74B8D90C813.png?resize=300%2C113 300w, https:\/\/i0.wp.com\/blogdalucianaoliveira.com.br\/blog\/wp-content\/uploads\/2023\/01\/BCB0F031-8487-423B-9E56-A74B8D90C813.png?resize=1024%2C384 1024w, https:\/\/i0.wp.com\/blogdalucianaoliveira.com.br\/blog\/wp-content\/uploads\/2023\/01\/BCB0F031-8487-423B-9E56-A74B8D90C813.png?resize=768%2C288 768w, https:\/\/i0.wp.com\/blogdalucianaoliveira.com.br\/blog\/wp-content\/uploads\/2023\/01\/BCB0F031-8487-423B-9E56-A74B8D90C813.png?resize=1536%2C576 1536w, https:\/\/i0.wp.com\/blogdalucianaoliveira.com.br\/blog\/wp-content\/uploads\/2023\/01\/BCB0F031-8487-423B-9E56-A74B8D90C813.png?resize=800%2C300 800w, https:\/\/i0.wp.com\/blogdalucianaoliveira.com.br\/blog\/wp-content\/uploads\/2023\/01\/BCB0F031-8487-423B-9E56-A74B8D90C813.png?w=1200 1200w, https:\/\/i0.wp.com\/blogdalucianaoliveira.com.br\/blog\/wp-content\/uploads\/2023\/01\/BCB0F031-8487-423B-9E56-A74B8D90C813.png?w=1800 1800w\" sizes=\"auto, (max-width: 600px) 100vw, 600px\" \/><\/figure>\n\n\n\n<p>\u201c\u00c9 com muita alegria que a prefeitura municipal da folia popular e o governo do estado de amor e paz, convocam todos, todas e todes para o desfile do cord\u00e3o mais democr\u00e1tico da capital. A fervura ser\u00e1 no dia\u00a012 de fevereiro, com previs\u00e3o de chuvinha antes dos clarins de Momo ecoarem, que \u00e9 pra manter a tradi\u00e7\u00e3o de refrescar o foli\u00e3o\u201d, poetiza Ernande Segismundo, fundador do Bloco Pirarucu do Madeira.<\/p>\n\n\n\n<!--more-->\n\n\n\n<p>O bloco chega aos 30 anos de sua funda\u00e7\u00e3o mantendo a tradi\u00e7\u00e3o de desfilar sem cordas, sem abad\u00e1s e com a orquestra Puraqu\u00e9 tocando frevo, marchinha e samba com os p\u00e9s no ch\u00e3o.<\/p>\n\n\n\n<p>Com o tema A Arte Popular de Lu Silva, vai celebrar a vida e produ\u00e7\u00e3o art\u00edstica da atriz, cen\u00f3grafa, estilista e bonequeira, Maria Luiza Silva, carnavalescamente conhecida como \u2018Maria da Chave\u2019 que comanda a Corte do Rei Momo e abre a folia na capital.<\/p>\n\n\n\n<p>A homenageada reflete o valor cultural do teatro que sempre foi reverenciado no bloco com bonecos gigantes e performances de profissionais da arte c\u00eanica local.<\/p>\n\n\n\n<p>No carnaval de 2023 o bloco que n\u00e3o tem finalidade lucrativa, contar\u00e1 com o apoio da prefeitura de Porto Velho e parceiros empresariais que ser\u00e3o anunciados nos pr\u00f3ximos dias.<\/p>\n\n\n\n<p>A concentra\u00e7\u00e3o da folia come\u00e7a a partir das 15 hs, onde se encontram as avenidas Pinheiro Machado e Rog\u00e9rio Weber. O desfile tem previs\u00e3o de in\u00edcio por volta das 17 hs.<\/p>\n\n\n\n<p>\u201cEstamos nos dedicando para dar o nosso melhor aos foli\u00f5es do Pirarucu do Madeira. Vamos anunciar em breve novidades, mas adianto que teremos pr\u00e9vias carnavalescas do bloco\u201d, disse Segismundo<\/p>\n\n\n\n<p><strong>Sobre o tema<\/strong><\/p>\n\n\n\n<p><strong>A Arte Popular de Lu Silva<\/strong><\/p>\n\n\n\n<p>A cidad\u00e3 Maria Luiza Silva (Lu Silva), tamb\u00e9m conhecida como a foli\u00e3 Maria da Chave, surge para o cen\u00e1rio da cultura de Porto Velho quando se insere nesses movimentos atuando no teatro como, atriz, cen\u00f3grafa, estilista, bonequeira, ap\u00f3s ter vivido por certo tempo em S\u00e3o Paulo onde, ainda mui jovem, aprendeu o oficio, os segredos e a pr\u00e1tica da alta costura chegando a fazer e produzir figurinos para famosos que atuavam na televis\u00e3o e noutras \u00e1reas culturais.&nbsp;&nbsp; Formada em arquitetura, Lu Silva por v\u00e1rias vezes atuou como julgadora de desfiles de escola de samba e festivais folcl\u00f3ricos, tipo o Arraial Flor do Maracuj\u00e1 e outros certames dessa seara. &nbsp;&nbsp;<\/p>\n\n\n\n<p>Ap\u00f3s participar e ser premiada em sal\u00f5es de arte (SART) em nossa cidade, Lu Silva encontrou no carnaval um f\u00e9rtil espa\u00e7o para mostrar as suas habilidades e talento quando, por alguns anos, produziu o figurino da C\u00f4rte do Rei Momo e, tamb\u00e9m, contribuiu na organiza\u00e7\u00e3o das apresenta\u00e7\u00f5es dessa forma\u00e7\u00e3o nos bailes oficiais e outros eventos da quadra carnavalesca.<\/p>\n\n\n\n<p>Um fato curioso deu origem a seu pseud\u00f4nimo (Maria da Chave), quando da realiza\u00e7\u00e3o do Baile Municipal em 2011. Justo na hora da entrega da chave da cidade pelo Prefeito ao Rei Momo, a danada da chave sabe-se l\u00e1 porque sumiu e o cerimonial do evento ficou comprometido at\u00e9 que, ap\u00f3s um fren\u00e9tico corre-corre para localizar o s\u00edmbolo da posse de sua alteza o Rei da Folia o objeto foi encontrado e a festa do povo aconteceu com brilhantismo e alegria transbordantes.&nbsp;<\/p>\n\n\n\n<p>A Lu Silva reflexiva e cuidadosa, para garantir que esses atos cerimoniais n\u00e3o mais fossem repetidos e comprometessem o evento, pela falta da chave, ela que respondia pelo figurino da corte, tratou de criar para si um figurino alinhado aos modelitos da composi\u00e7\u00e3o momesca e se inseriu no elenco da corte do rei como como a guardi\u00e3 da chave para que, na hora da cerim\u00f4nia, o objeto n\u00e3o mais desaparecesse. Assim ela,&nbsp;<em>ad referendum<\/em>, fez-se, vestiu-se e revestiu-se de Maria da Chave, criando talvez, um personagem \u00fanico na hist\u00f3ria do carnaval.<\/p>\n\n\n\n<p>Ave, Maria Ave, Ave Maria da Chave!<\/p>\n\n\n\n<p><em>Por: Altair Santos (Tat\u00e1)&nbsp;<\/em><\/p>\n","protected":false},"excerpt":{"rendered":"<p>\u201c\u00c9 com muita alegria que a prefeitura municipal da folia popular e o governo do estado de amor e paz, convocam todos, todas e todes para o desfile do cord\u00e3o mais democr\u00e1tico da capital. A fervura ser\u00e1 no dia\u00a012 de fevereiro, com previs\u00e3o de chuvinha antes dos clarins de Momo ecoarem, que \u00e9 pra manter&#8230;<a class=\"more-link\" href=\"http:\/\/blogdalucianaoliveira.com.br\/blog\/2023\/01\/11\/bloco-pirarucu-do-madeira-homenageia-a-arte-popular-de-lu-silva\/\">Continue a leitura <span class=\"meta-nav\">&raquo;<\/span><\/a><\/p>\n","protected":false},"author":1,"featured_media":0,"comment_status":"closed","ping_status":"open","sticky":false,"template":"","format":"standard","meta":{"_exactmetrics_skip_tracking":false,"_exactmetrics_sitenote_active":false,"_exactmetrics_sitenote_note":"","_exactmetrics_sitenote_category":0,"jetpack_post_was_ever_published":false,"_jetpack_newsletter_access":"","_jetpack_dont_email_post_to_subs":false,"_jetpack_newsletter_tier_id":0,"_jetpack_memberships_contains_paywalled_content":false,"_jetpack_memberships_contains_paid_content":false,"footnotes":"","jetpack_publicize_message":"","jetpack_publicize_feature_enabled":true,"jetpack_social_post_already_shared":true,"jetpack_social_options":{"image_generator_settings":{"template":"highway","enabled":false},"version":2}},"categories":[1],"tags":[819,248,820],"class_list":["post-34378","post","type-post","status-publish","format-standard","hentry","category-notas","tag-bloco","tag-carnaval","tag-pirarucu-do-madeira"],"jetpack_publicize_connections":[],"jetpack_sharing_enabled":true,"jetpack_featured_media_url":"","jetpack_shortlink":"https:\/\/wp.me\/p7wKYW-8Wu","jetpack-related-posts":[],"_links":{"self":[{"href":"http:\/\/blogdalucianaoliveira.com.br\/blog\/wp-json\/wp\/v2\/posts\/34378","targetHints":{"allow":["GET"]}}],"collection":[{"href":"http:\/\/blogdalucianaoliveira.com.br\/blog\/wp-json\/wp\/v2\/posts"}],"about":[{"href":"http:\/\/blogdalucianaoliveira.com.br\/blog\/wp-json\/wp\/v2\/types\/post"}],"author":[{"embeddable":true,"href":"http:\/\/blogdalucianaoliveira.com.br\/blog\/wp-json\/wp\/v2\/users\/1"}],"replies":[{"embeddable":true,"href":"http:\/\/blogdalucianaoliveira.com.br\/blog\/wp-json\/wp\/v2\/comments?post=34378"}],"version-history":[{"count":2,"href":"http:\/\/blogdalucianaoliveira.com.br\/blog\/wp-json\/wp\/v2\/posts\/34378\/revisions"}],"predecessor-version":[{"id":34381,"href":"http:\/\/blogdalucianaoliveira.com.br\/blog\/wp-json\/wp\/v2\/posts\/34378\/revisions\/34381"}],"wp:attachment":[{"href":"http:\/\/blogdalucianaoliveira.com.br\/blog\/wp-json\/wp\/v2\/media?parent=34378"}],"wp:term":[{"taxonomy":"category","embeddable":true,"href":"http:\/\/blogdalucianaoliveira.com.br\/blog\/wp-json\/wp\/v2\/categories?post=34378"},{"taxonomy":"post_tag","embeddable":true,"href":"http:\/\/blogdalucianaoliveira.com.br\/blog\/wp-json\/wp\/v2\/tags?post=34378"}],"curies":[{"name":"wp","href":"https:\/\/api.w.org\/{rel}","templated":true}]}}