{"id":34383,"date":"2023-01-16T12:54:34","date_gmt":"2023-01-16T16:54:34","guid":{"rendered":"http:\/\/blogdalucianaoliveira.com.br\/blog\/?p=34383"},"modified":"2023-01-16T12:56:30","modified_gmt":"2023-01-16T16:56:30","slug":"bloco-pirarucu-do-madeira-vai-fazer-duas-previas-de-carnaval","status":"publish","type":"post","link":"http:\/\/blogdalucianaoliveira.com.br\/blog\/2023\/01\/16\/bloco-pirarucu-do-madeira-vai-fazer-duas-previas-de-carnaval\/","title":{"rendered":"BLOCO PIRARUCU DO MADEIRA VAI FAZER DUAS PR\u00c9VIAS DE CARNAVAL"},"content":{"rendered":"\n<figure class=\"wp-block-image size-large\"><img loading=\"lazy\" decoding=\"async\" width=\"1080\" height=\"1080\" data-attachment-id=\"34384\" data-permalink=\"http:\/\/blogdalucianaoliveira.com.br\/blog\/2023\/01\/16\/bloco-pirarucu-do-madeira-vai-fazer-duas-previas-de-carnaval\/11ff6dd8-c35a-49b2-ae07-225c0a176cda\/\" data-orig-file=\"https:\/\/i0.wp.com\/blogdalucianaoliveira.com.br\/blog\/wp-content\/uploads\/2023\/01\/11FF6DD8-C35A-49B2-AE07-225C0A176CDA.png?fit=1080%2C1080\" data-orig-size=\"1080,1080\" data-comments-opened=\"0\" data-image-meta=\"{&quot;aperture&quot;:&quot;0&quot;,&quot;credit&quot;:&quot;&quot;,&quot;camera&quot;:&quot;&quot;,&quot;caption&quot;:&quot;&quot;,&quot;created_timestamp&quot;:&quot;0&quot;,&quot;copyright&quot;:&quot;&quot;,&quot;focal_length&quot;:&quot;0&quot;,&quot;iso&quot;:&quot;0&quot;,&quot;shutter_speed&quot;:&quot;0&quot;,&quot;title&quot;:&quot;&quot;,&quot;orientation&quot;:&quot;0&quot;}\" data-image-title=\"11FF6DD8-C35A-49B2-AE07-225C0A176CDA\" data-image-description=\"\" data-image-caption=\"\" data-medium-file=\"https:\/\/i0.wp.com\/blogdalucianaoliveira.com.br\/blog\/wp-content\/uploads\/2023\/01\/11FF6DD8-C35A-49B2-AE07-225C0A176CDA.png?fit=300%2C300\" data-large-file=\"https:\/\/i0.wp.com\/blogdalucianaoliveira.com.br\/blog\/wp-content\/uploads\/2023\/01\/11FF6DD8-C35A-49B2-AE07-225C0A176CDA.png?fit=600%2C600\" src=\"https:\/\/i0.wp.com\/blogdalucianaoliveira.com.br\/blog\/wp-content\/uploads\/2023\/01\/11FF6DD8-C35A-49B2-AE07-225C0A176CDA.png?fit=600%2C600\" alt=\"\" class=\"wp-image-34384\" srcset=\"https:\/\/i0.wp.com\/blogdalucianaoliveira.com.br\/blog\/wp-content\/uploads\/2023\/01\/11FF6DD8-C35A-49B2-AE07-225C0A176CDA.png?w=1080 1080w, https:\/\/i0.wp.com\/blogdalucianaoliveira.com.br\/blog\/wp-content\/uploads\/2023\/01\/11FF6DD8-C35A-49B2-AE07-225C0A176CDA.png?resize=300%2C300 300w, https:\/\/i0.wp.com\/blogdalucianaoliveira.com.br\/blog\/wp-content\/uploads\/2023\/01\/11FF6DD8-C35A-49B2-AE07-225C0A176CDA.png?resize=1024%2C1024 1024w, https:\/\/i0.wp.com\/blogdalucianaoliveira.com.br\/blog\/wp-content\/uploads\/2023\/01\/11FF6DD8-C35A-49B2-AE07-225C0A176CDA.png?resize=150%2C150 150w, https:\/\/i0.wp.com\/blogdalucianaoliveira.com.br\/blog\/wp-content\/uploads\/2023\/01\/11FF6DD8-C35A-49B2-AE07-225C0A176CDA.png?resize=768%2C768 768w\" sizes=\"auto, (max-width: 600px) 100vw, 600px\" \/><\/figure>\n\n\n\n<p>\u201cTodos os anos os foli\u00f5es pedem mais do bloco que encanta pelas cores, fantasias e sua ess\u00eancia de folia democr\u00e1tica. Decidimos atender esse pedido ampliando a agenda com apresenta\u00e7\u00f5es a partir de janeiro\u201d, diz o presidente da Associa\u00e7\u00e3o Cultural Pirarucu do madeira, Ernande Segismundo. <\/p>\n\n\n\n<!--more-->\n\n\n\n<p>Ao completar 30 anos de funda\u00e7\u00e3o o bloco traz como novidade duas pr\u00e9vias carnavalescas, nos dias 27 de janeiro e tr\u00eas de fevereiro. E ser\u00e3o no Bar do Calixto, templo do samba e da cultura popular. <br><\/p>\n\n\n\n<figure class=\"wp-block-image size-large\"><img data-recalc-dims=\"1\" loading=\"lazy\" decoding=\"async\" width=\"480\" height=\"640\" data-attachment-id=\"34387\" data-permalink=\"http:\/\/blogdalucianaoliveira.com.br\/blog\/2023\/01\/16\/bloco-pirarucu-do-madeira-vai-fazer-duas-previas-de-carnaval\/f438530e-8903-4d54-8354-8b8dbe462d8c\/\" data-orig-file=\"https:\/\/i0.wp.com\/blogdalucianaoliveira.com.br\/blog\/wp-content\/uploads\/2023\/01\/F438530E-8903-4D54-8354-8B8DBE462D8C.jpeg?fit=480%2C640\" data-orig-size=\"480,640\" data-comments-opened=\"0\" data-image-meta=\"{&quot;aperture&quot;:&quot;1.6&quot;,&quot;credit&quot;:&quot;&quot;,&quot;camera&quot;:&quot;iPhone 12&quot;,&quot;caption&quot;:&quot;&quot;,&quot;created_timestamp&quot;:&quot;1673639360&quot;,&quot;copyright&quot;:&quot;&quot;,&quot;focal_length&quot;:&quot;4.2&quot;,&quot;iso&quot;:&quot;1000&quot;,&quot;shutter_speed&quot;:&quot;0.033333333333333&quot;,&quot;title&quot;:&quot;&quot;,&quot;orientation&quot;:&quot;1&quot;}\" data-image-title=\"F438530E-8903-4D54-8354-8B8DBE462D8C\" data-image-description=\"\" data-image-caption=\"\" data-medium-file=\"https:\/\/i0.wp.com\/blogdalucianaoliveira.com.br\/blog\/wp-content\/uploads\/2023\/01\/F438530E-8903-4D54-8354-8B8DBE462D8C.jpeg?fit=225%2C300\" data-large-file=\"https:\/\/i0.wp.com\/blogdalucianaoliveira.com.br\/blog\/wp-content\/uploads\/2023\/01\/F438530E-8903-4D54-8354-8B8DBE462D8C.jpeg?fit=480%2C640\" src=\"https:\/\/i0.wp.com\/blogdalucianaoliveira.com.br\/blog\/wp-content\/uploads\/2023\/01\/F438530E-8903-4D54-8354-8B8DBE462D8C.jpeg?resize=480%2C640\" alt=\"\" class=\"wp-image-34387\" srcset=\"https:\/\/i0.wp.com\/blogdalucianaoliveira.com.br\/blog\/wp-content\/uploads\/2023\/01\/F438530E-8903-4D54-8354-8B8DBE462D8C.jpeg?w=480 480w, https:\/\/i0.wp.com\/blogdalucianaoliveira.com.br\/blog\/wp-content\/uploads\/2023\/01\/F438530E-8903-4D54-8354-8B8DBE462D8C.jpeg?resize=225%2C300 225w\" sizes=\"auto, (max-width: 480px) 100vw, 480px\" \/><\/figure>\n\n\n\n<p>As duas pr\u00e9vias acontecer\u00e3o na sexta-feira, ap\u00f3s a apresenta\u00e7\u00e3o do projeto Panela Velha que cede o espa\u00e7o a partir das 21 horas.<\/p>\n\n\n\n<p>A Banda Puraqu\u00e9 est\u00e1 ensaiando o repert\u00f3rio com marchinhas tradicionais, do bloco, muito frevo e remix de ritmos do Norte.<\/p>\n\n\n\n<p>Com o tema A Arte Popular de Lu Silva, o bloco vai celebrar a vida e produ\u00e7\u00e3o art\u00edstica da atriz, cen\u00f3grafa, estilista e bonequeira, Maria Luiza Silva, carnavalescamente conhecida como \u2018Maria da Chave\u2019 que comanda a Corte do Rei Momo e abre a folia na capital.<\/p>\n\n\n\n<p>No carnaval de 2023 o bloco que n\u00e3o tem finalidade lucrativa contar\u00e1 com o apoio da Prefeitura de Porto Velho, da Escola de Samba Asfalt\u00e3o e do Bar do Calixto.<\/p>\n\n\n\n<p>O desfile ser\u00e1 no dia 12 de fevereiro \u00e0s 17 horas, mas a concentra\u00e7\u00e3o \u00e9 a partir das 15 horas, na esquina das avenidas Pinheiro Machado e Rog\u00e9rio Weber.<\/p>\n","protected":false},"excerpt":{"rendered":"<p>\u201cTodos os anos os foli\u00f5es pedem mais do bloco que encanta pelas cores, fantasias e sua ess\u00eancia de folia democr\u00e1tica. Decidimos atender esse pedido ampliando a agenda com apresenta\u00e7\u00f5es a partir de janeiro\u201d, diz o presidente da Associa\u00e7\u00e3o Cultural Pirarucu do madeira, Ernande Segismundo.<\/p>\n","protected":false},"author":1,"featured_media":0,"comment_status":"closed","ping_status":"open","sticky":false,"template":"","format":"standard","meta":{"_exactmetrics_skip_tracking":false,"_exactmetrics_sitenote_active":false,"_exactmetrics_sitenote_note":"","_exactmetrics_sitenote_category":0,"jetpack_post_was_ever_published":false,"_jetpack_newsletter_access":"","_jetpack_dont_email_post_to_subs":false,"_jetpack_newsletter_tier_id":0,"_jetpack_memberships_contains_paywalled_content":false,"_jetpack_memberships_contains_paid_content":false,"footnotes":"","jetpack_publicize_message":"","jetpack_publicize_feature_enabled":true,"jetpack_social_post_already_shared":true,"jetpack_social_options":{"image_generator_settings":{"template":"highway","enabled":false},"version":2}},"categories":[1],"tags":[821,248],"class_list":["post-34383","post","type-post","status-publish","format-standard","hentry","category-notas","tag-bloco-pirarucu-do-madeira","tag-carnaval"],"jetpack_publicize_connections":[],"jetpack_sharing_enabled":true,"jetpack_featured_media_url":"","jetpack_shortlink":"https:\/\/wp.me\/p7wKYW-8Wz","jetpack-related-posts":[],"_links":{"self":[{"href":"http:\/\/blogdalucianaoliveira.com.br\/blog\/wp-json\/wp\/v2\/posts\/34383","targetHints":{"allow":["GET"]}}],"collection":[{"href":"http:\/\/blogdalucianaoliveira.com.br\/blog\/wp-json\/wp\/v2\/posts"}],"about":[{"href":"http:\/\/blogdalucianaoliveira.com.br\/blog\/wp-json\/wp\/v2\/types\/post"}],"author":[{"embeddable":true,"href":"http:\/\/blogdalucianaoliveira.com.br\/blog\/wp-json\/wp\/v2\/users\/1"}],"replies":[{"embeddable":true,"href":"http:\/\/blogdalucianaoliveira.com.br\/blog\/wp-json\/wp\/v2\/comments?post=34383"}],"version-history":[{"count":2,"href":"http:\/\/blogdalucianaoliveira.com.br\/blog\/wp-json\/wp\/v2\/posts\/34383\/revisions"}],"predecessor-version":[{"id":34388,"href":"http:\/\/blogdalucianaoliveira.com.br\/blog\/wp-json\/wp\/v2\/posts\/34383\/revisions\/34388"}],"wp:attachment":[{"href":"http:\/\/blogdalucianaoliveira.com.br\/blog\/wp-json\/wp\/v2\/media?parent=34383"}],"wp:term":[{"taxonomy":"category","embeddable":true,"href":"http:\/\/blogdalucianaoliveira.com.br\/blog\/wp-json\/wp\/v2\/categories?post=34383"},{"taxonomy":"post_tag","embeddable":true,"href":"http:\/\/blogdalucianaoliveira.com.br\/blog\/wp-json\/wp\/v2\/tags?post=34383"}],"curies":[{"name":"wp","href":"https:\/\/api.w.org\/{rel}","templated":true}]}}