{"id":34389,"date":"2023-01-19T12:51:21","date_gmt":"2023-01-19T16:51:21","guid":{"rendered":"http:\/\/blogdalucianaoliveira.com.br\/blog\/?p=34389"},"modified":"2023-01-19T13:05:32","modified_gmt":"2023-01-19T17:05:32","slug":"palitot-propoe-bloco-pirarucu-do-madeira-como-patrimonio-cultural-imaterial","status":"publish","type":"post","link":"http:\/\/blogdalucianaoliveira.com.br\/blog\/2023\/01\/19\/palitot-propoe-bloco-pirarucu-do-madeira-como-patrimonio-cultural-imaterial\/","title":{"rendered":"Palitot prop\u00f5e Bloco Pirarucu do Madeira como Patrim\u00f4nio Cultural Imaterial"},"content":{"rendered":"\n<figure class=\"wp-block-image size-large\"><img loading=\"lazy\" decoding=\"async\" width=\"1920\" height=\"1080\" data-attachment-id=\"34390\" data-permalink=\"http:\/\/blogdalucianaoliveira.com.br\/blog\/2023\/01\/19\/palitot-propoe-bloco-pirarucu-do-madeira-como-patrimonio-cultural-imaterial\/69fd2d0d-bce4-4668-94a6-d1dda27b2de4\/\" data-orig-file=\"https:\/\/i0.wp.com\/blogdalucianaoliveira.com.br\/blog\/wp-content\/uploads\/2023\/01\/69FD2D0D-BCE4-4668-94A6-D1DDA27B2DE4.png?fit=1920%2C1080\" data-orig-size=\"1920,1080\" data-comments-opened=\"0\" data-image-meta=\"{&quot;aperture&quot;:&quot;0&quot;,&quot;credit&quot;:&quot;&quot;,&quot;camera&quot;:&quot;&quot;,&quot;caption&quot;:&quot;&quot;,&quot;created_timestamp&quot;:&quot;0&quot;,&quot;copyright&quot;:&quot;&quot;,&quot;focal_length&quot;:&quot;0&quot;,&quot;iso&quot;:&quot;0&quot;,&quot;shutter_speed&quot;:&quot;0&quot;,&quot;title&quot;:&quot;&quot;,&quot;orientation&quot;:&quot;0&quot;}\" data-image-title=\"69FD2D0D-BCE4-4668-94A6-D1DDA27B2DE4\" data-image-description=\"\" data-image-caption=\"\" data-medium-file=\"https:\/\/i0.wp.com\/blogdalucianaoliveira.com.br\/blog\/wp-content\/uploads\/2023\/01\/69FD2D0D-BCE4-4668-94A6-D1DDA27B2DE4.png?fit=300%2C169\" data-large-file=\"https:\/\/i0.wp.com\/blogdalucianaoliveira.com.br\/blog\/wp-content\/uploads\/2023\/01\/69FD2D0D-BCE4-4668-94A6-D1DDA27B2DE4.png?fit=600%2C338\" src=\"https:\/\/i0.wp.com\/blogdalucianaoliveira.com.br\/blog\/wp-content\/uploads\/2023\/01\/69FD2D0D-BCE4-4668-94A6-D1DDA27B2DE4.png?fit=600%2C338\" alt=\"\" class=\"wp-image-34390\" srcset=\"https:\/\/i0.wp.com\/blogdalucianaoliveira.com.br\/blog\/wp-content\/uploads\/2023\/01\/69FD2D0D-BCE4-4668-94A6-D1DDA27B2DE4.png?w=1920 1920w, https:\/\/i0.wp.com\/blogdalucianaoliveira.com.br\/blog\/wp-content\/uploads\/2023\/01\/69FD2D0D-BCE4-4668-94A6-D1DDA27B2DE4.png?resize=300%2C169 300w, https:\/\/i0.wp.com\/blogdalucianaoliveira.com.br\/blog\/wp-content\/uploads\/2023\/01\/69FD2D0D-BCE4-4668-94A6-D1DDA27B2DE4.png?resize=1024%2C576 1024w, https:\/\/i0.wp.com\/blogdalucianaoliveira.com.br\/blog\/wp-content\/uploads\/2023\/01\/69FD2D0D-BCE4-4668-94A6-D1DDA27B2DE4.png?resize=768%2C432 768w, https:\/\/i0.wp.com\/blogdalucianaoliveira.com.br\/blog\/wp-content\/uploads\/2023\/01\/69FD2D0D-BCE4-4668-94A6-D1DDA27B2DE4.png?resize=1536%2C864 1536w, https:\/\/i0.wp.com\/blogdalucianaoliveira.com.br\/blog\/wp-content\/uploads\/2023\/01\/69FD2D0D-BCE4-4668-94A6-D1DDA27B2DE4.png?resize=533%2C300 533w, https:\/\/i0.wp.com\/blogdalucianaoliveira.com.br\/blog\/wp-content\/uploads\/2023\/01\/69FD2D0D-BCE4-4668-94A6-D1DDA27B2DE4.png?w=1200 1200w, https:\/\/i0.wp.com\/blogdalucianaoliveira.com.br\/blog\/wp-content\/uploads\/2023\/01\/69FD2D0D-BCE4-4668-94A6-D1DDA27B2DE4.png?w=1800 1800w\" sizes=\"auto, (max-width: 600px) 100vw, 600px\" \/><\/figure>\n\n\n\n<p><\/p>\n\n\n\n<p>Foi apresentado nesta quinta-feira, 19, o projeto de lei 4428\/2023, de autoria do vereador Aleks Palitot, que declara a Associa\u00e7\u00e3o Cultural Pirarucu do Madeira como Patrim\u00f4nio Cultural de Natureza Imaterial do munic\u00edpio de Porto Velho.<\/p>\n\n\n\n<!--more-->\n\n\n\n<p>\u201cN\u00e3o sou s\u00f3 foli\u00e3o do bloco, mas cidad\u00e3o que reconhece a import\u00e2ncia de um bloco com tr\u00eas d\u00e9cadas de funda\u00e7\u00e3o sem mudar sua ess\u00eancia: sem finalidade lucrativa e democr\u00e1tico\u201d, disse Palitot.&nbsp;<\/p>\n\n\n\n<p>Ele far\u00e1 a leitura do projeto na pr\u00f3xima sess\u00e3o e a vota\u00e7\u00e3o ocorrer\u00e1 na seguinte.&nbsp;<br><\/p>\n\n\n\n<figure class=\"wp-block-image size-large\"><img loading=\"lazy\" decoding=\"async\" width=\"1170\" height=\"1578\" data-attachment-id=\"34392\" data-permalink=\"http:\/\/blogdalucianaoliveira.com.br\/blog\/2023\/01\/19\/palitot-propoe-bloco-pirarucu-do-madeira-como-patrimonio-cultural-imaterial\/6df01f35-0f3b-4b19-9dbd-f3bcbcb9cd80\/\" data-orig-file=\"https:\/\/i0.wp.com\/blogdalucianaoliveira.com.br\/blog\/wp-content\/uploads\/2023\/01\/6DF01F35-0F3B-4B19-9DBD-F3BCBCB9CD80.jpeg?fit=1170%2C1578\" data-orig-size=\"1170,1578\" data-comments-opened=\"0\" data-image-meta=\"{&quot;aperture&quot;:&quot;0&quot;,&quot;credit&quot;:&quot;&quot;,&quot;camera&quot;:&quot;&quot;,&quot;caption&quot;:&quot;&quot;,&quot;created_timestamp&quot;:&quot;0&quot;,&quot;copyright&quot;:&quot;&quot;,&quot;focal_length&quot;:&quot;0&quot;,&quot;iso&quot;:&quot;0&quot;,&quot;shutter_speed&quot;:&quot;0&quot;,&quot;title&quot;:&quot;&quot;,&quot;orientation&quot;:&quot;1&quot;}\" data-image-title=\"6DF01F35-0F3B-4B19-9DBD-F3BCBCB9CD80\" data-image-description=\"\" data-image-caption=\"\" data-medium-file=\"https:\/\/i0.wp.com\/blogdalucianaoliveira.com.br\/blog\/wp-content\/uploads\/2023\/01\/6DF01F35-0F3B-4B19-9DBD-F3BCBCB9CD80.jpeg?fit=222%2C300\" data-large-file=\"https:\/\/i0.wp.com\/blogdalucianaoliveira.com.br\/blog\/wp-content\/uploads\/2023\/01\/6DF01F35-0F3B-4B19-9DBD-F3BCBCB9CD80.jpeg?fit=600%2C809\" src=\"https:\/\/i0.wp.com\/blogdalucianaoliveira.com.br\/blog\/wp-content\/uploads\/2023\/01\/6DF01F35-0F3B-4B19-9DBD-F3BCBCB9CD80.jpeg?fit=600%2C809\" alt=\"\" class=\"wp-image-34392\" srcset=\"https:\/\/i0.wp.com\/blogdalucianaoliveira.com.br\/blog\/wp-content\/uploads\/2023\/01\/6DF01F35-0F3B-4B19-9DBD-F3BCBCB9CD80.jpeg?w=1170 1170w, https:\/\/i0.wp.com\/blogdalucianaoliveira.com.br\/blog\/wp-content\/uploads\/2023\/01\/6DF01F35-0F3B-4B19-9DBD-F3BCBCB9CD80.jpeg?resize=222%2C300 222w, https:\/\/i0.wp.com\/blogdalucianaoliveira.com.br\/blog\/wp-content\/uploads\/2023\/01\/6DF01F35-0F3B-4B19-9DBD-F3BCBCB9CD80.jpeg?resize=759%2C1024 759w, https:\/\/i0.wp.com\/blogdalucianaoliveira.com.br\/blog\/wp-content\/uploads\/2023\/01\/6DF01F35-0F3B-4B19-9DBD-F3BCBCB9CD80.jpeg?resize=768%2C1036 768w, https:\/\/i0.wp.com\/blogdalucianaoliveira.com.br\/blog\/wp-content\/uploads\/2023\/01\/6DF01F35-0F3B-4B19-9DBD-F3BCBCB9CD80.jpeg?resize=1139%2C1536 1139w\" sizes=\"auto, (max-width: 600px) 100vw, 600px\" \/><\/figure>\n\n\n\n<p>A perspectiva \u00e9 de que o projeto seja aprovado a tempo de ser anunciado no desfile marcado para o dia 12 de fevereiro, a partir das 17 hs, no circuito carnavalesco da Pinheiro Machado.&nbsp;<\/p>\n\n\n\n<p>O bloco n\u00e3o vende nada e proporciona folia para todos e todas, sem cordas, sem abad\u00e1s e com marchinhas e frevos pr\u00f3prios e tradicionais.&nbsp;<br><\/p>\n\n\n\n<p>\u201cNos alegra o reconhecimento, principalmente pela iniciativa partir de um vereador que tamb\u00e9m \u00e9 foli\u00e3o, pois o bloco Pirarucu do Madeira existe pelo foli\u00e3o e para o foli\u00e3o\u201d, disse Ernande Segismundo, presidente do bloco. <\/p>\n\n\n\n<p>Hist\u00f3rico do Bloco<\/p>\n\n\n\n<p><strong>Bloco das Cores e Fantasias PIRARUCU DO MADEIRA<\/strong><\/p>\n\n\n\n<p>O carnaval brasileiro \u00e9 a maior manifesta\u00e7\u00e3o de cultura popular do mundo. N\u00e3o existe nenhuma outra festa popular no planeta que se compare minimamente com o carnaval brasileiro. Carnaval h\u00e1 no mundo inteiro, mas s\u00e3o festas localizadas, como em Veneza &#8211; It\u00e1lia, Col\u00f4nia &#8211; Alemanha, C\u00e1diz &#8211; Espanha, Oruro &#8211; Bol\u00edvia, Barranquilla \u2013 Col\u00f4mbia, Toronto -Canad\u00e1 e Nova Orleans &#8211; EUA<\/p>\n\n\n\n<p>Mas, um pa\u00eds inteiro parar por cinco dias para festejar o reinado de Momo, a\u00ed \u00e9 s\u00f3 no Brasil. Mas n\u00e3o existe em nosso Pa\u00eds apenas um carnaval, mas v\u00e1rias e m\u00faltiplas manifesta\u00e7\u00f5es de raiz, que representam complexas estruturas estilizadas e ritimizadas, operacionalizadas por pessoas que pertencem aos grot\u00f5es urbanos e rurais do Pa\u00eds.<\/p>\n\n\n\n<p>A passarela do samba carioca, o trio el\u00e9trico baiano e Olinda s\u00e3o apenas a face mais vistosa do nosso Carnaval. Na cidade do Rio de Janeiro, de Salvador e Recife-Olinda existem in\u00fameras manifesta\u00e7\u00f5es carnavalescas populares que n\u00e3o saem na TV e pelas quais a grande m\u00eddia n\u00e3o se interessa.<\/p>\n\n\n\n<p>O mesmo ocorre em nossa cidade, onde o povo portovelhense sempre soube fazer o melhor e mais animado carnaval da Amaz\u00f4nia. J\u00e1 tivemos aqui \u00e9poca dos grandes carnavais, com figuras que simbolizaram a organiza\u00e7\u00e3o momesca popular, como Le\u00f4nidas Bola Sete, Periquito, Marise Castiel, Valdemar Cachorro, etc. e seus blocos e escolas de samba como O Tri\u00e2ngulo n\u00e3o Morreu, Os Diplomatas do Samba, Os Pobres do Caiari, Bloco do Sujo, Bloco do Cobra, etc.<\/p>\n\n\n\n<p>Depois chegou o carnaval global humilhando a tudo e a todos, desencorajando as pessoas a persistir na sua humilde festa popular, diante das apresenta\u00e7\u00f5es apote\u00f3ticas das escolas de samba na televis\u00e3o. Pior ainda quando veio a onda pasteurizada do \u201cax\u00e9 music\u201d, onde a grande festa popular dividiu o povo entre os que \u201ctem\u201d e os \u201cn\u00e3o tem\u201d, atrav\u00e9s de uma corda excludente e um \u201cabad\u00e1\u201d mais excludente ainda.<\/p>\n\n\n\n<p>Nesse contexto, um grupo de foli\u00f5es liderados pelo advogado Ernande Segismundo criou no ano de 1993 o&nbsp;<strong>Bloco das Cores e Fantasias Pirarucu do Madeira<\/strong>, que desfilou em 1993, 1994 e 1995, com a proposta de um carnaval popular de raiz, sem corda, sem \u201cabad\u00e1\u201d, mas com muita fantasia.<\/p>\n\n\n\n<p>O&nbsp;<strong>Pirarucu do Madeira<\/strong>&nbsp;foi inspirado no Bloco&nbsp;<strong>Bacalhau do Batata<\/strong>&nbsp;que desce as ladeiras de Olinda-PE na quarta-feira de cinzas, concentrando no alto do largo da Igreja da S\u00e9 as 6h00 com uma enorme panela de mugunz\u00e1 (mingau de milho branco) antes de iniciar o cortejo.<\/p>\n\n\n\n<figure class=\"wp-block-image size-large\"><img data-recalc-dims=\"1\" loading=\"lazy\" decoding=\"async\" width=\"600\" height=\"379\" data-attachment-id=\"34391\" data-permalink=\"http:\/\/blogdalucianaoliveira.com.br\/blog\/2023\/01\/19\/palitot-propoe-bloco-pirarucu-do-madeira-como-patrimonio-cultural-imaterial\/df378fea-fb2d-4add-a00a-cac3c4f74c0b\/\" data-orig-file=\"https:\/\/i0.wp.com\/blogdalucianaoliveira.com.br\/blog\/wp-content\/uploads\/2023\/01\/DF378FEA-FB2D-4ADD-A00A-CAC3C4F74C0B.jpeg?fit=810%2C512\" data-orig-size=\"810,512\" data-comments-opened=\"0\" data-image-meta=\"{&quot;aperture&quot;:&quot;0&quot;,&quot;credit&quot;:&quot;&quot;,&quot;camera&quot;:&quot;&quot;,&quot;caption&quot;:&quot;&quot;,&quot;created_timestamp&quot;:&quot;0&quot;,&quot;copyright&quot;:&quot;&quot;,&quot;focal_length&quot;:&quot;0&quot;,&quot;iso&quot;:&quot;0&quot;,&quot;shutter_speed&quot;:&quot;0&quot;,&quot;title&quot;:&quot;&quot;,&quot;orientation&quot;:&quot;1&quot;}\" data-image-title=\"DF378FEA-FB2D-4ADD-A00A-CAC3C4F74C0B\" data-image-description=\"\" data-image-caption=\"\" data-medium-file=\"https:\/\/i0.wp.com\/blogdalucianaoliveira.com.br\/blog\/wp-content\/uploads\/2023\/01\/DF378FEA-FB2D-4ADD-A00A-CAC3C4F74C0B.jpeg?fit=300%2C190\" data-large-file=\"https:\/\/i0.wp.com\/blogdalucianaoliveira.com.br\/blog\/wp-content\/uploads\/2023\/01\/DF378FEA-FB2D-4ADD-A00A-CAC3C4F74C0B.jpeg?fit=600%2C379\" src=\"https:\/\/i0.wp.com\/blogdalucianaoliveira.com.br\/blog\/wp-content\/uploads\/2023\/01\/DF378FEA-FB2D-4ADD-A00A-CAC3C4F74C0B.jpeg?resize=600%2C379\" alt=\"\" class=\"wp-image-34391\" srcset=\"https:\/\/i0.wp.com\/blogdalucianaoliveira.com.br\/blog\/wp-content\/uploads\/2023\/01\/DF378FEA-FB2D-4ADD-A00A-CAC3C4F74C0B.jpeg?w=810 810w, https:\/\/i0.wp.com\/blogdalucianaoliveira.com.br\/blog\/wp-content\/uploads\/2023\/01\/DF378FEA-FB2D-4ADD-A00A-CAC3C4F74C0B.jpeg?resize=300%2C190 300w, https:\/\/i0.wp.com\/blogdalucianaoliveira.com.br\/blog\/wp-content\/uploads\/2023\/01\/DF378FEA-FB2D-4ADD-A00A-CAC3C4F74C0B.jpeg?resize=768%2C485 768w, https:\/\/i0.wp.com\/blogdalucianaoliveira.com.br\/blog\/wp-content\/uploads\/2023\/01\/DF378FEA-FB2D-4ADD-A00A-CAC3C4F74C0B.jpeg?resize=475%2C300 475w\" sizes=\"auto, (max-width: 600px) 100vw, 600px\" \/><\/figure>\n\n\n\n<p>De acordo com Ernande Segismundo, ele j\u00e1 havia passado v\u00e1rios carnavais em Recife e Olinda e para n\u00e3o ter que retornar todo ano \u00e0quela magn\u00edfica festa popular na base de frevo, maracatu e ciranda ele resolveu criar uma pequena representa\u00e7\u00e3o do frevo pernambucano em Porto Velho. Assim nasceu o&nbsp;<strong>Bloco das Cores e Fantasias Pirarucu do Madeira<\/strong>, lan\u00e7ado no dia 12.02.1993 na&nbsp;<strong>Taba do Cacique<\/strong>.<\/p>\n\n\n\n<p>A agremia\u00e7\u00e3o carnavalesca possui rigorosa documenta\u00e7\u00e3o de sua hist\u00f3ria, desde as primeiras mat\u00e9rias jornal\u00edsticas que anunciaram o Baile de Lan\u00e7amento assim como o primeiro desfile do Bloco, que foram veiculados nos jornais&nbsp;<strong>O Alto Madeira<\/strong>,&nbsp;<strong>O Estad\u00e3o do Note<\/strong>, Coluna do saudoso&nbsp;<strong>S\u00e9rgio Valente<\/strong>&nbsp;e at\u00e9 no jornal&nbsp;<strong>Folha de S\u00e3o Paulo<\/strong>.<\/p>\n\n\n\n<p>Ap\u00f3s nove anos sem sair, hibernando no majestoso Lago do Cuni\u00e3, o&nbsp;<strong>Pirarucu do Madeira<\/strong>&nbsp;resolveu voltar a desfilar no carnaval de Porto Velho, com a mesma proposta de carnaval livre e desimpedido.<\/p>\n\n\n\n<p>E neste ano de 2023 o&nbsp;<strong>Bloco das Cores e Fantasias Pirarucu do Madeira<\/strong>&nbsp;completa 30 anos de atividades, com muita alegria, cores e fantasia, para homenagear o nosso carnaval popular. O carnaval do tempo dos carnavais, em mem\u00f3ria de nossos legend\u00e1rios her\u00f3is da festa momesca, invocando todos os esp\u00edritos da nossa imensa floresta para nos proteger nesse reinado.<\/p>\n\n\n\n<p>Pela primeira vez o&nbsp;<strong>Pirarucu do Madeira<\/strong>&nbsp;realizar\u00e1 dois ensaios, cujas&nbsp;<strong>Pr\u00e9vias<\/strong>&nbsp;ser\u00e3o no pr\u00f3ximo dia&nbsp;<strong>27 de janeiro<\/strong>&nbsp;e&nbsp;<strong>03 de fevereiro<\/strong>&nbsp;no&nbsp;<strong>Bar do Calixto<\/strong>&nbsp;com anima\u00e7\u00e3o da Banda Poraqu\u00ea.<\/p>\n\n\n\n<p>E no dia&nbsp;<strong>12 de fevereiro<\/strong>&nbsp;acontecer\u00e1 o&nbsp;<strong>desfile do Bloco<\/strong>&nbsp;no Circuito Caiari, saindo da Av. Pinheiro Machado esquina com a Rua Rog\u00e9rio Weber, seguindo pela Av. Pinheiro Machado at\u00e9 virar \u00e0 direita na Rua Joaquim Nabuco at\u00e9 virar \u00e0 direita na Av. Carlos Gomes, encerrando as atividades na Pra\u00e7a das Tr\u00eas Marias.<\/p>\n","protected":false},"excerpt":{"rendered":"<p>Foi apresentado nesta quinta-feira, 19, o projeto de lei 4428\/2023, de autoria do vereador Aleks Palitot, que declara a Associa\u00e7\u00e3o Cultural Pirarucu do Madeira como Patrim\u00f4nio Cultural de Natureza Imaterial do munic\u00edpio de Porto Velho.<\/p>\n","protected":false},"author":1,"featured_media":0,"comment_status":"closed","ping_status":"open","sticky":false,"template":"","format":"standard","meta":{"_exactmetrics_skip_tracking":false,"_exactmetrics_sitenote_active":false,"_exactmetrics_sitenote_note":"","_exactmetrics_sitenote_category":0,"jetpack_post_was_ever_published":false,"_jetpack_newsletter_access":"","_jetpack_dont_email_post_to_subs":false,"_jetpack_newsletter_tier_id":0,"_jetpack_memberships_contains_paywalled_content":false,"_jetpack_memberships_contains_paid_content":false,"footnotes":"","jetpack_publicize_message":"","jetpack_publicize_feature_enabled":true,"jetpack_social_post_already_shared":true,"jetpack_social_options":{"image_generator_settings":{"template":"highway","enabled":false},"version":2}},"categories":[1],"tags":[821,248],"class_list":["post-34389","post","type-post","status-publish","format-standard","hentry","category-notas","tag-bloco-pirarucu-do-madeira","tag-carnaval"],"jetpack_publicize_connections":[],"jetpack_sharing_enabled":true,"jetpack_featured_media_url":"","jetpack_shortlink":"https:\/\/wp.me\/p7wKYW-8WF","jetpack-related-posts":[],"_links":{"self":[{"href":"http:\/\/blogdalucianaoliveira.com.br\/blog\/wp-json\/wp\/v2\/posts\/34389","targetHints":{"allow":["GET"]}}],"collection":[{"href":"http:\/\/blogdalucianaoliveira.com.br\/blog\/wp-json\/wp\/v2\/posts"}],"about":[{"href":"http:\/\/blogdalucianaoliveira.com.br\/blog\/wp-json\/wp\/v2\/types\/post"}],"author":[{"embeddable":true,"href":"http:\/\/blogdalucianaoliveira.com.br\/blog\/wp-json\/wp\/v2\/users\/1"}],"replies":[{"embeddable":true,"href":"http:\/\/blogdalucianaoliveira.com.br\/blog\/wp-json\/wp\/v2\/comments?post=34389"}],"version-history":[{"count":2,"href":"http:\/\/blogdalucianaoliveira.com.br\/blog\/wp-json\/wp\/v2\/posts\/34389\/revisions"}],"predecessor-version":[{"id":34394,"href":"http:\/\/blogdalucianaoliveira.com.br\/blog\/wp-json\/wp\/v2\/posts\/34389\/revisions\/34394"}],"wp:attachment":[{"href":"http:\/\/blogdalucianaoliveira.com.br\/blog\/wp-json\/wp\/v2\/media?parent=34389"}],"wp:term":[{"taxonomy":"category","embeddable":true,"href":"http:\/\/blogdalucianaoliveira.com.br\/blog\/wp-json\/wp\/v2\/categories?post=34389"},{"taxonomy":"post_tag","embeddable":true,"href":"http:\/\/blogdalucianaoliveira.com.br\/blog\/wp-json\/wp\/v2\/tags?post=34389"}],"curies":[{"name":"wp","href":"https:\/\/api.w.org\/{rel}","templated":true}]}}