{"id":34396,"date":"2023-01-31T17:31:40","date_gmt":"2023-01-31T21:31:40","guid":{"rendered":"http:\/\/blogdalucianaoliveira.com.br\/blog\/?p=34396"},"modified":"2023-01-31T17:31:48","modified_gmt":"2023-01-31T21:31:48","slug":"nesta-sexta-tem-previa-do-bloco-pirarucu-do-madeira","status":"publish","type":"post","link":"http:\/\/blogdalucianaoliveira.com.br\/blog\/2023\/01\/31\/nesta-sexta-tem-previa-do-bloco-pirarucu-do-madeira\/","title":{"rendered":"NESTA SEXTA TEM PR\u00c9VIA DO BLOCO PIRARUCU DO MADEIRA"},"content":{"rendered":"\n<figure class=\"wp-block-image size-large\"><img data-recalc-dims=\"1\" loading=\"lazy\" decoding=\"async\" width=\"600\" height=\"338\" data-attachment-id=\"34397\" data-permalink=\"http:\/\/blogdalucianaoliveira.com.br\/blog\/2023\/01\/31\/nesta-sexta-tem-previa-do-bloco-pirarucu-do-madeira\/f3cee7bc-1c6b-4b69-812e-53c6a9fda669\/\" data-orig-file=\"https:\/\/i0.wp.com\/blogdalucianaoliveira.com.br\/blog\/wp-content\/uploads\/2023\/01\/F3CEE7BC-1C6B-4B69-812E-53C6A9FDA669.jpeg?fit=1600%2C900\" data-orig-size=\"1600,900\" data-comments-opened=\"0\" data-image-meta=\"{&quot;aperture&quot;:&quot;0&quot;,&quot;credit&quot;:&quot;&quot;,&quot;camera&quot;:&quot;&quot;,&quot;caption&quot;:&quot;&quot;,&quot;created_timestamp&quot;:&quot;0&quot;,&quot;copyright&quot;:&quot;&quot;,&quot;focal_length&quot;:&quot;0&quot;,&quot;iso&quot;:&quot;0&quot;,&quot;shutter_speed&quot;:&quot;0&quot;,&quot;title&quot;:&quot;&quot;,&quot;orientation&quot;:&quot;1&quot;}\" data-image-title=\"F3CEE7BC-1C6B-4B69-812E-53C6A9FDA669\" data-image-description=\"\" data-image-caption=\"\" data-medium-file=\"https:\/\/i0.wp.com\/blogdalucianaoliveira.com.br\/blog\/wp-content\/uploads\/2023\/01\/F3CEE7BC-1C6B-4B69-812E-53C6A9FDA669.jpeg?fit=300%2C169\" data-large-file=\"https:\/\/i0.wp.com\/blogdalucianaoliveira.com.br\/blog\/wp-content\/uploads\/2023\/01\/F3CEE7BC-1C6B-4B69-812E-53C6A9FDA669.jpeg?fit=600%2C338\" src=\"https:\/\/i0.wp.com\/blogdalucianaoliveira.com.br\/blog\/wp-content\/uploads\/2023\/01\/F3CEE7BC-1C6B-4B69-812E-53C6A9FDA669.jpeg?resize=600%2C338\" alt=\"\" class=\"wp-image-34397\" srcset=\"https:\/\/i0.wp.com\/blogdalucianaoliveira.com.br\/blog\/wp-content\/uploads\/2023\/01\/F3CEE7BC-1C6B-4B69-812E-53C6A9FDA669.jpeg?resize=1024%2C576 1024w, https:\/\/i0.wp.com\/blogdalucianaoliveira.com.br\/blog\/wp-content\/uploads\/2023\/01\/F3CEE7BC-1C6B-4B69-812E-53C6A9FDA669.jpeg?resize=300%2C169 300w, https:\/\/i0.wp.com\/blogdalucianaoliveira.com.br\/blog\/wp-content\/uploads\/2023\/01\/F3CEE7BC-1C6B-4B69-812E-53C6A9FDA669.jpeg?resize=768%2C432 768w, https:\/\/i0.wp.com\/blogdalucianaoliveira.com.br\/blog\/wp-content\/uploads\/2023\/01\/F3CEE7BC-1C6B-4B69-812E-53C6A9FDA669.jpeg?resize=1536%2C864 1536w, https:\/\/i0.wp.com\/blogdalucianaoliveira.com.br\/blog\/wp-content\/uploads\/2023\/01\/F3CEE7BC-1C6B-4B69-812E-53C6A9FDA669.jpeg?resize=533%2C300 533w, https:\/\/i0.wp.com\/blogdalucianaoliveira.com.br\/blog\/wp-content\/uploads\/2023\/01\/F3CEE7BC-1C6B-4B69-812E-53C6A9FDA669.jpeg?w=1600 1600w, https:\/\/i0.wp.com\/blogdalucianaoliveira.com.br\/blog\/wp-content\/uploads\/2023\/01\/F3CEE7BC-1C6B-4B69-812E-53C6A9FDA669.jpeg?w=1200 1200w\" sizes=\"auto, (max-width: 600px) 100vw, 600px\" \/><\/figure>\n\n\n\n<p>A segunda e \u00faltima pr\u00e9via do bloco mais democr\u00e1tico da capital ser\u00e1 no dia 03 de fevereiro l\u00e1 no Bar do Calixto, templo do samba e da cultura popular.<\/p>\n\n\n\n<p>A programa\u00e7\u00e3o come\u00e7a \u00e0s 18 hs com o Grupo Guapor\u00e9 tocando samba raiz e a partir das 21 hs o frevo come\u00e7a.<\/p>\n\n\n\n<!--more-->\n\n\n\n<p>\u00c9 o primeiro ano que o bloco realiza pr\u00e9vias carnavalescas antes do desfile marcado para o dia 12 de fevereiro, com sa\u00edda ao lado Gin\u00e1sio Cl\u00e1udio Coutinho na avenida Pinheiro Machado.<\/p>\n\n\n\n<p>A Banda Puraqu\u00e9 encantou os foli\u00f5es no primeiro ensaio p\u00fablico. S\u00e3o 13 componentes: tr\u00eas sopros, percuss\u00e3o, guitarra, cavaco e seis vocais.<\/p>\n\n\n\n<p>\u201cFoi maravilhosa a pr\u00e9via e quem perdeu n\u00e3o perca a \u00faltima! S\u00f3 pararam de tocar, porque o bar ia fechar, mas os foli\u00f5es queriam continuar\u201d, disse Eliete Almeida, do Bloco das Jadis.<\/p>\n\n\n\n<p>Como deu muita gente, a diretoria do Pirarucu do Madeira pediu e a Funda\u00e7\u00e3o Cultural vai providenciar o fechamento de ruas e o refor\u00e7o com banheiros qu\u00edmicos para a pr\u00e9via desta sexta-feira.<\/p>\n\n\n\n<p>Com o tema A Arte Popular de Lu Silva, este ano o bloco vai celebrar a vida e produ\u00e7\u00e3o art\u00edstica da atriz, cen\u00f3grafa, estilista e bonequeira, Maria Luiza Silva, carnavalescamente conhecida como \u2018Maria da Chave\u2019 que comanda a Corte do Rei Momo e abre a folia na capital.<\/p>\n\n\n\n<p>No carnaval de 2023 o bloco que n\u00e3o tem finalidade lucrativa conta com o apoio da Prefeitura de Porto Velho, da Escola de Samba Asfalt\u00e3o, do Bar do Calixto e da Cervejaria Louvada.<\/p>\n\n\n\n<p>\u201cEst\u00e1 sendo uma experi\u00eancia fant\u00e1stica a realiza\u00e7\u00e3o das pr\u00e9vias. Vi gene chorando de emo\u00e7\u00e3o por estar novamente na folia de amor e paz revendo os amigos\u201d, disse Ernande Segismundo, presidente do bloco.<\/p>\n","protected":false},"excerpt":{"rendered":"<p>A segunda e \u00faltima pr\u00e9via do bloco mais democr\u00e1tico da capital ser\u00e1 no dia 03 de fevereiro l\u00e1 no Bar do Calixto, templo do samba e da cultura popular. A programa\u00e7\u00e3o come\u00e7a \u00e0s 18 hs com o Grupo Guapor\u00e9 tocando samba raiz e a partir das 21 hs o frevo come\u00e7a.<\/p>\n","protected":false},"author":1,"featured_media":0,"comment_status":"closed","ping_status":"open","sticky":false,"template":"","format":"standard","meta":{"_exactmetrics_skip_tracking":false,"_exactmetrics_sitenote_active":false,"_exactmetrics_sitenote_note":"","_exactmetrics_sitenote_category":0,"jetpack_post_was_ever_published":false,"_jetpack_newsletter_access":"","_jetpack_dont_email_post_to_subs":false,"_jetpack_newsletter_tier_id":0,"_jetpack_memberships_contains_paywalled_content":false,"_jetpack_memberships_contains_paid_content":false,"footnotes":"","jetpack_publicize_message":"","jetpack_publicize_feature_enabled":true,"jetpack_social_post_already_shared":true,"jetpack_social_options":{"image_generator_settings":{"template":"highway","enabled":false},"version":2}},"categories":[1],"tags":[821,248],"class_list":["post-34396","post","type-post","status-publish","format-standard","hentry","category-notas","tag-bloco-pirarucu-do-madeira","tag-carnaval"],"jetpack_publicize_connections":[],"jetpack_sharing_enabled":true,"jetpack_featured_media_url":"","jetpack_shortlink":"https:\/\/wp.me\/p7wKYW-8WM","jetpack-related-posts":[],"_links":{"self":[{"href":"http:\/\/blogdalucianaoliveira.com.br\/blog\/wp-json\/wp\/v2\/posts\/34396","targetHints":{"allow":["GET"]}}],"collection":[{"href":"http:\/\/blogdalucianaoliveira.com.br\/blog\/wp-json\/wp\/v2\/posts"}],"about":[{"href":"http:\/\/blogdalucianaoliveira.com.br\/blog\/wp-json\/wp\/v2\/types\/post"}],"author":[{"embeddable":true,"href":"http:\/\/blogdalucianaoliveira.com.br\/blog\/wp-json\/wp\/v2\/users\/1"}],"replies":[{"embeddable":true,"href":"http:\/\/blogdalucianaoliveira.com.br\/blog\/wp-json\/wp\/v2\/comments?post=34396"}],"version-history":[{"count":1,"href":"http:\/\/blogdalucianaoliveira.com.br\/blog\/wp-json\/wp\/v2\/posts\/34396\/revisions"}],"predecessor-version":[{"id":34398,"href":"http:\/\/blogdalucianaoliveira.com.br\/blog\/wp-json\/wp\/v2\/posts\/34396\/revisions\/34398"}],"wp:attachment":[{"href":"http:\/\/blogdalucianaoliveira.com.br\/blog\/wp-json\/wp\/v2\/media?parent=34396"}],"wp:term":[{"taxonomy":"category","embeddable":true,"href":"http:\/\/blogdalucianaoliveira.com.br\/blog\/wp-json\/wp\/v2\/categories?post=34396"},{"taxonomy":"post_tag","embeddable":true,"href":"http:\/\/blogdalucianaoliveira.com.br\/blog\/wp-json\/wp\/v2\/tags?post=34396"}],"curies":[{"name":"wp","href":"https:\/\/api.w.org\/{rel}","templated":true}]}}