{"id":34399,"date":"2023-02-06T19:14:23","date_gmt":"2023-02-06T23:14:23","guid":{"rendered":"http:\/\/blogdalucianaoliveira.com.br\/blog\/?p=34399"},"modified":"2023-02-06T19:16:33","modified_gmt":"2023-02-06T23:16:33","slug":"bloco-pirarucu-do-madeira-e-declarado-patrimonio-cultural-imaterial-da-capital","status":"publish","type":"post","link":"http:\/\/blogdalucianaoliveira.com.br\/blog\/2023\/02\/06\/bloco-pirarucu-do-madeira-e-declarado-patrimonio-cultural-imaterial-da-capital\/","title":{"rendered":"Bloco Pirarucu do Madeira \u00e9 declarado Patrim\u00f4nio Cultural Imaterial  da capital"},"content":{"rendered":"\n<figure class=\"wp-block-image size-large\"><img data-recalc-dims=\"1\" loading=\"lazy\" decoding=\"async\" width=\"600\" height=\"338\" data-attachment-id=\"34400\" data-permalink=\"http:\/\/blogdalucianaoliveira.com.br\/blog\/2023\/02\/06\/bloco-pirarucu-do-madeira-e-declarado-patrimonio-cultural-imaterial-da-capital\/c42fa654-c509-4cba-af34-8843a4d0cc0b\/\" data-orig-file=\"https:\/\/i0.wp.com\/blogdalucianaoliveira.com.br\/blog\/wp-content\/uploads\/2023\/02\/C42FA654-C509-4CBA-AF34-8843A4D0CC0B.jpeg?fit=960%2C540\" data-orig-size=\"960,540\" data-comments-opened=\"0\" data-image-meta=\"{&quot;aperture&quot;:&quot;0&quot;,&quot;credit&quot;:&quot;&quot;,&quot;camera&quot;:&quot;&quot;,&quot;caption&quot;:&quot;&quot;,&quot;created_timestamp&quot;:&quot;0&quot;,&quot;copyright&quot;:&quot;&quot;,&quot;focal_length&quot;:&quot;0&quot;,&quot;iso&quot;:&quot;0&quot;,&quot;shutter_speed&quot;:&quot;0&quot;,&quot;title&quot;:&quot;&quot;,&quot;orientation&quot;:&quot;1&quot;}\" data-image-title=\"C42FA654-C509-4CBA-AF34-8843A4D0CC0B\" data-image-description=\"\" data-image-caption=\"\" data-medium-file=\"https:\/\/i0.wp.com\/blogdalucianaoliveira.com.br\/blog\/wp-content\/uploads\/2023\/02\/C42FA654-C509-4CBA-AF34-8843A4D0CC0B.jpeg?fit=300%2C169\" data-large-file=\"https:\/\/i0.wp.com\/blogdalucianaoliveira.com.br\/blog\/wp-content\/uploads\/2023\/02\/C42FA654-C509-4CBA-AF34-8843A4D0CC0B.jpeg?fit=600%2C338\" src=\"https:\/\/i0.wp.com\/blogdalucianaoliveira.com.br\/blog\/wp-content\/uploads\/2023\/02\/C42FA654-C509-4CBA-AF34-8843A4D0CC0B.jpeg?resize=600%2C338\" alt=\"\" class=\"wp-image-34400\" srcset=\"https:\/\/i0.wp.com\/blogdalucianaoliveira.com.br\/blog\/wp-content\/uploads\/2023\/02\/C42FA654-C509-4CBA-AF34-8843A4D0CC0B.jpeg?w=960 960w, https:\/\/i0.wp.com\/blogdalucianaoliveira.com.br\/blog\/wp-content\/uploads\/2023\/02\/C42FA654-C509-4CBA-AF34-8843A4D0CC0B.jpeg?resize=300%2C169 300w, https:\/\/i0.wp.com\/blogdalucianaoliveira.com.br\/blog\/wp-content\/uploads\/2023\/02\/C42FA654-C509-4CBA-AF34-8843A4D0CC0B.jpeg?resize=768%2C432 768w, https:\/\/i0.wp.com\/blogdalucianaoliveira.com.br\/blog\/wp-content\/uploads\/2023\/02\/C42FA654-C509-4CBA-AF34-8843A4D0CC0B.jpeg?resize=533%2C300 533w\" sizes=\"auto, (max-width: 600px) 100vw, 600px\" \/><\/figure>\n\n\n\n<p>Foi aprovado nesta segunda-feira, 6, o projeto de lei 4428\/2023, de autoria do vereador Aleks Palitot, que declara a Associa\u00e7\u00e3o Cultural Pirarucu do Madeira como Patrim\u00f4nio Cultural de Natureza Imaterial do munic\u00edpio de Porto Velho.<\/p>\n\n\n\n<p>Com tr\u00eas aus\u00eancias, o projeto foi aprovado com 18 votos.&nbsp;<\/p>\n\n\n\n<!--more-->\n\n\n\n<p>\u201cQueremos agradecer a propositura e os votos dos vereadores e vereadoras que concederam este valioso reconhecimento. E ressaltar que \u00e9 m\u00e9rito dos foli\u00f5es que fazem h\u00e1 30 anos um desfile de paz, amor e alegria\u201d, disse Ernande Segismundo, presidente do bloco.&nbsp;<\/p>\n\n\n\n<p>O cord\u00e3o popular n\u00e3o vende nada e proporciona folia para todos e todas, sem cordas, sem abad\u00e1s e com marchinhas e frevos pr\u00f3prios e tradicionais.&nbsp;Este ano democratizou tamb\u00e9m o repert\u00f3rio da Banda Puraqu\u00e9 com MPB em ritmo de carnaval.&nbsp;<\/p>\n\n\n\n<p>O&nbsp;Pirarucu do Madeira&nbsp;foi inspirado no Bloco&nbsp;Bacalhau do Batata&nbsp;que desce as ladeiras de Olinda-PE na quarta-feira de cinzas.<\/p>\n\n\n\n<p>A agremia\u00e7\u00e3o carnavalesca possui rigorosa documenta\u00e7\u00e3o de sua hist\u00f3ria, desde as primeiras mat\u00e9rias jornal\u00edsticas que anunciaram o Baile de Lan\u00e7amento assim como o primeiro desfile do Bloco, que foram veiculados nos jornais&nbsp;O Alto Madeira,&nbsp;O Estad\u00e3o do Note, Coluna do saudoso&nbsp;S\u00e9rgio Valente&nbsp;e at\u00e9 no jornal&nbsp;Folha de S\u00e3o Paulo.<\/p>\n\n\n\n<p>Em 2023 o&nbsp;Bloco das Cores e Fantasias Pirarucu do Madeira&nbsp;completa tr\u00eas d\u00e9cadas  de atividade, com muita alegria, cores e fantasia, para homenagear o carnaval popular.&nbsp;<\/p>\n\n\n\n<p>\u201cO carnaval do tempo dos carnavais, em mem\u00f3ria de nossos legend\u00e1rios her\u00f3is da festa momesca, invocando todos os esp\u00edritos da nossa imensa floresta para nos proteger nesse reinado\u201d, disse Segismundo.<\/p>\n\n\n\n<p>Pela primeira vez o&nbsp;Pirarucu do Madeira&nbsp;realizou duas Pr\u00e9vias&nbsp;carnavalescas e foram um sucesso.<\/p>\n\n\n\n<p>No dia\u00a012 de fevereiro\u00a0acontece o\u00a0desfile do Bloco\u00a0no Circuito Caiari, saindo da Av. Pinheiro Machado esquina com a Rua Rog\u00e9rio Weber, seguindo pela Av. Pinheiro Machado at\u00e9 virar \u00e0 direita na Rua Joaquim Nabuco at\u00e9 virar \u00e0 direita na Av. Carlos Gomes, encerrando as atividades na Pra\u00e7a das Tr\u00eas Marias.<\/p>\n\n\n\n<p>O bloco conta este ano com o apoio da Prefeitura de Porto Velho, atrav\u00e9s da Funcultural, do Bar do Calixto, da Escola de Samba Asfalt\u00e3o e da Cervejaria Louvada. <\/p>\n","protected":false},"excerpt":{"rendered":"<p>Foi aprovado nesta segunda-feira, 6, o projeto de lei 4428\/2023, de autoria do vereador Aleks Palitot, que declara a Associa\u00e7\u00e3o Cultural Pirarucu do Madeira como Patrim\u00f4nio Cultural de Natureza Imaterial do munic\u00edpio de Porto Velho. Com tr\u00eas aus\u00eancias, o projeto foi aprovado com 18 votos.&nbsp;<\/p>\n","protected":false},"author":1,"featured_media":0,"comment_status":"closed","ping_status":"open","sticky":false,"template":"","format":"standard","meta":{"_exactmetrics_skip_tracking":false,"_exactmetrics_sitenote_active":false,"_exactmetrics_sitenote_note":"","_exactmetrics_sitenote_category":0,"jetpack_post_was_ever_published":false,"_jetpack_newsletter_access":"","_jetpack_dont_email_post_to_subs":false,"_jetpack_newsletter_tier_id":0,"_jetpack_memberships_contains_paywalled_content":false,"_jetpack_memberships_contains_paid_content":false,"footnotes":"","jetpack_publicize_message":"","jetpack_publicize_feature_enabled":true,"jetpack_social_post_already_shared":true,"jetpack_social_options":{"image_generator_settings":{"template":"highway","enabled":false},"version":2}},"categories":[1],"tags":[821,248],"class_list":["post-34399","post","type-post","status-publish","format-standard","hentry","category-notas","tag-bloco-pirarucu-do-madeira","tag-carnaval"],"jetpack_publicize_connections":[],"jetpack_sharing_enabled":true,"jetpack_featured_media_url":"","jetpack_shortlink":"https:\/\/wp.me\/p7wKYW-8WP","jetpack-related-posts":[],"_links":{"self":[{"href":"http:\/\/blogdalucianaoliveira.com.br\/blog\/wp-json\/wp\/v2\/posts\/34399","targetHints":{"allow":["GET"]}}],"collection":[{"href":"http:\/\/blogdalucianaoliveira.com.br\/blog\/wp-json\/wp\/v2\/posts"}],"about":[{"href":"http:\/\/blogdalucianaoliveira.com.br\/blog\/wp-json\/wp\/v2\/types\/post"}],"author":[{"embeddable":true,"href":"http:\/\/blogdalucianaoliveira.com.br\/blog\/wp-json\/wp\/v2\/users\/1"}],"replies":[{"embeddable":true,"href":"http:\/\/blogdalucianaoliveira.com.br\/blog\/wp-json\/wp\/v2\/comments?post=34399"}],"version-history":[{"count":2,"href":"http:\/\/blogdalucianaoliveira.com.br\/blog\/wp-json\/wp\/v2\/posts\/34399\/revisions"}],"predecessor-version":[{"id":34402,"href":"http:\/\/blogdalucianaoliveira.com.br\/blog\/wp-json\/wp\/v2\/posts\/34399\/revisions\/34402"}],"wp:attachment":[{"href":"http:\/\/blogdalucianaoliveira.com.br\/blog\/wp-json\/wp\/v2\/media?parent=34399"}],"wp:term":[{"taxonomy":"category","embeddable":true,"href":"http:\/\/blogdalucianaoliveira.com.br\/blog\/wp-json\/wp\/v2\/categories?post=34399"},{"taxonomy":"post_tag","embeddable":true,"href":"http:\/\/blogdalucianaoliveira.com.br\/blog\/wp-json\/wp\/v2\/tags?post=34399"}],"curies":[{"name":"wp","href":"https:\/\/api.w.org\/{rel}","templated":true}]}}