{"id":34406,"date":"2023-02-15T13:16:03","date_gmt":"2023-02-15T17:16:03","guid":{"rendered":"http:\/\/blogdalucianaoliveira.com.br\/blog\/?p=34406"},"modified":"2023-02-15T13:16:06","modified_gmt":"2023-02-15T17:16:06","slug":"o-voo-da-vespa-fera-um-rasante-sobre-o-apoteotico-desfile-do-blocopirarucu-do-madeira","status":"publish","type":"post","link":"http:\/\/blogdalucianaoliveira.com.br\/blog\/2023\/02\/15\/o-voo-da-vespa-fera-um-rasante-sobre-o-apoteotico-desfile-do-blocopirarucu-do-madeira\/","title":{"rendered":"O VOO DA VESPA FERA; Um rasante sobre o apote\u00f3tico desfile do BlocoPirarucu do Madeira"},"content":{"rendered":"\n<figure class=\"wp-block-image size-large\"><img loading=\"lazy\" decoding=\"async\" width=\"1170\" height=\"1424\" data-attachment-id=\"34409\" data-permalink=\"http:\/\/blogdalucianaoliveira.com.br\/blog\/2023\/02\/15\/o-voo-da-vespa-fera-um-rasante-sobre-o-apoteotico-desfile-do-blocopirarucu-do-madeira\/16fb0f78-a955-4654-9dd1-5cb0e932c513\/\" data-orig-file=\"https:\/\/i0.wp.com\/blogdalucianaoliveira.com.br\/blog\/wp-content\/uploads\/2023\/02\/16FB0F78-A955-4654-9DD1-5CB0E932C513.jpeg?fit=1170%2C1424\" data-orig-size=\"1170,1424\" data-comments-opened=\"0\" data-image-meta=\"{&quot;aperture&quot;:&quot;0&quot;,&quot;credit&quot;:&quot;&quot;,&quot;camera&quot;:&quot;&quot;,&quot;caption&quot;:&quot;&quot;,&quot;created_timestamp&quot;:&quot;0&quot;,&quot;copyright&quot;:&quot;&quot;,&quot;focal_length&quot;:&quot;0&quot;,&quot;iso&quot;:&quot;0&quot;,&quot;shutter_speed&quot;:&quot;0&quot;,&quot;title&quot;:&quot;&quot;,&quot;orientation&quot;:&quot;1&quot;}\" data-image-title=\"16FB0F78-A955-4654-9DD1-5CB0E932C513\" data-image-description=\"\" data-image-caption=\"\" data-medium-file=\"https:\/\/i0.wp.com\/blogdalucianaoliveira.com.br\/blog\/wp-content\/uploads\/2023\/02\/16FB0F78-A955-4654-9DD1-5CB0E932C513.jpeg?fit=246%2C300\" data-large-file=\"https:\/\/i0.wp.com\/blogdalucianaoliveira.com.br\/blog\/wp-content\/uploads\/2023\/02\/16FB0F78-A955-4654-9DD1-5CB0E932C513.jpeg?fit=600%2C731\" src=\"https:\/\/i0.wp.com\/blogdalucianaoliveira.com.br\/blog\/wp-content\/uploads\/2023\/02\/16FB0F78-A955-4654-9DD1-5CB0E932C513.jpeg?fit=600%2C731\" alt=\"\" class=\"wp-image-34409\" srcset=\"https:\/\/i0.wp.com\/blogdalucianaoliveira.com.br\/blog\/wp-content\/uploads\/2023\/02\/16FB0F78-A955-4654-9DD1-5CB0E932C513.jpeg?w=1170 1170w, https:\/\/i0.wp.com\/blogdalucianaoliveira.com.br\/blog\/wp-content\/uploads\/2023\/02\/16FB0F78-A955-4654-9DD1-5CB0E932C513.jpeg?resize=246%2C300 246w, https:\/\/i0.wp.com\/blogdalucianaoliveira.com.br\/blog\/wp-content\/uploads\/2023\/02\/16FB0F78-A955-4654-9DD1-5CB0E932C513.jpeg?resize=841%2C1024 841w, https:\/\/i0.wp.com\/blogdalucianaoliveira.com.br\/blog\/wp-content\/uploads\/2023\/02\/16FB0F78-A955-4654-9DD1-5CB0E932C513.jpeg?resize=768%2C935 768w\" sizes=\"auto, (max-width: 600px) 100vw, 600px\" \/><\/figure>\n\n\n\n<p>Por: Altair Santos (Tat\u00e1) &#8211; C\u00e1 embaixo, em terra ch\u00e3, sob o asfalto como lin\u00f3leo da   apimentada   \u00f3pera   carnavalis,   minutos   antes   do colorid\u00edssimo   e  efervescente   Bloco   Pirarucu   do Madeira, feito um deslizante arco-\u00edris deitado ganharas ruas cantando suas tr\u00eas d\u00e9cadas de exist\u00eancia e, sob esse mote, transpor as esquinas exalando e a borrifar invadindo   as   narinas   todas   com   o   seu   arom\u00e1tico, arrebatador e contagiante piti\u00fa freveiro, tudo era festa e emo\u00e7\u00e3o nas hostes e cercanias pirarucuenses. <br><\/p>\n\n\n\n<!--more-->\n\n\n\n<p>As   placas   e   honrarias   cerimoniais   da   abertura   doevento   e   alusivas   aos   30   anos   de   exist\u00eancia   doarrebatador   cord\u00e3o,   diziam   de   reconhecimentos   ehomenagens a diretores e ao pr\u00f3prio bloco, pelas suasinarred\u00e1veis, vistosas e animadas perip\u00e9cias e defesasculturais e carnavalescas. <\/p>\n\n\n\n<p>O cord\u00e3o em poucos instantes serpentearia as ruas, o maestro   j\u00e1   balan\u00e7ava   a   batuta   e   a   orquestra, aquecendo o povo, fazia tinir longe e vibrante entre quarteir\u00f5es os seus metais e un\u00edssonos vozerios, era hora de rumar pro apogeu de momo, ziguezagueando ao som e mote de frevos em justa homenagem \u00e0 artista Maria Luiza Silva, batizada na folia como Maria da Chave,   personagem   \u00fanica   da   cultura   carnavalesca inventada e parida, c\u00e1, nessas barrancas. Por\u00e9m,   segundos   antes   do   bloco   avan\u00e7ar,   um surpreendente helic\u00f3ptero, feito p\u00e1ssaro de ferro, mais parecendo uma vespa gigante, vindo do c\u00e9u ou sabe-se   l\u00e1   de   onde,   num   breve   sobrevoo   causou   um a ventania   (feito aquela chuva que  lan\u00e7a,   a   areia   do Saara sobre os autom\u00f3veis de Roma, segundo CaetanoVelho   em   sua   composi\u00e7\u00e3o   intitulada   Reconvexo), causando um grande rebuli\u00e7o entre foli\u00f5es e m\u00fasicos. <br><\/p>\n\n\n\n<p>O breve, por\u00e9m desesperador, bater asas da vespa de ferro  e  seu  sopro   potente   tragou   e  lan\u00e7ou  longe  o elegante   chap\u00e9u   do   maestro   da   Banda   Puraqu\u00e9, fazendo o objeto subir acima dos postes e fia\u00e7\u00f5es e perder-se   inalcan\u00e7\u00e1vel   no   espa\u00e7o   sideral,   ficando impercept\u00edvel   at\u00e9   aos   esbugalhados   e   xereteiros olhares do telesc\u00f3pio James Webb da NASA. Um   foli\u00e3o   que,   atento   ao   mote   do   dia,   levou   um guarda-sol todo colorido e trabalhado com pequenas chaves   penduradas,   m\u00e1scaras   e   outros   badulaques, teve o seu objeto e acess\u00f3rios praticamente triturados pelo   vento   que   mais   parecia   uma   l\u00e2mina   de liquidificador,   a  deixar   tudo   em   frangalhos.  Outros foli\u00f5es tiveram seus copos de chopp e latas de cervejaabduzidas e lan\u00e7adas ao alto impondo aos seus donosmomentos de revoltante abstin\u00eancia.<\/p>\n\n\n\n<p>Um jovem rapaz, ladeado de sua namorada, na filados   sedentos   pra   comprar   um   birinaite   teve   seus parcos recursos (uma nota de 50 mangos) sugados e, ao vento girar em espiral e ganhar o c\u00e9u. Liso que ficou, o mo\u00e7o tentava convencer o homem do carro de birita a lhe conceder um credi\u00e1rio (fiado). Outro foli\u00e3o, faminto que estava e acabara de receber das m\u00e3os de um atendente um revigorante cachorro-quente,   reclamava   e   cobrava   em   altos   brados   as rodelas   de   salsicha   mastigadas   e   engolidas   pela ventania da Vespa Fera, dizendo: e agora, t\u00f4 na maior broca, fiquei s\u00f3 com o p\u00e3o, como fa\u00e7o? <br><\/p>\n\n\n\n<p>O vendedor, por seu turno, tentou minorar profetizando: acalme-se meu   rapaz,   lembre-se   que   o   p\u00e3o   \u00e9   um   alimento sagrado, ent\u00e3o agrade\u00e7a coma&#8230; Pior   mesmo foi   a   situa\u00e7\u00e3o   de   uma   das   cantoras   daBanda Puraqu\u00e9 quando, de surpresa, ao vento, teve o seu elegante e bem-talhado vestido suspenso at\u00e9 quase acima do pesco\u00e7o. Segundo testemunhas, o esposo da mo\u00e7a no corre-corre, j\u00e1 em evidente desespero ao v\u00ea-la naquela quase viagem espacial, gritava, volte, volte, des\u00e7a   da\u00ed,   deixe   essas   roupas   irem   sozinhas&#8230;   <\/p>\n\n\n\n<p>Por pouco a artista, apenas metida nas suas lingeries, n\u00e3o sobrevoou o bloco em trajes menores o que causaria o maior ti-ti-ti, um tremendo bafaf\u00e1, trolol\u00f3 e coisa e tal. Em  que  pese  r\u00e1pido,  o  voo da  Vespa Fera  causou estragos inimagin\u00e1veis sem, por\u00e9m, destituir ou ceifar o   desfile   do   bloco   que   quando   come\u00e7ou,  escreveu mais uma marcante, maravilhosa e multicor cena da cultura   popular   aqui   existente   e   trabalhada   e   que, quando   apoiada,   reconhecida   e   valorizada,   dizem, explicitam e traduzem com generosidade e beleza seus inestim\u00e1veis valores, valias e serventias sociais.<\/p>\n\n\n\n<p>Ave, ave\u2026Pirarucu do Madeira &#8211; 30 anos!<\/p>\n\n\n\n<p>\u00c9 frevo pra Maria da Chave. <br><\/p>\n\n\n\n<p><br><\/p>\n\n\n\n<figure class=\"wp-block-image size-large\"><img loading=\"lazy\" decoding=\"async\" width=\"1200\" height=\"800\" data-attachment-id=\"34412\" data-permalink=\"http:\/\/blogdalucianaoliveira.com.br\/blog\/2023\/02\/15\/o-voo-da-vespa-fera-um-rasante-sobre-o-apoteotico-desfile-do-blocopirarucu-do-madeira\/3b3a9938-8199-493f-baa9-f89687f7c8e5\/\" data-orig-file=\"https:\/\/i0.wp.com\/blogdalucianaoliveira.com.br\/blog\/wp-content\/uploads\/2023\/02\/3B3A9938-8199-493F-BAA9-F89687F7C8E5.jpeg?fit=1200%2C800\" data-orig-size=\"1200,800\" data-comments-opened=\"0\" data-image-meta=\"{&quot;aperture&quot;:&quot;0&quot;,&quot;credit&quot;:&quot;&quot;,&quot;camera&quot;:&quot;&quot;,&quot;caption&quot;:&quot;&quot;,&quot;created_timestamp&quot;:&quot;0&quot;,&quot;copyright&quot;:&quot;&quot;,&quot;focal_length&quot;:&quot;0&quot;,&quot;iso&quot;:&quot;0&quot;,&quot;shutter_speed&quot;:&quot;0&quot;,&quot;title&quot;:&quot;&quot;,&quot;orientation&quot;:&quot;0&quot;}\" data-image-title=\"3B3A9938-8199-493F-BAA9-F89687F7C8E5\" data-image-description=\"\" data-image-caption=\"\" data-medium-file=\"https:\/\/i0.wp.com\/blogdalucianaoliveira.com.br\/blog\/wp-content\/uploads\/2023\/02\/3B3A9938-8199-493F-BAA9-F89687F7C8E5.jpeg?fit=300%2C200\" data-large-file=\"https:\/\/i0.wp.com\/blogdalucianaoliveira.com.br\/blog\/wp-content\/uploads\/2023\/02\/3B3A9938-8199-493F-BAA9-F89687F7C8E5.jpeg?fit=600%2C400\" src=\"https:\/\/i1.wp.com\/blogdalucianaoliveira.com.br\/blog\/wp-content\/uploads\/2023\/02\/3B3A9938-8199-493F-BAA9-F89687F7C8E5.jpeg?fit=600%2C400\" alt=\"\" class=\"wp-image-34412\" srcset=\"https:\/\/i0.wp.com\/blogdalucianaoliveira.com.br\/blog\/wp-content\/uploads\/2023\/02\/3B3A9938-8199-493F-BAA9-F89687F7C8E5.jpeg?w=1200 1200w, https:\/\/i0.wp.com\/blogdalucianaoliveira.com.br\/blog\/wp-content\/uploads\/2023\/02\/3B3A9938-8199-493F-BAA9-F89687F7C8E5.jpeg?resize=300%2C200 300w, https:\/\/i0.wp.com\/blogdalucianaoliveira.com.br\/blog\/wp-content\/uploads\/2023\/02\/3B3A9938-8199-493F-BAA9-F89687F7C8E5.jpeg?resize=1024%2C683 1024w, https:\/\/i0.wp.com\/blogdalucianaoliveira.com.br\/blog\/wp-content\/uploads\/2023\/02\/3B3A9938-8199-493F-BAA9-F89687F7C8E5.jpeg?resize=768%2C512 768w, https:\/\/i0.wp.com\/blogdalucianaoliveira.com.br\/blog\/wp-content\/uploads\/2023\/02\/3B3A9938-8199-493F-BAA9-F89687F7C8E5.jpeg?resize=450%2C300 450w\" sizes=\"auto, (max-width: 600px) 100vw, 600px\" \/><\/figure>\n\n\n\n<p>veja o momento:<\/p>\n\n\n\n<p><a href=\"https:\/\/www.instagram.com\/reel\/ConHaCtugNc\/?igshid=YmMyMTA2M2Y=\">https:\/\/www.instagram.com\/reel\/ConHaCtugNc\/?igshid=YmMyMTA2M2Y=<\/a><\/p>\n","protected":false},"excerpt":{"rendered":"<p>Por: Altair Santos (Tat\u00e1) &#8211; C\u00e1 embaixo, em terra ch\u00e3, sob o asfalto como lin\u00f3leo da apimentada \u00f3pera carnavalis, minutos antes do colorid\u00edssimo e efervescente Bloco Pirarucu do Madeira, feito um deslizante arco-\u00edris deitado ganharas ruas cantando suas tr\u00eas d\u00e9cadas de exist\u00eancia e, sob esse mote, transpor as esquinas exalando e a borrifar invadindo as&#8230;<a class=\"more-link\" href=\"http:\/\/blogdalucianaoliveira.com.br\/blog\/2023\/02\/15\/o-voo-da-vespa-fera-um-rasante-sobre-o-apoteotico-desfile-do-blocopirarucu-do-madeira\/\">Continue a leitura <span class=\"meta-nav\">&raquo;<\/span><\/a><\/p>\n","protected":false},"author":1,"featured_media":0,"comment_status":"closed","ping_status":"open","sticky":false,"template":"","format":"standard","meta":{"_exactmetrics_skip_tracking":false,"_exactmetrics_sitenote_active":false,"_exactmetrics_sitenote_note":"","_exactmetrics_sitenote_category":0,"jetpack_post_was_ever_published":false,"_jetpack_newsletter_access":"","_jetpack_dont_email_post_to_subs":false,"_jetpack_newsletter_tier_id":0,"_jetpack_memberships_contains_paywalled_content":false,"_jetpack_memberships_contains_paid_content":false,"footnotes":"","jetpack_publicize_message":"","jetpack_publicize_feature_enabled":true,"jetpack_social_post_already_shared":true,"jetpack_social_options":{"image_generator_settings":{"template":"highway","enabled":false},"version":2}},"categories":[1],"tags":[821,248],"class_list":["post-34406","post","type-post","status-publish","format-standard","hentry","category-notas","tag-bloco-pirarucu-do-madeira","tag-carnaval"],"jetpack_publicize_connections":[],"jetpack_sharing_enabled":true,"jetpack_featured_media_url":"","jetpack_shortlink":"https:\/\/wp.me\/p7wKYW-8WW","jetpack-related-posts":[],"_links":{"self":[{"href":"http:\/\/blogdalucianaoliveira.com.br\/blog\/wp-json\/wp\/v2\/posts\/34406","targetHints":{"allow":["GET"]}}],"collection":[{"href":"http:\/\/blogdalucianaoliveira.com.br\/blog\/wp-json\/wp\/v2\/posts"}],"about":[{"href":"http:\/\/blogdalucianaoliveira.com.br\/blog\/wp-json\/wp\/v2\/types\/post"}],"author":[{"embeddable":true,"href":"http:\/\/blogdalucianaoliveira.com.br\/blog\/wp-json\/wp\/v2\/users\/1"}],"replies":[{"embeddable":true,"href":"http:\/\/blogdalucianaoliveira.com.br\/blog\/wp-json\/wp\/v2\/comments?post=34406"}],"version-history":[{"count":3,"href":"http:\/\/blogdalucianaoliveira.com.br\/blog\/wp-json\/wp\/v2\/posts\/34406\/revisions"}],"predecessor-version":[{"id":34413,"href":"http:\/\/blogdalucianaoliveira.com.br\/blog\/wp-json\/wp\/v2\/posts\/34406\/revisions\/34413"}],"wp:attachment":[{"href":"http:\/\/blogdalucianaoliveira.com.br\/blog\/wp-json\/wp\/v2\/media?parent=34406"}],"wp:term":[{"taxonomy":"category","embeddable":true,"href":"http:\/\/blogdalucianaoliveira.com.br\/blog\/wp-json\/wp\/v2\/categories?post=34406"},{"taxonomy":"post_tag","embeddable":true,"href":"http:\/\/blogdalucianaoliveira.com.br\/blog\/wp-json\/wp\/v2\/tags?post=34406"}],"curies":[{"name":"wp","href":"https:\/\/api.w.org\/{rel}","templated":true}]}}