{"id":34414,"date":"2023-02-17T17:24:51","date_gmt":"2023-02-17T21:24:51","guid":{"rendered":"http:\/\/blogdalucianaoliveira.com.br\/blog\/?p=34414"},"modified":"2023-03-09T17:57:25","modified_gmt":"2023-03-09T21:57:25","slug":"bloco-pirarucu-do-madeira-agradece-folioes-e-parceiros","status":"publish","type":"post","link":"http:\/\/blogdalucianaoliveira.com.br\/blog\/2023\/02\/17\/bloco-pirarucu-do-madeira-agradece-folioes-e-parceiros\/","title":{"rendered":"Bloco Pirarucu do Madeira agradece foli\u00f5es e parceiros"},"content":{"rendered":"\n<figure class=\"wp-block-image size-large\"><img loading=\"lazy\" decoding=\"async\" width=\"1170\" height=\"621\" data-attachment-id=\"34415\" data-permalink=\"http:\/\/blogdalucianaoliveira.com.br\/blog\/2023\/02\/17\/bloco-pirarucu-do-madeira-agradece-folioes-e-parceiros\/0870fade-75d7-48e7-b5d9-9730f61e8347\/\" data-orig-file=\"https:\/\/i0.wp.com\/blogdalucianaoliveira.com.br\/blog\/wp-content\/uploads\/2023\/02\/0870FADE-75D7-48E7-B5D9-9730F61E8347.jpeg?fit=1170%2C621\" data-orig-size=\"1170,621\" data-comments-opened=\"0\" data-image-meta=\"{&quot;aperture&quot;:&quot;0&quot;,&quot;credit&quot;:&quot;&quot;,&quot;camera&quot;:&quot;&quot;,&quot;caption&quot;:&quot;&quot;,&quot;created_timestamp&quot;:&quot;0&quot;,&quot;copyright&quot;:&quot;&quot;,&quot;focal_length&quot;:&quot;0&quot;,&quot;iso&quot;:&quot;0&quot;,&quot;shutter_speed&quot;:&quot;0&quot;,&quot;title&quot;:&quot;&quot;,&quot;orientation&quot;:&quot;1&quot;}\" data-image-title=\"0870FADE-75D7-48E7-B5D9-9730F61E8347\" data-image-description=\"\" data-image-caption=\"\" data-medium-file=\"https:\/\/i0.wp.com\/blogdalucianaoliveira.com.br\/blog\/wp-content\/uploads\/2023\/02\/0870FADE-75D7-48E7-B5D9-9730F61E8347.jpeg?fit=300%2C159\" data-large-file=\"https:\/\/i0.wp.com\/blogdalucianaoliveira.com.br\/blog\/wp-content\/uploads\/2023\/02\/0870FADE-75D7-48E7-B5D9-9730F61E8347.jpeg?fit=600%2C319\" src=\"https:\/\/i2.wp.com\/blogdalucianaoliveira.com.br\/blog\/wp-content\/uploads\/2023\/02\/0870FADE-75D7-48E7-B5D9-9730F61E8347.jpeg?fit=600%2C319\" alt=\"\" class=\"wp-image-34415\" srcset=\"https:\/\/i0.wp.com\/blogdalucianaoliveira.com.br\/blog\/wp-content\/uploads\/2023\/02\/0870FADE-75D7-48E7-B5D9-9730F61E8347.jpeg?w=1170 1170w, https:\/\/i0.wp.com\/blogdalucianaoliveira.com.br\/blog\/wp-content\/uploads\/2023\/02\/0870FADE-75D7-48E7-B5D9-9730F61E8347.jpeg?resize=300%2C159 300w, https:\/\/i0.wp.com\/blogdalucianaoliveira.com.br\/blog\/wp-content\/uploads\/2023\/02\/0870FADE-75D7-48E7-B5D9-9730F61E8347.jpeg?resize=1024%2C544 1024w, https:\/\/i0.wp.com\/blogdalucianaoliveira.com.br\/blog\/wp-content\/uploads\/2023\/02\/0870FADE-75D7-48E7-B5D9-9730F61E8347.jpeg?resize=768%2C408 768w, https:\/\/i0.wp.com\/blogdalucianaoliveira.com.br\/blog\/wp-content\/uploads\/2023\/02\/0870FADE-75D7-48E7-B5D9-9730F61E8347.jpeg?resize=565%2C300 565w\" sizes=\"auto, (max-width: 600px) 100vw, 600px\" \/><\/figure>\n\n\n\n<p><\/p>\n\n\n\n<p>\u201cNosso sentimento \u00e9 de profunda gratid\u00e3o por todas, todos e todes que fizeram espetacular a folia do Pirarucu do Madeira. S\u00f3 quem foi, sabe a energia que rolou no desfile do bloco mais democr\u00e1tico da cidade. Sem cordas e abad\u00e1s, criamos magia nas ruas da cidade\u201d, diz Ernande Segismundo, presidente do bloco.&nbsp;<\/p>\n\n\n\n<!--more-->\n\n\n\n<p>Foram quatro horas de desfile ap\u00f3s apresenta\u00e7\u00f5es do Dj Calcinha e Patr\u00edcia Morais.<\/p>\n\n\n\n<p>A Corte do Rei Momo esteve presente quando foram entregues ao presidente do bloco as placas de Patrim\u00f4nio Cultural Imaterial de Porto Velho&nbsp;&nbsp;e de Baluearte da Cultura.<\/p>\n\n\n\n<figure class=\"wp-block-image size-large\"><img loading=\"lazy\" decoding=\"async\" width=\"1200\" height=\"800\" data-attachment-id=\"34417\" data-permalink=\"http:\/\/blogdalucianaoliveira.com.br\/blog\/2023\/02\/17\/bloco-pirarucu-do-madeira-agradece-folioes-e-parceiros\/07801c7a-0630-4013-88be-f21f174ba353\/\" data-orig-file=\"https:\/\/i0.wp.com\/blogdalucianaoliveira.com.br\/blog\/wp-content\/uploads\/2023\/02\/07801C7A-0630-4013-88BE-F21F174BA353.jpeg?fit=1200%2C800\" data-orig-size=\"1200,800\" data-comments-opened=\"0\" data-image-meta=\"{&quot;aperture&quot;:&quot;0&quot;,&quot;credit&quot;:&quot;&quot;,&quot;camera&quot;:&quot;&quot;,&quot;caption&quot;:&quot;&quot;,&quot;created_timestamp&quot;:&quot;0&quot;,&quot;copyright&quot;:&quot;&quot;,&quot;focal_length&quot;:&quot;0&quot;,&quot;iso&quot;:&quot;0&quot;,&quot;shutter_speed&quot;:&quot;0&quot;,&quot;title&quot;:&quot;&quot;,&quot;orientation&quot;:&quot;0&quot;}\" data-image-title=\"07801C7A-0630-4013-88BE-F21F174BA353\" data-image-description=\"\" data-image-caption=\"\" data-medium-file=\"https:\/\/i0.wp.com\/blogdalucianaoliveira.com.br\/blog\/wp-content\/uploads\/2023\/02\/07801C7A-0630-4013-88BE-F21F174BA353.jpeg?fit=300%2C200\" data-large-file=\"https:\/\/i0.wp.com\/blogdalucianaoliveira.com.br\/blog\/wp-content\/uploads\/2023\/02\/07801C7A-0630-4013-88BE-F21F174BA353.jpeg?fit=600%2C400\" src=\"https:\/\/i1.wp.com\/blogdalucianaoliveira.com.br\/blog\/wp-content\/uploads\/2023\/02\/07801C7A-0630-4013-88BE-F21F174BA353.jpeg?fit=600%2C400\" alt=\"\" class=\"wp-image-34417\" srcset=\"https:\/\/i0.wp.com\/blogdalucianaoliveira.com.br\/blog\/wp-content\/uploads\/2023\/02\/07801C7A-0630-4013-88BE-F21F174BA353.jpeg?w=1200 1200w, https:\/\/i0.wp.com\/blogdalucianaoliveira.com.br\/blog\/wp-content\/uploads\/2023\/02\/07801C7A-0630-4013-88BE-F21F174BA353.jpeg?resize=300%2C200 300w, https:\/\/i0.wp.com\/blogdalucianaoliveira.com.br\/blog\/wp-content\/uploads\/2023\/02\/07801C7A-0630-4013-88BE-F21F174BA353.jpeg?resize=1024%2C683 1024w, https:\/\/i0.wp.com\/blogdalucianaoliveira.com.br\/blog\/wp-content\/uploads\/2023\/02\/07801C7A-0630-4013-88BE-F21F174BA353.jpeg?resize=768%2C512 768w, https:\/\/i0.wp.com\/blogdalucianaoliveira.com.br\/blog\/wp-content\/uploads\/2023\/02\/07801C7A-0630-4013-88BE-F21F174BA353.jpeg?resize=450%2C300 450w\" sizes=\"auto, (max-width: 600px) 100vw, 600px\" \/><figcaption><br><br><br><\/figcaption><\/figure>\n\n\n\n<figure class=\"wp-block-image size-large\"><img loading=\"lazy\" decoding=\"async\" width=\"1200\" height=\"800\" data-attachment-id=\"34418\" data-permalink=\"http:\/\/blogdalucianaoliveira.com.br\/blog\/2023\/02\/17\/bloco-pirarucu-do-madeira-agradece-folioes-e-parceiros\/a41d34bf-def2-4c9e-b4e7-f649d8954cac\/\" data-orig-file=\"https:\/\/i0.wp.com\/blogdalucianaoliveira.com.br\/blog\/wp-content\/uploads\/2023\/02\/A41D34BF-DEF2-4C9E-B4E7-F649D8954CAC.jpeg?fit=1200%2C800\" data-orig-size=\"1200,800\" data-comments-opened=\"0\" data-image-meta=\"{&quot;aperture&quot;:&quot;0&quot;,&quot;credit&quot;:&quot;&quot;,&quot;camera&quot;:&quot;&quot;,&quot;caption&quot;:&quot;&quot;,&quot;created_timestamp&quot;:&quot;0&quot;,&quot;copyright&quot;:&quot;&quot;,&quot;focal_length&quot;:&quot;0&quot;,&quot;iso&quot;:&quot;0&quot;,&quot;shutter_speed&quot;:&quot;0&quot;,&quot;title&quot;:&quot;&quot;,&quot;orientation&quot;:&quot;0&quot;}\" data-image-title=\"A41D34BF-DEF2-4C9E-B4E7-F649D8954CAC\" data-image-description=\"\" data-image-caption=\"\" data-medium-file=\"https:\/\/i0.wp.com\/blogdalucianaoliveira.com.br\/blog\/wp-content\/uploads\/2023\/02\/A41D34BF-DEF2-4C9E-B4E7-F649D8954CAC.jpeg?fit=300%2C200\" data-large-file=\"https:\/\/i0.wp.com\/blogdalucianaoliveira.com.br\/blog\/wp-content\/uploads\/2023\/02\/A41D34BF-DEF2-4C9E-B4E7-F649D8954CAC.jpeg?fit=600%2C400\" src=\"https:\/\/i0.wp.com\/blogdalucianaoliveira.com.br\/blog\/wp-content\/uploads\/2023\/02\/A41D34BF-DEF2-4C9E-B4E7-F649D8954CAC.jpeg?fit=600%2C400\" alt=\"\" class=\"wp-image-34418\" srcset=\"https:\/\/i0.wp.com\/blogdalucianaoliveira.com.br\/blog\/wp-content\/uploads\/2023\/02\/A41D34BF-DEF2-4C9E-B4E7-F649D8954CAC.jpeg?w=1200 1200w, https:\/\/i0.wp.com\/blogdalucianaoliveira.com.br\/blog\/wp-content\/uploads\/2023\/02\/A41D34BF-DEF2-4C9E-B4E7-F649D8954CAC.jpeg?resize=300%2C200 300w, https:\/\/i0.wp.com\/blogdalucianaoliveira.com.br\/blog\/wp-content\/uploads\/2023\/02\/A41D34BF-DEF2-4C9E-B4E7-F649D8954CAC.jpeg?resize=1024%2C683 1024w, https:\/\/i0.wp.com\/blogdalucianaoliveira.com.br\/blog\/wp-content\/uploads\/2023\/02\/A41D34BF-DEF2-4C9E-B4E7-F649D8954CAC.jpeg?resize=768%2C512 768w, https:\/\/i0.wp.com\/blogdalucianaoliveira.com.br\/blog\/wp-content\/uploads\/2023\/02\/A41D34BF-DEF2-4C9E-B4E7-F649D8954CAC.jpeg?resize=450%2C300 450w\" sizes=\"auto, (max-width: 600px) 100vw, 600px\" \/><\/figure>\n\n\n\n<p><br><\/p>\n\n\n\n<p>Este ano a prefeitura de Porto Velho, atrav\u00e9s da Funcultural, apoiou o desfile com a estrutura de banheiros qu\u00edmicos e carro de som e a Sejucel com o palco da festa.&nbsp;<\/p>\n\n\n\n<p>Da iniciativa privada tamb\u00e9m vieram apoios, como da cervejaria Louvada, do Bar do Calixto e da Escola de Samba Asfalt\u00e3o.<\/p>\n\n\n\n<p>\u201cN\u00e3o podemos deixar de agradecer aos foli\u00f5es que doaram na vakinha on-line o equivalente a 46% das despesas do bloco que n\u00e3o tem finalidade lucrativa. Sem isso seria muito dif\u00edcil honrar todas as taxas exigidas para autorizar o desfile\u201d, considerou Luciana Oliveira, vice-presidente.<\/p>\n\n\n\n<p>A atriz, figurinista e bonequeira Maria Luiza Silva, conhecida no carnaval com a Maria da Chave da folia, foi a homenageada do bloco no carnaval 2023. <\/p>\n\n\n\n<figure class=\"wp-block-image size-large\"><img loading=\"lazy\" decoding=\"async\" width=\"1200\" height=\"800\" data-attachment-id=\"34419\" data-permalink=\"http:\/\/blogdalucianaoliveira.com.br\/blog\/2023\/02\/17\/bloco-pirarucu-do-madeira-agradece-folioes-e-parceiros\/320b1407-fafe-4dde-a874-437572710409\/\" data-orig-file=\"https:\/\/i0.wp.com\/blogdalucianaoliveira.com.br\/blog\/wp-content\/uploads\/2023\/02\/320B1407-FAFE-4DDE-A874-437572710409.jpeg?fit=1200%2C800\" data-orig-size=\"1200,800\" data-comments-opened=\"0\" data-image-meta=\"{&quot;aperture&quot;:&quot;0&quot;,&quot;credit&quot;:&quot;&quot;,&quot;camera&quot;:&quot;&quot;,&quot;caption&quot;:&quot;&quot;,&quot;created_timestamp&quot;:&quot;0&quot;,&quot;copyright&quot;:&quot;&quot;,&quot;focal_length&quot;:&quot;0&quot;,&quot;iso&quot;:&quot;0&quot;,&quot;shutter_speed&quot;:&quot;0&quot;,&quot;title&quot;:&quot;&quot;,&quot;orientation&quot;:&quot;0&quot;}\" data-image-title=\"320B1407-FAFE-4DDE-A874-437572710409\" data-image-description=\"\" data-image-caption=\"\" data-medium-file=\"https:\/\/i0.wp.com\/blogdalucianaoliveira.com.br\/blog\/wp-content\/uploads\/2023\/02\/320B1407-FAFE-4DDE-A874-437572710409.jpeg?fit=300%2C200\" data-large-file=\"https:\/\/i0.wp.com\/blogdalucianaoliveira.com.br\/blog\/wp-content\/uploads\/2023\/02\/320B1407-FAFE-4DDE-A874-437572710409.jpeg?fit=600%2C400\" src=\"https:\/\/i0.wp.com\/blogdalucianaoliveira.com.br\/blog\/wp-content\/uploads\/2023\/02\/320B1407-FAFE-4DDE-A874-437572710409.jpeg?fit=600%2C400\" alt=\"\" class=\"wp-image-34419\" srcset=\"https:\/\/i0.wp.com\/blogdalucianaoliveira.com.br\/blog\/wp-content\/uploads\/2023\/02\/320B1407-FAFE-4DDE-A874-437572710409.jpeg?w=1200 1200w, https:\/\/i0.wp.com\/blogdalucianaoliveira.com.br\/blog\/wp-content\/uploads\/2023\/02\/320B1407-FAFE-4DDE-A874-437572710409.jpeg?resize=300%2C200 300w, https:\/\/i0.wp.com\/blogdalucianaoliveira.com.br\/blog\/wp-content\/uploads\/2023\/02\/320B1407-FAFE-4DDE-A874-437572710409.jpeg?resize=1024%2C683 1024w, https:\/\/i0.wp.com\/blogdalucianaoliveira.com.br\/blog\/wp-content\/uploads\/2023\/02\/320B1407-FAFE-4DDE-A874-437572710409.jpeg?resize=768%2C512 768w, https:\/\/i0.wp.com\/blogdalucianaoliveira.com.br\/blog\/wp-content\/uploads\/2023\/02\/320B1407-FAFE-4DDE-A874-437572710409.jpeg?resize=450%2C300 450w\" sizes=\"auto, (max-width: 600px) 100vw, 600px\" \/><\/figure>\n\n\n\n<p>O bloco ainda tem dois eventos: o Repiquete do Pirarucu no dia 22, a partir da 21 hs no Mercado Cultural e, participa\u00e7\u00e3o no desfile da comunidade da Escola de Samba Asfalt\u00e3o, a partir das 15 hs, no dia 25.<\/p>\n\n\n\n<p>\u201cPorque temos os melhores foli\u00f5es e foli\u00e3s, nosso desfile foi lindo e exalou um perfume de amor e paz. Essa \u00e9 nossa miss\u00e3o, nos distinguir com uma folia popular e democr\u00e1tico que n\u00e3o impe\u00e7a ningu\u00e9m de viver a alegria do carnaval\u201d, concluiu Luciana.&nbsp;&nbsp;<\/p>\n","protected":false},"excerpt":{"rendered":"<p>\u201cNosso sentimento \u00e9 de profunda gratid\u00e3o por todas, todos e todes que fizeram espetacular a folia do Pirarucu do Madeira. S\u00f3 quem foi, sabe a energia que rolou no desfile do bloco mais democr\u00e1tico da cidade. Sem cordas e abad\u00e1s, criamos magia nas ruas da cidade\u201d, diz Ernande Segismundo, presidente do bloco.&nbsp;<\/p>\n","protected":false},"author":1,"featured_media":0,"comment_status":"closed","ping_status":"open","sticky":false,"template":"","format":"standard","meta":{"_exactmetrics_skip_tracking":false,"_exactmetrics_sitenote_active":false,"_exactmetrics_sitenote_note":"","_exactmetrics_sitenote_category":0,"jetpack_post_was_ever_published":false,"_jetpack_newsletter_access":"","_jetpack_dont_email_post_to_subs":false,"_jetpack_newsletter_tier_id":0,"_jetpack_memberships_contains_paywalled_content":false,"_jetpack_memberships_contains_paid_content":false,"footnotes":"","jetpack_publicize_message":"","jetpack_publicize_feature_enabled":true,"jetpack_social_post_already_shared":true,"jetpack_social_options":{"image_generator_settings":{"template":"highway","enabled":false},"version":2}},"categories":[1],"tags":[821,822],"class_list":["post-34414","post","type-post","status-publish","format-standard","hentry","category-notas","tag-bloco-pirarucu-do-madeira","tag-carnaval-2023"],"jetpack_publicize_connections":[],"jetpack_sharing_enabled":true,"jetpack_featured_media_url":"","jetpack_shortlink":"https:\/\/wp.me\/p7wKYW-8X4","jetpack-related-posts":[],"_links":{"self":[{"href":"http:\/\/blogdalucianaoliveira.com.br\/blog\/wp-json\/wp\/v2\/posts\/34414","targetHints":{"allow":["GET"]}}],"collection":[{"href":"http:\/\/blogdalucianaoliveira.com.br\/blog\/wp-json\/wp\/v2\/posts"}],"about":[{"href":"http:\/\/blogdalucianaoliveira.com.br\/blog\/wp-json\/wp\/v2\/types\/post"}],"author":[{"embeddable":true,"href":"http:\/\/blogdalucianaoliveira.com.br\/blog\/wp-json\/wp\/v2\/users\/1"}],"replies":[{"embeddable":true,"href":"http:\/\/blogdalucianaoliveira.com.br\/blog\/wp-json\/wp\/v2\/comments?post=34414"}],"version-history":[{"count":2,"href":"http:\/\/blogdalucianaoliveira.com.br\/blog\/wp-json\/wp\/v2\/posts\/34414\/revisions"}],"predecessor-version":[{"id":34428,"href":"http:\/\/blogdalucianaoliveira.com.br\/blog\/wp-json\/wp\/v2\/posts\/34414\/revisions\/34428"}],"wp:attachment":[{"href":"http:\/\/blogdalucianaoliveira.com.br\/blog\/wp-json\/wp\/v2\/media?parent=34414"}],"wp:term":[{"taxonomy":"category","embeddable":true,"href":"http:\/\/blogdalucianaoliveira.com.br\/blog\/wp-json\/wp\/v2\/categories?post=34414"},{"taxonomy":"post_tag","embeddable":true,"href":"http:\/\/blogdalucianaoliveira.com.br\/blog\/wp-json\/wp\/v2\/tags?post=34414"}],"curies":[{"name":"wp","href":"https:\/\/api.w.org\/{rel}","templated":true}]}}