{"id":34429,"date":"2023-03-09T18:01:53","date_gmt":"2023-03-09T22:01:53","guid":{"rendered":"http:\/\/blogdalucianaoliveira.com.br\/blog\/?p=34429"},"modified":"2023-03-09T18:01:55","modified_gmt":"2023-03-09T22:01:55","slug":"do-mocambo-a-moscou","status":"publish","type":"post","link":"http:\/\/blogdalucianaoliveira.com.br\/blog\/2023\/03\/09\/do-mocambo-a-moscou\/","title":{"rendered":"DO MOCAMBO A MOSCOU"},"content":{"rendered":"\n<figure class=\"wp-block-image size-large\"><img data-recalc-dims=\"1\" loading=\"lazy\" decoding=\"async\" width=\"600\" height=\"355\" data-attachment-id=\"34430\" data-permalink=\"http:\/\/blogdalucianaoliveira.com.br\/blog\/2023\/03\/09\/do-mocambo-a-moscou\/08bc8f6d-c717-490b-9b57-06bd991eec4f\/\" data-orig-file=\"https:\/\/i0.wp.com\/blogdalucianaoliveira.com.br\/blog\/wp-content\/uploads\/2023\/03\/08BC8F6D-C717-490B-9B57-06BD991EEC4F.jpeg?fit=845%2C500\" data-orig-size=\"845,500\" data-comments-opened=\"0\" data-image-meta=\"{&quot;aperture&quot;:&quot;0&quot;,&quot;credit&quot;:&quot;&quot;,&quot;camera&quot;:&quot;&quot;,&quot;caption&quot;:&quot;&quot;,&quot;created_timestamp&quot;:&quot;0&quot;,&quot;copyright&quot;:&quot;&quot;,&quot;focal_length&quot;:&quot;0&quot;,&quot;iso&quot;:&quot;0&quot;,&quot;shutter_speed&quot;:&quot;0&quot;,&quot;title&quot;:&quot;&quot;,&quot;orientation&quot;:&quot;1&quot;}\" data-image-title=\"08BC8F6D-C717-490B-9B57-06BD991EEC4F\" data-image-description=\"\" data-image-caption=\"\" data-medium-file=\"https:\/\/i0.wp.com\/blogdalucianaoliveira.com.br\/blog\/wp-content\/uploads\/2023\/03\/08BC8F6D-C717-490B-9B57-06BD991EEC4F.jpeg?fit=300%2C178\" data-large-file=\"https:\/\/i0.wp.com\/blogdalucianaoliveira.com.br\/blog\/wp-content\/uploads\/2023\/03\/08BC8F6D-C717-490B-9B57-06BD991EEC4F.jpeg?fit=600%2C355\" src=\"https:\/\/i0.wp.com\/blogdalucianaoliveira.com.br\/blog\/wp-content\/uploads\/2023\/03\/08BC8F6D-C717-490B-9B57-06BD991EEC4F.jpeg?resize=600%2C355\" alt=\"\" class=\"wp-image-34430\" srcset=\"https:\/\/i0.wp.com\/blogdalucianaoliveira.com.br\/blog\/wp-content\/uploads\/2023\/03\/08BC8F6D-C717-490B-9B57-06BD991EEC4F.jpeg?w=845 845w, https:\/\/i0.wp.com\/blogdalucianaoliveira.com.br\/blog\/wp-content\/uploads\/2023\/03\/08BC8F6D-C717-490B-9B57-06BD991EEC4F.jpeg?resize=300%2C178 300w, https:\/\/i0.wp.com\/blogdalucianaoliveira.com.br\/blog\/wp-content\/uploads\/2023\/03\/08BC8F6D-C717-490B-9B57-06BD991EEC4F.jpeg?resize=768%2C454 768w, https:\/\/i0.wp.com\/blogdalucianaoliveira.com.br\/blog\/wp-content\/uploads\/2023\/03\/08BC8F6D-C717-490B-9B57-06BD991EEC4F.jpeg?resize=507%2C300 507w\" sizes=\"auto, (max-width: 600px) 100vw, 600px\" \/><\/figure>\n\n\n\n<p><strong>Por Ant\u00f4nio Serpa do Amaral  Filho<\/strong> &#8211; Do Mocambo a Moscou, ficaram as pegadas indel\u00e9veis de uma maratona epopeica, no meio da qual o escritor vivenciou p\u00e1ginas existenciais cinematogr\u00e1ficas, como o fato de um jovem karipuna, nascido em Fortaleza de Abun\u00e3, em plena Guerra Fria, visitar o Mausol\u00e9u de L\u00eanin, onde estava exposto o corpo do l\u00edder fundador da Uni\u00e3o das Rep\u00fablicas Socialistas Sovi\u00e9ticas \u2013 Wladimir L\u00eanin. <br><\/p>\n\n\n\n<!--more-->\n\n\n\n<p>Era um tempo em que, no cord\u00e3o dos sonhos e da esperan\u00e7a daquela gera\u00e7\u00e3o de militantes de esquerda, a Utopia posava de deslumbrada porta-estandarte, cheia de galhardia e alvissareiros horizontes hist\u00f3ricos! Todos eram confessos de uma s\u00f3 cren\u00e7a: a constru\u00e7\u00e3o da sociedade comunista ideal estava logo ali na esquina do tempo!\u00a0\u00a0<\/p>\n\n\n\n<p>O jornalista Zola Xavier da Silveira, nascido em 21 de abril de 1954, filho de Maria dos Anjos Gomes da Silveira e Dion\u00edsio Xavier da Silveira, no bojo do caldeir\u00e3o dos fatos da vida, viu, acompanhou e em muitos casos viveu os cap\u00edtulos dos eventos que fizeram a hist\u00f3ria da realidade humana contempor\u00e2nea: o desmanche da Uni\u00e3o Sovi\u00e9tica, a Queda do Muro do Berlim, a consagra\u00e7\u00e3o da Revolu\u00e7\u00e3o Cubana, a Ditadura Militar de 64, o Estado Novo de Trancredo Neves e a Redemocratiza\u00e7\u00e3o do Brasil at\u00e9 os dias que correm, tenebrosos dias de Pandemia e bolsonarismo fascista amea\u00e7ando todo dia a nossa Democracia! Pesquisador da hist\u00f3ria antiga dos velhos territ\u00f3rios federais do Guapor\u00e9 e de Rond\u00f4nia, o escritor promete nos contar boas est\u00f3rias nesta obra! Vamos degust\u00e1-las!\u00a0\u00a0\u00a0\u00a0\u00a0<br><\/p>\n\n\n\n<p>O nosso ca\u00e7ador de alfarr\u00e1bios, ap\u00f3s concluir o ginasial no Col\u00e9gio Dom Bosco de Porto Velho, em 71 foi morar&nbsp;no Rio de Janeiro, onde trabalhou no Banco do Estado do Rio de Janeiro e na constru\u00e7\u00e3o da ponte Rio-Niter\u00f3i, em 1974, e no Sindicato Nacional dos Aeronautas. Foi diretor de comunica\u00e7\u00e3o do Sindicato dos Banc\u00e1rios do Rio, eleito em 1979. Participou intensamente dos movimentos pela Anistia&nbsp; e pelas Diretas. Em 1981 participou das comemora\u00e7\u00f5es do 1\u00ba de Maio na Pra\u00e7a Vermelha, em Moscou, em uma delega\u00e7\u00e3o da Unidade Sindical representando o sindicalismo brasileiro. Secret\u00e1rio de comunica\u00e7\u00e3o da prefeitura de Maric\u00e1, durante o primeiro governo de Washington Quaqu\u00e1 eleito em outubro de 2008. Em setembro de 2019, no Teatro Guapor\u00e9 em Porto Velho, lan\u00e7ou o document\u00e1rio Ca\u00e7ambada Cutuba \u2013 A hist\u00f3ria que Rond\u00f4nia n\u00e3o escreveu.&nbsp;&nbsp;<\/p>\n\n\n\n<p>Agora, oferece ao p\u00fablico leitor a obra Uma Frente Popular no Oeste do Brasil, em treze textos escritos artesanalmente com o objetivo de montar o mosaico pol\u00edtico, social e cultural constru\u00eddo com a participa\u00e7\u00e3o de v\u00e1rios personagens daquela p\u00e1gina hist\u00f3rica, tendo \u00e0 frente, e j\u00e1 na abertura da obra, o m\u00e9dico e l\u00edder pol\u00edtico Renato Borralho de Medeiros, que comandou a Frente Popular que derrotou o coronel \u00canio Pinheiro, candidato de Alu\u00edzio Ferreira no \u00faltimo embate eleitoral entre Cutubas e Peles-curtas, nos idos de antanho do Territ\u00f3rio Federal do Guapor\u00e9 \u2013 depois Rond\u00f4nia.&nbsp;<\/p>\n\n\n\n<p>O livro de Zola Xavier ser\u00e1 lan\u00e7ado dia 24 de mar\u00e7o, na Casa da Cultura, centro da capital, a partir da 19h00, onde ocorrer\u00e1 tamb\u00e9m uma exposi\u00e7\u00e3o de banner com reprodu\u00e7\u00e3o de mat\u00e9rias jornal\u00edsticas produzidas pelos jornais Alto Madeira e Guapor\u00e9, fontes hist\u00f3ricas que serviram de suporte para os textos jornal\u00edsticos do autor sobre os temas abordados na sua obra, pela editora Aqu\u00e1rius\/MG.&nbsp;<\/p>\n","protected":false},"excerpt":{"rendered":"<p>Por Ant\u00f4nio Serpa do Amaral Filho &#8211; Do Mocambo a Moscou, ficaram as pegadas indel\u00e9veis de uma maratona epopeica, no meio da qual o escritor vivenciou p\u00e1ginas existenciais cinematogr\u00e1ficas, como o fato de um jovem karipuna, nascido em Fortaleza de Abun\u00e3, em plena Guerra Fria, visitar o Mausol\u00e9u de L\u00eanin, onde estava exposto o corpo&#8230;<a class=\"more-link\" href=\"http:\/\/blogdalucianaoliveira.com.br\/blog\/2023\/03\/09\/do-mocambo-a-moscou\/\">Continue a leitura <span class=\"meta-nav\">&raquo;<\/span><\/a><\/p>\n","protected":false},"author":1,"featured_media":0,"comment_status":"closed","ping_status":"open","sticky":false,"template":"","format":"standard","meta":{"_exactmetrics_skip_tracking":false,"_exactmetrics_sitenote_active":false,"_exactmetrics_sitenote_note":"","_exactmetrics_sitenote_category":0,"jetpack_post_was_ever_published":false,"_jetpack_newsletter_access":"","_jetpack_dont_email_post_to_subs":false,"_jetpack_newsletter_tier_id":0,"_jetpack_memberships_contains_paywalled_content":false,"_jetpack_memberships_contains_paid_content":false,"footnotes":"","jetpack_publicize_message":"","jetpack_publicize_feature_enabled":true,"jetpack_social_post_already_shared":true,"jetpack_social_options":{"image_generator_settings":{"template":"highway","enabled":false},"version":2}},"categories":[1],"tags":[105,472],"class_list":["post-34429","post","type-post","status-publish","format-standard","hentry","category-notas","tag-livro","tag-zola-xavier"],"jetpack_publicize_connections":[],"jetpack_sharing_enabled":true,"jetpack_featured_media_url":"","jetpack_shortlink":"https:\/\/wp.me\/p7wKYW-8Xj","jetpack-related-posts":[],"_links":{"self":[{"href":"http:\/\/blogdalucianaoliveira.com.br\/blog\/wp-json\/wp\/v2\/posts\/34429","targetHints":{"allow":["GET"]}}],"collection":[{"href":"http:\/\/blogdalucianaoliveira.com.br\/blog\/wp-json\/wp\/v2\/posts"}],"about":[{"href":"http:\/\/blogdalucianaoliveira.com.br\/blog\/wp-json\/wp\/v2\/types\/post"}],"author":[{"embeddable":true,"href":"http:\/\/blogdalucianaoliveira.com.br\/blog\/wp-json\/wp\/v2\/users\/1"}],"replies":[{"embeddable":true,"href":"http:\/\/blogdalucianaoliveira.com.br\/blog\/wp-json\/wp\/v2\/comments?post=34429"}],"version-history":[{"count":1,"href":"http:\/\/blogdalucianaoliveira.com.br\/blog\/wp-json\/wp\/v2\/posts\/34429\/revisions"}],"predecessor-version":[{"id":34431,"href":"http:\/\/blogdalucianaoliveira.com.br\/blog\/wp-json\/wp\/v2\/posts\/34429\/revisions\/34431"}],"wp:attachment":[{"href":"http:\/\/blogdalucianaoliveira.com.br\/blog\/wp-json\/wp\/v2\/media?parent=34429"}],"wp:term":[{"taxonomy":"category","embeddable":true,"href":"http:\/\/blogdalucianaoliveira.com.br\/blog\/wp-json\/wp\/v2\/categories?post=34429"},{"taxonomy":"post_tag","embeddable":true,"href":"http:\/\/blogdalucianaoliveira.com.br\/blog\/wp-json\/wp\/v2\/tags?post=34429"}],"curies":[{"name":"wp","href":"https:\/\/api.w.org\/{rel}","templated":true}]}}