{"id":34432,"date":"2023-03-11T17:09:39","date_gmt":"2023-03-11T21:09:39","guid":{"rendered":"http:\/\/blogdalucianaoliveira.com.br\/blog\/?p=34432"},"modified":"2023-03-11T17:09:41","modified_gmt":"2023-03-11T21:09:41","slug":"medo-e-loucura","status":"publish","type":"post","link":"http:\/\/blogdalucianaoliveira.com.br\/blog\/2023\/03\/11\/medo-e-loucura\/","title":{"rendered":"Medo e loucura"},"content":{"rendered":"\n<figure class=\"wp-block-image size-large\"><img data-recalc-dims=\"1\" loading=\"lazy\" decoding=\"async\" width=\"600\" height=\"409\" data-attachment-id=\"34433\" data-permalink=\"http:\/\/blogdalucianaoliveira.com.br\/blog\/2023\/03\/11\/medo-e-loucura\/eecff23a-b09b-4b8a-bd8a-94fde3dc5050\/\" data-orig-file=\"https:\/\/i0.wp.com\/blogdalucianaoliveira.com.br\/blog\/wp-content\/uploads\/2023\/03\/EECFF23A-B09B-4B8A-BD8A-94FDE3DC5050.jpeg?fit=628%2C428\" data-orig-size=\"628,428\" data-comments-opened=\"0\" data-image-meta=\"{&quot;aperture&quot;:&quot;0&quot;,&quot;credit&quot;:&quot;&quot;,&quot;camera&quot;:&quot;&quot;,&quot;caption&quot;:&quot;&quot;,&quot;created_timestamp&quot;:&quot;0&quot;,&quot;copyright&quot;:&quot;&quot;,&quot;focal_length&quot;:&quot;0&quot;,&quot;iso&quot;:&quot;0&quot;,&quot;shutter_speed&quot;:&quot;0&quot;,&quot;title&quot;:&quot;&quot;,&quot;orientation&quot;:&quot;1&quot;}\" data-image-title=\"EECFF23A-B09B-4B8A-BD8A-94FDE3DC5050\" data-image-description=\"\" data-image-caption=\"\" data-medium-file=\"https:\/\/i0.wp.com\/blogdalucianaoliveira.com.br\/blog\/wp-content\/uploads\/2023\/03\/EECFF23A-B09B-4B8A-BD8A-94FDE3DC5050.jpeg?fit=300%2C204\" data-large-file=\"https:\/\/i0.wp.com\/blogdalucianaoliveira.com.br\/blog\/wp-content\/uploads\/2023\/03\/EECFF23A-B09B-4B8A-BD8A-94FDE3DC5050.jpeg?fit=600%2C409\" src=\"https:\/\/i0.wp.com\/blogdalucianaoliveira.com.br\/blog\/wp-content\/uploads\/2023\/03\/EECFF23A-B09B-4B8A-BD8A-94FDE3DC5050.jpeg?resize=600%2C409\" alt=\"\" class=\"wp-image-34433\" srcset=\"https:\/\/i0.wp.com\/blogdalucianaoliveira.com.br\/blog\/wp-content\/uploads\/2023\/03\/EECFF23A-B09B-4B8A-BD8A-94FDE3DC5050.jpeg?w=628 628w, https:\/\/i0.wp.com\/blogdalucianaoliveira.com.br\/blog\/wp-content\/uploads\/2023\/03\/EECFF23A-B09B-4B8A-BD8A-94FDE3DC5050.jpeg?resize=300%2C204 300w, https:\/\/i0.wp.com\/blogdalucianaoliveira.com.br\/blog\/wp-content\/uploads\/2023\/03\/EECFF23A-B09B-4B8A-BD8A-94FDE3DC5050.jpeg?resize=440%2C300 440w\" sizes=\"auto, (max-width: 600px) 100vw, 600px\" \/><\/figure>\n\n\n\n<p>Por Lou-Ann Kleppa &#8211; O professor n\u00e3o usa o corpo para intimidar as pessoas: ele usa a hist\u00f3ria, seu tempo de casa, o fato de ter sido professor desses jovens professores. O bast\u00e3o que ele herdou dos seus mestres \u00e9 o que ele escolhe passar adiante para os seus alunos. N\u00e3o importa que a ci\u00eancia tenha evolu\u00eddo ao longo dos anos, que as pr\u00e1ticas tenham mudado: a cartilha que ele aprendeu \u00e9 a mesma que ele passa adiante. Em sala de aula, o professor que j\u00e1 tem idade\u00a0pra\u00a0se aposentar fala de homossexualismo &#8211; com esse sufixo (-ismo) que indica patologia.\u00a0<\/p>\n\n\n\n<!--more-->\n\n\n\n<p>Um dos alunos (desse professor) que aprendeu a usar o corpo para se impor, desmaiou depois de uma aula virulenta. O aluno se pergunta como \u00e9 poss\u00edvel haver coniv\u00eancia com esse discurso. Por que professores e alunos t\u00eam medo desse professor autorit\u00e1rio? O aluno busca respostas no andar de cima, vai para a Reitoria e colide com o corpo do seguran\u00e7a que quer barr\u00e1-lo.&nbsp;<\/p>\n\n\n\n<p>O aluno \u00e9 pintado como agressivo, descontrolado, com transtornos psiqui\u00e1tricos. Na nota que a Reitoria publica sobre o incidente na p\u00e1gina da institui\u00e7\u00e3o, o surto \u00e9 situado numa linha temporal que inicia em 2018. Esses cinco anos de aten\u00e7\u00e3o psicossocial que ele vem recebendo pretendem explicar por que o rapaz quebrou portas trancadas: ele \u00e9 louco e n\u00e3o \u00e9 de ontem.<\/p>\n\n\n\n<p>Dois dias depois, o aluno \u00e9 abordado por policiais militares na universidade. O aluno &#8211; que est\u00e1 em situa\u00e7\u00e3o de rua e anos atr\u00e1s ocupou a universidade como forma de protestar contra a aus\u00eancia de moradia universit\u00e1ria &#8211; recebeu a chave da sala do Centro Acad\u00eamico na universidade. Ele mora na universidade federal que n\u00e3o oferece nem moradia nem restaurante universit\u00e1rio para os alunos. E a pol\u00edcia militar, que n\u00e3o tem jurisdi\u00e7\u00e3o na universidade federal, foi l\u00e1 de noite, no dia Internacional da Mulher, prender o rapaz.&nbsp;<\/p>\n\n\n\n<p>Todos foram mobilizados: prefeitura do campus, reitoria, pr\u00f3-reitores, professores de outros cursos, alunos. O campus, localizado a 10km da borda da cidade, ferveu. Estavam representados o medo da juventude transgressora, o medo de ter que avaliar a pr\u00f3pria conduta em rela\u00e7\u00e3o ao outro (espelho invertido), o medo da arbitrariedade, o medo de ser amarrado e drogado na ala psiqui\u00e1trica de novo. Quem n\u00e3o teve medo foi l\u00e1, negociar com os policiais, impedir que o aluno fosse levado.&nbsp;<\/p>\n\n\n\n<p>Eu fiquei esperando outra &#8220;Nota \u00e0 Comunidade Universit\u00e1ria e \u00e0 Sociedade&#8221; sobre a quase pris\u00e3o do aluno, mas ela n\u00e3o saiu. A administra\u00e7\u00e3o superior teria orgulho de mandar prender um aluno que, com a toalha no ombro,&nbsp;shampoo&nbsp;e sabonete na m\u00e3o, estava a caminho do banho dentro do campus? O que eu recebi foi a nota de rep\u00fadio redigida pelo&nbsp;<a href=\"https:\/\/www.instagram.com\/p\/CplDSHnpDKy\/\">Centro Acad\u00eamico<\/a>:<\/p>\n\n\n\n<p>\u201cNossa indigna\u00e7\u00e3o com a atual gest\u00e3o se baseia no fato de que quando um dos nossos precisa de apoio, de aten\u00e7\u00e3o psicossocial e ou de assist\u00eancia estudantil, o que recebemos como resposta \u00e9 a perpetua\u00e7\u00e3o de estigmas preconceituosos que existem em torno de pessoas que possuem transtornos mentais, nesse caso especialmente em rela\u00e7\u00e3o a um aluno que vive essa realidade e que, ao inv\u00e9s de receber o acolhimento e o acompanhamento que deveria, \u00e9 hostilizado.\u201d<\/p>\n\n\n\n<p>Esse aluno conta com uma rede de apoio (crescente) que o acolhe ao inv\u00e9s de lhe oferecer o tratamento manicomial. Acolhe porque entende que as for\u00e7as s\u00e3o desiguais e que a universidade est\u00e1 mesmo muito mal das pernas em v\u00e1rios sentidos. Acolhe porque entende que o aluno tachado de louco enfrenta os nossos medos \u00e0 sua maneira.<\/p>\n\n\n\n<p>Autoria: Lou-Ann Kleppa, professora do Departamento de Letras Vern\u00e1culas da UNIR.<\/p>\n","protected":false},"excerpt":{"rendered":"<p>Por Lou-Ann Kleppa &#8211; O professor n\u00e3o usa o corpo para intimidar as pessoas: ele usa a hist\u00f3ria, seu tempo de casa, o fato de ter sido professor desses jovens professores. O bast\u00e3o que ele herdou dos seus mestres \u00e9 o que ele escolhe passar adiante para os seus alunos. N\u00e3o importa que a ci\u00eancia&#8230;<a class=\"more-link\" href=\"http:\/\/blogdalucianaoliveira.com.br\/blog\/2023\/03\/11\/medo-e-loucura\/\">Continue a leitura <span class=\"meta-nav\">&raquo;<\/span><\/a><\/p>\n","protected":false},"author":1,"featured_media":0,"comment_status":"closed","ping_status":"open","sticky":false,"template":"","format":"standard","meta":{"_exactmetrics_skip_tracking":false,"_exactmetrics_sitenote_active":false,"_exactmetrics_sitenote_note":"","_exactmetrics_sitenote_category":0,"jetpack_post_was_ever_published":false,"_jetpack_newsletter_access":"","_jetpack_dont_email_post_to_subs":false,"_jetpack_newsletter_tier_id":0,"_jetpack_memberships_contains_paywalled_content":false,"_jetpack_memberships_contains_paid_content":false,"footnotes":"","jetpack_publicize_message":"","jetpack_publicize_feature_enabled":true,"jetpack_social_post_already_shared":true,"jetpack_social_options":{"image_generator_settings":{"template":"highway","enabled":false},"version":2}},"categories":[1],"tags":[244],"class_list":["post-34432","post","type-post","status-publish","format-standard","hentry","category-notas","tag-unir"],"jetpack_publicize_connections":[],"jetpack_sharing_enabled":true,"jetpack_featured_media_url":"","jetpack_shortlink":"https:\/\/wp.me\/p7wKYW-8Xm","jetpack-related-posts":[],"_links":{"self":[{"href":"http:\/\/blogdalucianaoliveira.com.br\/blog\/wp-json\/wp\/v2\/posts\/34432","targetHints":{"allow":["GET"]}}],"collection":[{"href":"http:\/\/blogdalucianaoliveira.com.br\/blog\/wp-json\/wp\/v2\/posts"}],"about":[{"href":"http:\/\/blogdalucianaoliveira.com.br\/blog\/wp-json\/wp\/v2\/types\/post"}],"author":[{"embeddable":true,"href":"http:\/\/blogdalucianaoliveira.com.br\/blog\/wp-json\/wp\/v2\/users\/1"}],"replies":[{"embeddable":true,"href":"http:\/\/blogdalucianaoliveira.com.br\/blog\/wp-json\/wp\/v2\/comments?post=34432"}],"version-history":[{"count":1,"href":"http:\/\/blogdalucianaoliveira.com.br\/blog\/wp-json\/wp\/v2\/posts\/34432\/revisions"}],"predecessor-version":[{"id":34434,"href":"http:\/\/blogdalucianaoliveira.com.br\/blog\/wp-json\/wp\/v2\/posts\/34432\/revisions\/34434"}],"wp:attachment":[{"href":"http:\/\/blogdalucianaoliveira.com.br\/blog\/wp-json\/wp\/v2\/media?parent=34432"}],"wp:term":[{"taxonomy":"category","embeddable":true,"href":"http:\/\/blogdalucianaoliveira.com.br\/blog\/wp-json\/wp\/v2\/categories?post=34432"},{"taxonomy":"post_tag","embeddable":true,"href":"http:\/\/blogdalucianaoliveira.com.br\/blog\/wp-json\/wp\/v2\/tags?post=34432"}],"curies":[{"name":"wp","href":"https:\/\/api.w.org\/{rel}","templated":true}]}}